{"id":20471,"date":"2025-09-03T18:08:38","date_gmt":"2025-09-03T18:08:38","guid":{"rendered":"https:\/\/serbischeszentrum.at\/%d1%9f%d0%b5%d0%b7-%d0%b2%d0%b5%d1%87%d0%b5-%d0%b7%d0%b0-%d0%ba%d0%b0%d1%82%d0%b0%d1%80%d0%b8%d0%bd%d0%b8%d0%bd-%d0%bd%d0%be%d0%b2%d0%b8-%d0%b0%d0%bb%d0%b1%d1%83%d0%bc\/"},"modified":"2025-11-26T11:27:24","modified_gmt":"2025-11-26T11:27:24","slug":"%d1%9f%d0%b5%d0%b7-%d0%b2%d0%b5%d1%87%d0%b5-%d0%b7%d0%b0-%d0%ba%d0%b0%d1%82%d0%b0%d1%80%d0%b8%d0%bd%d0%b8%d0%bd-%d0%bd%d0%be%d0%b2%d0%b8-%d0%b0%d0%bb%d0%b1%d1%83%d0%bc","status":"publish","type":"post","link":"https:\/\/serbischeszentrum.at\/sr-cyrl\/%d1%9f%d0%b5%d0%b7-%d0%b2%d0%b5%d1%87%d0%b5-%d0%b7%d0%b0-%d0%ba%d0%b0%d1%82%d0%b0%d1%80%d0%b8%d0%bd%d0%b8%d0%bd-%d0%bd%d0%be%d0%b2%d0%b8-%d0%b0%d0%bb%d0%b1%d1%83%d0%bc\/","title":{"rendered":"\u040f\u0415\u0417 \u0412\u0415\u0427\u0415 \u2013 \u0437\u0430 \u041a\u0430\u0442\u0430\u0440\u0438\u043d\u0438\u043d \u043d\u043e\u0432\u0438 \u0430\u043b\u0431\u0443\u043c"},"content":{"rendered":"\n<p>\u041f\u043e\u0437\u0438\u0432\u0430\u043c\u043e \u0432\u0430\u0441 \u043d\u0430 \u0432\u0435\u0447\u0435 \u0432\u0440\u0445\u0443\u043d\u0441\u043a\u043e\u0433 \u045f\u0435\u0437\u0430 \u0443 \u0441\u0440\u0446\u0443 \u0411\u0435\u0447\u0430, \u0441\u0430 \u0446\u0438\u0459\u0435\u043c \u043f\u0440\u0438\u043a\u0443\u043f\u0459\u0430\u045a\u0430 \u0441\u0440\u0435\u0434\u0441\u0442\u0430\u0432\u0430 \u0437\u0430 \u0438\u0437\u0434\u0430\u0432\u0430\u045a\u0435 \u041a\u0430\u0442\u0430\u0440\u0438\u043d\u0438\u043d\u043e\u0433 \u043d\u043e\u0432\u043e\u0433 \u0430\u043b\u0431\u0443\u043c\u0430, \u0448\u0442\u043e \u0458\u0435 \u0443\u0458\u0435\u0434\u043d\u043e \u0438 \u043c\u0438\u0441\u0438\u0458\u0430 \u043d\u0430\u0448\u0435 \u043e\u0440\u0433\u0430\u043d\u0438\u0437\u0430\u0446\u0438\u0458\u0435 \u2013 \u0434\u0430 \u043f\u043e\u0434\u0440\u0436\u0430\u0432\u0430 \u0438 \u043f\u0440\u043e\u043c\u043e\u0432\u0438\u0448\u0435 \u043c\u043b\u0430\u0434\u0435 \u0443\u043c\u0435\u0442\u043d\u0438\u043a\u0435 \u0438 \u045a\u0438\u0445\u043e\u0432\u0443 \u0443\u043c\u0435\u0442\u043d\u043e\u0441\u0442.&#13;\n&#13;\n<\/p>\n\n<p>\u0423 \u0447\u0435\u0442\u0432\u0440\u0442\u0430\u043a, 25.09., \u0441\u0430 \u043f\u043e\u0447\u0435\u0442\u043a\u043e\u043c \u0443 20:00 \u0447\u0430\u0441\u043e\u0432\u0430, \u0443 Frau Mayer, \u043f\u043e\u0437\u043d\u0430\u0442\u043e\u0458 \u043b\u043e\u043a\u0430\u0446\u0438\u0458\u0438 \u0459\u0443\u0431\u0438\u0442\u0435\u0459\u0430 \u045f\u0435\u0437\u0430, \u041a\u0430\u0442\u0430\u0440\u0438\u043d\u0430 \u045b\u0435 \u043d\u0430\u0441\u0442\u0443\u043f\u0438\u0442\u0438 \u0443 \u043f\u0440\u0430\u0442\u045a\u0438 \u0441\u0432\u043e\u0458\u0438\u0445 \u043a\u043e\u043b\u0435\u0433\u0430 David Dolliner \u2013 \u043a\u043e\u043d\u0442\u0440\u0430\u0431\u0430\u0441 \u0438 Chris Parker \u2013 \u0431\u0443\u0431\u045a\u0435\u0432\u0438.&#13;\n<\/p>\n\n<p>\u041a\u0430\u0442\u0430\u0440\u0438\u043d\u0430 \u041a\u043e\u0447\u0435\u0442\u043e\u0432\u0430 \u0458\u0435 \u043f\u0438\u0458\u0430\u043d\u0438\u0441\u0442\u043a\u0438\u045a\u0430, \u043a\u043e\u043c\u043f\u043e\u0437\u0438\u0442\u043e\u0440\u043a\u0430 \u0438 \u0432\u043e\u043a\u0430\u043b\u0438\u0441\u0442\u043a\u0438\u045a\u0430 \u043a\u043e\u0458\u0430 \u0441\u0435 \u0438\u0437\u0434\u0432\u043e\u0458\u0438\u043b\u0430 \u043a\u0430\u043e \u0458\u0435\u0434\u0430\u043d \u043e\u0434 \u0432\u043e\u0434\u0435\u045b\u0438\u0445 \u0433\u043b\u0430\u0441\u043e\u0432\u0430 \u043d\u0430 \u0435\u0432\u0440\u043e\u043f\u0441\u043a\u043e\u0458 \u045f\u0435\u0437 \u0441\u0446\u0435\u043d\u0438.&#13;\n&#13;\n<\/p>\n\n<p>\u0421\u0432\u0438\u0440\u0430\u043b\u0430 \u0458\u0435 \u0441\u0430 \u043c\u043d\u043e\u0433\u0438\u043c \u0440\u0435\u043d\u043e\u043c\u0438\u0440\u0430\u043d\u0438\u043c \u045f\u0435\u0437 \u043c\u0443\u0437\u0438\u0447\u0430\u0440\u0438\u043c\u0430, \u043c\u0435\u0452\u0443 \u043a\u043e\u0458\u0438\u043c\u0430 \u0441\u0443 Seamus Blake, Ari Hoenig, Jure Pukl, Alex Hitchcock, Joe Sanders, Ben Tiberio, Felix Rossy, H\u00e5kan Brostr\u00f6m, Robert Nordmark, Vladimir Kostadinovi\u0107, Karl-Henrik Ousb\u00e4ck \u0438 \u043c\u043d\u043e\u0433\u0438 \u0434\u0440\u0443\u0433\u0438.&#13;\n&#13;\n<\/p>\n\n<p>\u0413\u043e\u0434\u0438\u043d\u0435 2023. \u041a\u043e\u0447\u0435\u0442\u043e\u0432\u0430 \u0458\u0435 \u0441\u043d\u0438\u043c\u0438\u043b\u0430 \u0441\u0432\u043e\u0458 \u0434\u0435\u0431\u0438 \u0430\u043b\u0431\u0443\u043c Beyond Motion \u0441\u0430 \u043e\u0440\u0438\u0433\u0438\u043d\u0430\u043b\u043d\u043e\u043c \u043c\u0443\u0437\u0438\u043a\u043e\u043c \u0443 \u0442\u0440\u0438\u0458\u0443, \u0443\u0437 \u0433\u043e\u0441\u0442\u043e\u0432\u0430\u045a\u0435 Jureta Pukla \u043d\u0430 \u0442\u0435\u043d\u043e\u0440-\u0441\u0430\u043a\u0441\u043e\u0444\u043e\u043d\u0443 \u0438 Joandera Cruza \u043d\u0430 \u0430\u043b\u0442-\u0441\u0430\u043a\u0441\u043e\u0444\u043e\u043d\u0443. \u0410\u043b\u0431\u0443\u043c \u0458\u0435 \u043e\u0431\u0458\u0430\u0432\u0459\u0435\u043d \u0443 \u0458\u0443\u043d\u0443 2024. \u0438 \u043f\u0440\u043e\u0433\u043b\u0430\u0448\u0435\u043d \u0458\u0435\u0434\u043d\u0438\u043c \u043e\u0434 100 \u043d\u0430\u0458\u0431\u043e\u0459\u0438\u0445 \u045f\u0435\u0437 \u0430\u043b\u0431\u0443\u043c\u0430 2024. \u0433\u043e\u0434\u0438\u043d\u0435 \u043e\u0434 \u0441\u0442\u0440\u0430\u043d\u0435 \u043c\u0430\u0433\u0430\u0437\u0438\u043d\u0430 JAZZIT.&#13;\n&#13;\n<\/p>\n\n<p>\u0423\u043b\u0430\u0437 \u0458\u0435 \u0431\u0435\u0441\u043f\u043b\u0430\u0442\u0430\u043d, \u0430 \u0442\u043e\u043a\u043e\u043c \u0432\u0435\u0447\u0435\u0440\u0438 \u0431\u0438\u045b\u0435\u0442\u0435 \u0443 \u043c\u043e\u0433\u0443\u045b\u043d\u043e\u0441\u0442\u0438 \u0434\u0430\u0442\u0438 \u0441\u0432\u043e\u0458 \u0434\u043e\u043f\u0440\u0438\u043d\u043e\u0441 \u0437\u0430 \u0438\u0437\u0434\u0430\u0432\u0430\u045a\u0435 \u041a\u0430\u0442\u0430\u0440\u0438\u043d\u0438\u043d\u043e\u0433 \u043d\u043e\u0432\u043e\u0433 \u0430\u043b\u0431\u0443\u043c\u0430. \u0421\u0440\u0435\u0434\u0441\u0442\u0432\u0430 \u0441\u0435 \u0442\u0430\u043a\u043e\u0452\u0435 \u043f\u0440\u0438\u043a\u0443\u043f\u0459\u0430\u0458\u0443 \u0438 \u043f\u0443\u0442\u0435\u043c \u043f\u043b\u0430\u0442\u0444\u043e\u0440\u043c\u0435 gofundme.com \u2013 &#13;\n<\/p>\n\n<p>https:\/\/www.gofundme.com\/f\/help-bring-my-second-album-to-life?fbclid=PAZXh0bgNhZW0CMTEAAafFsmS2EIiKypXcKnUDLom0rn8aQB39VZh9l1tjPq4mDrcLcj7pbRZJSP2yRw_aem_spXmYBpdG2ElSOaalQZFJw<br\/><br\/>\u0414\u043e\u0452\u0438\u0442\u0435 \u0434\u0430 \u0443\u0436\u0438\u0432\u0430\u043c\u043e \u0443 \u0432\u0440\u0445\u0443\u043d\u0441\u043a\u043e\u043c \u045f\u0435\u0437\u0443 \u0438 \u043f\u043e\u0434\u0440\u0436\u0438\u043c\u043e \u0441\u0442\u0432\u0430\u0440\u0430\u045a\u0435 \u043d\u043e\u0432\u0435 \u043c\u0443\u0437\u0438\u043a\u0435!<\/p>\n\n<p>\u0414\u043e\u0452\u0438\u0442\u0435 \u0434\u0430 \u0443\u0436\u0438\u0432\u0430\u043c\u043e \u0443 \u0432\u0440\u0445\u0443\u043d\u0441\u043a\u043e\u043c \u045f\u0435\u0437\u0443 \u0438 \u043f\u043e\u0434\u0440\u0436\u0438\u043c\u043e \u0441\u0442\u0432\u0430\u0440\u0430\u045a\u0435 \u043d\u043e\u0432\u0435 \u043c\u0443\u0437\u0438\u043a\u0435!<\/p>\n","protected":false},"excerpt":{"rendered":"<p>\u041f\u043e\u0437\u0438\u0432\u0430\u043c\u043e \u0432\u0430\u0441 \u043d\u0430 \u0432\u0435\u0447\u0435 \u0432\u0440\u0445\u0443\u043d\u0441\u043a\u043e\u0433 \u045f\u0435\u0437\u0430 \u0443 \u0441\u0440\u0446\u0443 \u0411\u0435\u0447\u0430, \u0441\u0430 \u0446\u0438\u0459\u0435\u043c \u043f\u0440\u0438\u043a\u0443\u043f\u0459\u0430\u045a\u0430 \u0441\u0440\u0435\u0434\u0441\u0442\u0430\u0432\u0430 \u0437\u0430 \u0438\u0437\u0434\u0430\u0432\u0430\u045a\u0435 \u041a\u0430\u0442\u0430\u0440\u0438\u043d\u0438\u043d\u043e\u0433 \u043d\u043e\u0432\u043e\u0433 \u0430\u043b\u0431\u0443\u043c\u0430, \u0448\u0442\u043e \u0458\u0435 \u0443\u0458\u0435\u0434\u043d\u043e \u0438 \u043c\u0438\u0441\u0438\u0458\u0430 \u043d\u0430\u0448\u0435 \u043e\u0440\u0433\u0430\u043d\u0438\u0437\u0430\u0446\u0438\u0458\u0435 \u2013 \u0434\u0430 \u043f\u043e\u0434\u0440\u0436\u0430\u0432\u0430 \u0438 \u043f\u0440\u043e\u043c\u043e\u0432\u0438\u0448\u0435 \u043c\u043b\u0430\u0434\u0435 \u0443\u043c\u0435\u0442\u043d\u0438\u043a\u0435 \u0438 \u045a\u0438\u0445\u043e\u0432\u0443 \u0443\u043c\u0435\u0442\u043d\u043e\u0441\u0442.&#13; &#13; \u0423 \u0447\u0435\u0442\u0432\u0440\u0442\u0430\u043a, 25.09., \u0441\u0430 \u043f\u043e\u0447\u0435\u0442\u043a\u043e\u043c \u0443 20:00 \u0447\u0430\u0441\u043e\u0432\u0430, \u0443 Frau Mayer, \u043f\u043e\u0437\u043d\u0430\u0442\u043e\u0458 \u043b\u043e\u043a\u0430\u0446\u0438\u0458\u0438 \u0459\u0443\u0431\u0438\u0442\u0435\u0459\u0430 \u045f\u0435\u0437\u0430, \u041a\u0430\u0442\u0430\u0440\u0438\u043d\u0430 \u045b\u0435 \u043d\u0430\u0441\u0442\u0443\u043f\u0438\u0442\u0438 \u0443 [&hellip;]<\/p>\n","protected":false},"author":4,"featured_media":20468,"comment_status":"open","ping_status":"open","sticky":false,"template":"","format":"standard","meta":{"_acf_changed":false,"footnotes":""},"categories":[37],"tags":[],"class_list":["post-20471","post","type-post","status-publish","format-standard","has-post-thumbnail","hentry","category-dogadjaji"],"acf":[],"yoast_head":"<!-- This site is optimized with the Yoast SEO plugin v27.4 - https:\/\/yoast.com\/product\/yoast-seo-wordpress\/ -->\n<title>\u040f\u0415\u0417 \u0412\u0415\u0427\u0415 \u2013 \u0437\u0430 \u041a\u0430\u0442\u0430\u0440\u0438\u043d\u0438\u043d \u043d\u043e\u0432\u0438 \u0430\u043b\u0431\u0443\u043c - Srpski centar<\/title>\n<meta name=\"robots\" content=\"index, follow, max-snippet:-1, max-image-preview:large, max-video-preview:-1\" \/>\n<link rel=\"canonical\" href=\"https:\/\/serbischeszentrum.at\/sr-cyrl\/%d1%9f%d0%b5%d0%b7-%d0%b2%d0%b5%d1%87%d0%b5-%d0%b7%d0%b0-%d0%ba%d0%b0%d1%82%d0%b0%d1%80%d0%b8%d0%bd%d0%b8%d0%bd-%d0%bd%d0%be%d0%b2%d0%b8-%d0%b0%d0%bb%d0%b1%d1%83%d0%bc\/\" \/>\n<meta property=\"og:locale\" content=\"en_US\" \/>\n<meta property=\"og:type\" content=\"article\" \/>\n<meta property=\"og:title\" content=\"\u040f\u0415\u0417 \u0412\u0415\u0427\u0415 \u2013 \u0437\u0430 \u041a\u0430\u0442\u0430\u0440\u0438\u043d\u0438\u043d \u043d\u043e\u0432\u0438 \u0430\u043b\u0431\u0443\u043c - Srpski centar\" \/>\n<meta property=\"og:description\" content=\"\u041f\u043e\u0437\u0438\u0432\u0430\u043c\u043e \u0432\u0430\u0441 \u043d\u0430 \u0432\u0435\u0447\u0435 \u0432\u0440\u0445\u0443\u043d\u0441\u043a\u043e\u0433 \u045f\u0435\u0437\u0430 \u0443 \u0441\u0440\u0446\u0443 \u0411\u0435\u0447\u0430, \u0441\u0430 \u0446\u0438\u0459\u0435\u043c \u043f\u0440\u0438\u043a\u0443\u043f\u0459\u0430\u045a\u0430 \u0441\u0440\u0435\u0434\u0441\u0442\u0430\u0432\u0430 \u0437\u0430 \u0438\u0437\u0434\u0430\u0432\u0430\u045a\u0435 \u041a\u0430\u0442\u0430\u0440\u0438\u043d\u0438\u043d\u043e\u0433 \u043d\u043e\u0432\u043e\u0433 \u0430\u043b\u0431\u0443\u043c\u0430, \u0448\u0442\u043e \u0458\u0435 \u0443\u0458\u0435\u0434\u043d\u043e \u0438 \u043c\u0438\u0441\u0438\u0458\u0430 \u043d\u0430\u0448\u0435 \u043e\u0440\u0433\u0430\u043d\u0438\u0437\u0430\u0446\u0438\u0458\u0435 \u2013 \u0434\u0430 \u043f\u043e\u0434\u0440\u0436\u0430\u0432\u0430 \u0438 \u043f\u0440\u043e\u043c\u043e\u0432\u0438\u0448\u0435 \u043c\u043b\u0430\u0434\u0435 \u0443\u043c\u0435\u0442\u043d\u0438\u043a\u0435 \u0438 \u045a\u0438\u0445\u043e\u0432\u0443 \u0443\u043c\u0435\u0442\u043d\u043e\u0441\u0442.&#013; &#013; \u0423 \u0447\u0435\u0442\u0432\u0440\u0442\u0430\u043a, 25.09., \u0441\u0430 \u043f\u043e\u0447\u0435\u0442\u043a\u043e\u043c \u0443 20:00 \u0447\u0430\u0441\u043e\u0432\u0430, \u0443 Frau Mayer, \u043f\u043e\u0437\u043d\u0430\u0442\u043e\u0458 \u043b\u043e\u043a\u0430\u0446\u0438\u0458\u0438 \u0459\u0443\u0431\u0438\u0442\u0435\u0459\u0430 \u045f\u0435\u0437\u0430, \u041a\u0430\u0442\u0430\u0440\u0438\u043d\u0430 \u045b\u0435 \u043d\u0430\u0441\u0442\u0443\u043f\u0438\u0442\u0438 \u0443 [&hellip;]\" \/>\n<meta property=\"og:url\" content=\"https:\/\/serbischeszentrum.at\/sr-cyrl\/%d1%9f%d0%b5%d0%b7-%d0%b2%d0%b5%d1%87%d0%b5-%d0%b7%d0%b0-%d0%ba%d0%b0%d1%82%d0%b0%d1%80%d0%b8%d0%bd%d0%b8%d0%bd-%d0%bd%d0%be%d0%b2%d0%b8-%d0%b0%d0%bb%d0%b1%d1%83%d0%bc\/\" \/>\n<meta property=\"og:site_name\" content=\"Srpski centar\" \/>\n<meta property=\"article:publisher\" content=\"https:\/\/www.facebook.com\/serbischeszentrum\" \/>\n<meta property=\"article:published_time\" content=\"2025-09-03T18:08:38+00:00\" \/>\n<meta property=\"article:modified_time\" content=\"2025-11-26T11:27:24+00:00\" \/>\n<meta property=\"og:image\" content=\"https:\/\/serbischeszentrum.at\/wp-content\/uploads\/2025\/09\/KatarinaKochetova_website.jpeg\" \/>\n\t<meta property=\"og:image:width\" content=\"1280\" \/>\n\t<meta property=\"og:image:height\" content=\"886\" \/>\n\t<meta property=\"og:image:type\" content=\"image\/jpeg\" \/>\n<meta name=\"author\" content=\"Srpski Centar\" \/>\n<meta name=\"twitter:card\" content=\"summary_large_image\" \/>\n<meta name=\"twitter:label1\" content=\"Written by\" \/>\n\t<meta name=\"twitter:data1\" content=\"Srpski Centar\" \/>\n<script type=\"application\/ld+json\" class=\"yoast-schema-graph\">{\"@context\":\"https:\\\/\\\/schema.org\",\"@graph\":[{\"@type\":\"Article\",\"@id\":\"https:\\\/\\\/serbischeszentrum.at\\\/sr-cyrl\\\/%d1%9f%d0%b5%d0%b7-%d0%b2%d0%b5%d1%87%d0%b5-%d0%b7%d0%b0-%d0%ba%d0%b0%d1%82%d0%b0%d1%80%d0%b8%d0%bd%d0%b8%d0%bd-%d0%bd%d0%be%d0%b2%d0%b8-%d0%b0%d0%bb%d0%b1%d1%83%d0%bc\\\/#article\",\"isPartOf\":{\"@id\":\"https:\\\/\\\/serbischeszentrum.at\\\/sr-cyrl\\\/%d1%9f%d0%b5%d0%b7-%d0%b2%d0%b5%d1%87%d0%b5-%d0%b7%d0%b0-%d0%ba%d0%b0%d1%82%d0%b0%d1%80%d0%b8%d0%bd%d0%b8%d0%bd-%d0%bd%d0%be%d0%b2%d0%b8-%d0%b0%d0%bb%d0%b1%d1%83%d0%bc\\\/\"},\"author\":{\"name\":\"Srpski Centar\",\"@id\":\"https:\\\/\\\/serbischeszentrum.at\\\/sr-cyrl\\\/#\\\/schema\\\/person\\\/be01c441f818a4b25a16c206ccac7e38\"},\"headline\":\"\u040f\u0415\u0417 \u0412\u0415\u0427\u0415 \u2013 \u0437\u0430 \u041a\u0430\u0442\u0430\u0440\u0438\u043d\u0438\u043d \u043d\u043e\u0432\u0438 \u0430\u043b\u0431\u0443\u043c\",\"datePublished\":\"2025-09-03T18:08:38+00:00\",\"dateModified\":\"2025-11-26T11:27:24+00:00\",\"mainEntityOfPage\":{\"@id\":\"https:\\\/\\\/serbischeszentrum.at\\\/sr-cyrl\\\/%d1%9f%d0%b5%d0%b7-%d0%b2%d0%b5%d1%87%d0%b5-%d0%b7%d0%b0-%d0%ba%d0%b0%d1%82%d0%b0%d1%80%d0%b8%d0%bd%d0%b8%d0%bd-%d0%bd%d0%be%d0%b2%d0%b8-%d0%b0%d0%bb%d0%b1%d1%83%d0%bc\\\/\"},\"wordCount\":237,\"commentCount\":0,\"publisher\":{\"@id\":\"https:\\\/\\\/serbischeszentrum.at\\\/sr-cyrl\\\/#organization\"},\"image\":{\"@id\":\"https:\\\/\\\/serbischeszentrum.at\\\/sr-cyrl\\\/%d1%9f%d0%b5%d0%b7-%d0%b2%d0%b5%d1%87%d0%b5-%d0%b7%d0%b0-%d0%ba%d0%b0%d1%82%d0%b0%d1%80%d0%b8%d0%bd%d0%b8%d0%bd-%d0%bd%d0%be%d0%b2%d0%b8-%d0%b0%d0%bb%d0%b1%d1%83%d0%bc\\\/#primaryimage\"},\"thumbnailUrl\":\"https:\\\/\\\/serbischeszentrum.at\\\/wp-content\\\/uploads\\\/2025\\\/09\\\/KatarinaKochetova_website.jpeg\",\"articleSection\":[\"\u0414\u043e\u0433\u0430\u0452\u0430\u0458\u0438\"],\"inLanguage\":\"sr-Cyrl-RS\",\"potentialAction\":[{\"@type\":\"CommentAction\",\"name\":\"Comment\",\"target\":[\"https:\\\/\\\/serbischeszentrum.at\\\/sr-cyrl\\\/%d1%9f%d0%b5%d0%b7-%d0%b2%d0%b5%d1%87%d0%b5-%d0%b7%d0%b0-%d0%ba%d0%b0%d1%82%d0%b0%d1%80%d0%b8%d0%bd%d0%b8%d0%bd-%d0%bd%d0%be%d0%b2%d0%b8-%d0%b0%d0%bb%d0%b1%d1%83%d0%bc\\\/#respond\"]}]},{\"@type\":\"WebPage\",\"@id\":\"https:\\\/\\\/serbischeszentrum.at\\\/sr-cyrl\\\/%d1%9f%d0%b5%d0%b7-%d0%b2%d0%b5%d1%87%d0%b5-%d0%b7%d0%b0-%d0%ba%d0%b0%d1%82%d0%b0%d1%80%d0%b8%d0%bd%d0%b8%d0%bd-%d0%bd%d0%be%d0%b2%d0%b8-%d0%b0%d0%bb%d0%b1%d1%83%d0%bc\\\/\",\"url\":\"https:\\\/\\\/serbischeszentrum.at\\\/sr-cyrl\\\/%d1%9f%d0%b5%d0%b7-%d0%b2%d0%b5%d1%87%d0%b5-%d0%b7%d0%b0-%d0%ba%d0%b0%d1%82%d0%b0%d1%80%d0%b8%d0%bd%d0%b8%d0%bd-%d0%bd%d0%be%d0%b2%d0%b8-%d0%b0%d0%bb%d0%b1%d1%83%d0%bc\\\/\",\"name\":\"\u040f\u0415\u0417 \u0412\u0415\u0427\u0415 \u2013 \u0437\u0430 \u041a\u0430\u0442\u0430\u0440\u0438\u043d\u0438\u043d \u043d\u043e\u0432\u0438 \u0430\u043b\u0431\u0443\u043c - Srpski centar\",\"isPartOf\":{\"@id\":\"https:\\\/\\\/serbischeszentrum.at\\\/sr-cyrl\\\/#website\"},\"primaryImageOfPage\":{\"@id\":\"https:\\\/\\\/serbischeszentrum.at\\\/sr-cyrl\\\/%d1%9f%d0%b5%d0%b7-%d0%b2%d0%b5%d1%87%d0%b5-%d0%b7%d0%b0-%d0%ba%d0%b0%d1%82%d0%b0%d1%80%d0%b8%d0%bd%d0%b8%d0%bd-%d0%bd%d0%be%d0%b2%d0%b8-%d0%b0%d0%bb%d0%b1%d1%83%d0%bc\\\/#primaryimage\"},\"image\":{\"@id\":\"https:\\\/\\\/serbischeszentrum.at\\\/sr-cyrl\\\/%d1%9f%d0%b5%d0%b7-%d0%b2%d0%b5%d1%87%d0%b5-%d0%b7%d0%b0-%d0%ba%d0%b0%d1%82%d0%b0%d1%80%d0%b8%d0%bd%d0%b8%d0%bd-%d0%bd%d0%be%d0%b2%d0%b8-%d0%b0%d0%bb%d0%b1%d1%83%d0%bc\\\/#primaryimage\"},\"thumbnailUrl\":\"https:\\\/\\\/serbischeszentrum.at\\\/wp-content\\\/uploads\\\/2025\\\/09\\\/KatarinaKochetova_website.jpeg\",\"datePublished\":\"2025-09-03T18:08:38+00:00\",\"dateModified\":\"2025-11-26T11:27:24+00:00\",\"breadcrumb\":{\"@id\":\"https:\\\/\\\/serbischeszentrum.at\\\/sr-cyrl\\\/%d1%9f%d0%b5%d0%b7-%d0%b2%d0%b5%d1%87%d0%b5-%d0%b7%d0%b0-%d0%ba%d0%b0%d1%82%d0%b0%d1%80%d0%b8%d0%bd%d0%b8%d0%bd-%d0%bd%d0%be%d0%b2%d0%b8-%d0%b0%d0%bb%d0%b1%d1%83%d0%bc\\\/#breadcrumb\"},\"inLanguage\":\"sr-Cyrl-RS\",\"potentialAction\":[{\"@type\":\"ReadAction\",\"target\":[\"https:\\\/\\\/serbischeszentrum.at\\\/sr-cyrl\\\/%d1%9f%d0%b5%d0%b7-%d0%b2%d0%b5%d1%87%d0%b5-%d0%b7%d0%b0-%d0%ba%d0%b0%d1%82%d0%b0%d1%80%d0%b8%d0%bd%d0%b8%d0%bd-%d0%bd%d0%be%d0%b2%d0%b8-%d0%b0%d0%bb%d0%b1%d1%83%d0%bc\\\/\"]}]},{\"@type\":\"ImageObject\",\"inLanguage\":\"sr-Cyrl-RS\",\"@id\":\"https:\\\/\\\/serbischeszentrum.at\\\/sr-cyrl\\\/%d1%9f%d0%b5%d0%b7-%d0%b2%d0%b5%d1%87%d0%b5-%d0%b7%d0%b0-%d0%ba%d0%b0%d1%82%d0%b0%d1%80%d0%b8%d0%bd%d0%b8%d0%bd-%d0%bd%d0%be%d0%b2%d0%b8-%d0%b0%d0%bb%d0%b1%d1%83%d0%bc\\\/#primaryimage\",\"url\":\"https:\\\/\\\/serbischeszentrum.at\\\/wp-content\\\/uploads\\\/2025\\\/09\\\/KatarinaKochetova_website.jpeg\",\"contentUrl\":\"https:\\\/\\\/serbischeszentrum.at\\\/wp-content\\\/uploads\\\/2025\\\/09\\\/KatarinaKochetova_website.jpeg\",\"width\":1280,\"height\":886},{\"@type\":\"BreadcrumbList\",\"@id\":\"https:\\\/\\\/serbischeszentrum.at\\\/sr-cyrl\\\/%d1%9f%d0%b5%d0%b7-%d0%b2%d0%b5%d1%87%d0%b5-%d0%b7%d0%b0-%d0%ba%d0%b0%d1%82%d0%b0%d1%80%d0%b8%d0%bd%d0%b8%d0%bd-%d0%bd%d0%be%d0%b2%d0%b8-%d0%b0%d0%bb%d0%b1%d1%83%d0%bc\\\/#breadcrumb\",\"itemListElement\":[{\"@type\":\"ListItem\",\"position\":1,\"name\":\"Home\",\"item\":\"https:\\\/\\\/serbischeszentrum.at\\\/sr-cyrl\\\/\"},{\"@type\":\"ListItem\",\"position\":2,\"name\":\"\u040f\u0415\u0417 \u0412\u0415\u0427\u0415 \u2013 \u0437\u0430 \u041a\u0430\u0442\u0430\u0440\u0438\u043d\u0438\u043d \u043d\u043e\u0432\u0438 \u0430\u043b\u0431\u0443\u043c\"}]},{\"@type\":\"WebSite\",\"@id\":\"https:\\\/\\\/serbischeszentrum.at\\\/sr-cyrl\\\/#website\",\"url\":\"https:\\\/\\\/serbischeszentrum.at\\\/sr-cyrl\\\/\",\"name\":\"Srpski centar\",\"description\":\"Platforma dru\u0161tvenih i kulturnih inicijativa\",\"publisher\":{\"@id\":\"https:\\\/\\\/serbischeszentrum.at\\\/sr-cyrl\\\/#organization\"},\"potentialAction\":[{\"@type\":\"SearchAction\",\"target\":{\"@type\":\"EntryPoint\",\"urlTemplate\":\"https:\\\/\\\/serbischeszentrum.at\\\/sr-cyrl\\\/?s={search_term_string}\"},\"query-input\":{\"@type\":\"PropertyValueSpecification\",\"valueRequired\":true,\"valueName\":\"search_term_string\"}}],\"inLanguage\":\"sr-Cyrl-RS\"},{\"@type\":\"Organization\",\"@id\":\"https:\\\/\\\/serbischeszentrum.at\\\/sr-cyrl\\\/#organization\",\"name\":\"Serbishes Zentrum\",\"alternateName\":\"Srpski Centar\",\"url\":\"https:\\\/\\\/serbischeszentrum.at\\\/sr-cyrl\\\/\",\"logo\":{\"@type\":\"ImageObject\",\"inLanguage\":\"sr-Cyrl-RS\",\"@id\":\"https:\\\/\\\/serbischeszentrum.at\\\/sr-cyrl\\\/#\\\/schema\\\/logo\\\/image\\\/\",\"url\":\"https:\\\/\\\/serbischeszentrum.at\\\/wp-content\\\/uploads\\\/2022\\\/09\\\/srpski-centar-logo-kruzni.jpg\",\"contentUrl\":\"https:\\\/\\\/serbischeszentrum.at\\\/wp-content\\\/uploads\\\/2022\\\/09\\\/srpski-centar-logo-kruzni.jpg\",\"width\":1000,\"height\":1000,\"caption\":\"Serbishes Zentrum\"},\"image\":{\"@id\":\"https:\\\/\\\/serbischeszentrum.at\\\/sr-cyrl\\\/#\\\/schema\\\/logo\\\/image\\\/\"},\"sameAs\":[\"https:\\\/\\\/www.facebook.com\\\/serbischeszentrum\",\"https:\\\/\\\/www.instagram.com\\\/serbischeszentrum\\\/\"]},{\"@type\":\"Person\",\"@id\":\"https:\\\/\\\/serbischeszentrum.at\\\/sr-cyrl\\\/#\\\/schema\\\/person\\\/be01c441f818a4b25a16c206ccac7e38\",\"name\":\"Srpski Centar\",\"image\":{\"@type\":\"ImageObject\",\"inLanguage\":\"sr-Cyrl-RS\",\"@id\":\"https:\\\/\\\/secure.gravatar.com\\\/avatar\\\/60c9d36e595b167fba91ae0df2220cd40fc459fe63837eeb77a264740307ceb7?s=96&d=mm&r=g\",\"url\":\"https:\\\/\\\/secure.gravatar.com\\\/avatar\\\/60c9d36e595b167fba91ae0df2220cd40fc459fe63837eeb77a264740307ceb7?s=96&d=mm&r=g\",\"contentUrl\":\"https:\\\/\\\/secure.gravatar.com\\\/avatar\\\/60c9d36e595b167fba91ae0df2220cd40fc459fe63837eeb77a264740307ceb7?s=96&d=mm&r=g\",\"caption\":\"Srpski Centar\"},\"url\":\"https:\\\/\\\/serbischeszentrum.at\\\/sr-cyrl\\\/author\\\/srpski-centar\\\/\"}]}<\/script>\n<!-- \/ Yoast SEO plugin. -->","yoast_head_json":{"title":"\u040f\u0415\u0417 \u0412\u0415\u0427\u0415 \u2013 \u0437\u0430 \u041a\u0430\u0442\u0430\u0440\u0438\u043d\u0438\u043d \u043d\u043e\u0432\u0438 \u0430\u043b\u0431\u0443\u043c - Srpski centar","robots":{"index":"index","follow":"follow","max-snippet":"max-snippet:-1","max-image-preview":"max-image-preview:large","max-video-preview":"max-video-preview:-1"},"canonical":"https:\/\/serbischeszentrum.at\/sr-cyrl\/%d1%9f%d0%b5%d0%b7-%d0%b2%d0%b5%d1%87%d0%b5-%d0%b7%d0%b0-%d0%ba%d0%b0%d1%82%d0%b0%d1%80%d0%b8%d0%bd%d0%b8%d0%bd-%d0%bd%d0%be%d0%b2%d0%b8-%d0%b0%d0%bb%d0%b1%d1%83%d0%bc\/","og_locale":"en_US","og_type":"article","og_title":"\u040f\u0415\u0417 \u0412\u0415\u0427\u0415 \u2013 \u0437\u0430 \u041a\u0430\u0442\u0430\u0440\u0438\u043d\u0438\u043d \u043d\u043e\u0432\u0438 \u0430\u043b\u0431\u0443\u043c - Srpski centar","og_description":"\u041f\u043e\u0437\u0438\u0432\u0430\u043c\u043e \u0432\u0430\u0441 \u043d\u0430 \u0432\u0435\u0447\u0435 \u0432\u0440\u0445\u0443\u043d\u0441\u043a\u043e\u0433 \u045f\u0435\u0437\u0430 \u0443 \u0441\u0440\u0446\u0443 \u0411\u0435\u0447\u0430, \u0441\u0430 \u0446\u0438\u0459\u0435\u043c \u043f\u0440\u0438\u043a\u0443\u043f\u0459\u0430\u045a\u0430 \u0441\u0440\u0435\u0434\u0441\u0442\u0430\u0432\u0430 \u0437\u0430 \u0438\u0437\u0434\u0430\u0432\u0430\u045a\u0435 \u041a\u0430\u0442\u0430\u0440\u0438\u043d\u0438\u043d\u043e\u0433 \u043d\u043e\u0432\u043e\u0433 \u0430\u043b\u0431\u0443\u043c\u0430, \u0448\u0442\u043e \u0458\u0435 \u0443\u0458\u0435\u0434\u043d\u043e \u0438 \u043c\u0438\u0441\u0438\u0458\u0430 \u043d\u0430\u0448\u0435 \u043e\u0440\u0433\u0430\u043d\u0438\u0437\u0430\u0446\u0438\u0458\u0435 \u2013 \u0434\u0430 \u043f\u043e\u0434\u0440\u0436\u0430\u0432\u0430 \u0438 \u043f\u0440\u043e\u043c\u043e\u0432\u0438\u0448\u0435 \u043c\u043b\u0430\u0434\u0435 \u0443\u043c\u0435\u0442\u043d\u0438\u043a\u0435 \u0438 \u045a\u0438\u0445\u043e\u0432\u0443 \u0443\u043c\u0435\u0442\u043d\u043e\u0441\u0442.&#13; &#13; \u0423 \u0447\u0435\u0442\u0432\u0440\u0442\u0430\u043a, 25.09., \u0441\u0430 \u043f\u043e\u0447\u0435\u0442\u043a\u043e\u043c \u0443 20:00 \u0447\u0430\u0441\u043e\u0432\u0430, \u0443 Frau Mayer, \u043f\u043e\u0437\u043d\u0430\u0442\u043e\u0458 \u043b\u043e\u043a\u0430\u0446\u0438\u0458\u0438 \u0459\u0443\u0431\u0438\u0442\u0435\u0459\u0430 \u045f\u0435\u0437\u0430, \u041a\u0430\u0442\u0430\u0440\u0438\u043d\u0430 \u045b\u0435 \u043d\u0430\u0441\u0442\u0443\u043f\u0438\u0442\u0438 \u0443 [&hellip;]","og_url":"https:\/\/serbischeszentrum.at\/sr-cyrl\/%d1%9f%d0%b5%d0%b7-%d0%b2%d0%b5%d1%87%d0%b5-%d0%b7%d0%b0-%d0%ba%d0%b0%d1%82%d0%b0%d1%80%d0%b8%d0%bd%d0%b8%d0%bd-%d0%bd%d0%be%d0%b2%d0%b8-%d0%b0%d0%bb%d0%b1%d1%83%d0%bc\/","og_site_name":"Srpski centar","article_publisher":"https:\/\/www.facebook.com\/serbischeszentrum","article_published_time":"2025-09-03T18:08:38+00:00","article_modified_time":"2025-11-26T11:27:24+00:00","og_image":[{"width":1280,"height":886,"url":"https:\/\/serbischeszentrum.at\/wp-content\/uploads\/2025\/09\/KatarinaKochetova_website.jpeg","type":"image\/jpeg"}],"author":"Srpski Centar","twitter_card":"summary_large_image","twitter_misc":{"Written by":"Srpski Centar"},"schema":{"@context":"https:\/\/schema.org","@graph":[{"@type":"Article","@id":"https:\/\/serbischeszentrum.at\/sr-cyrl\/%d1%9f%d0%b5%d0%b7-%d0%b2%d0%b5%d1%87%d0%b5-%d0%b7%d0%b0-%d0%ba%d0%b0%d1%82%d0%b0%d1%80%d0%b8%d0%bd%d0%b8%d0%bd-%d0%bd%d0%be%d0%b2%d0%b8-%d0%b0%d0%bb%d0%b1%d1%83%d0%bc\/#article","isPartOf":{"@id":"https:\/\/serbischeszentrum.at\/sr-cyrl\/%d1%9f%d0%b5%d0%b7-%d0%b2%d0%b5%d1%87%d0%b5-%d0%b7%d0%b0-%d0%ba%d0%b0%d1%82%d0%b0%d1%80%d0%b8%d0%bd%d0%b8%d0%bd-%d0%bd%d0%be%d0%b2%d0%b8-%d0%b0%d0%bb%d0%b1%d1%83%d0%bc\/"},"author":{"name":"Srpski Centar","@id":"https:\/\/serbischeszentrum.at\/sr-cyrl\/#\/schema\/person\/be01c441f818a4b25a16c206ccac7e38"},"headline":"\u040f\u0415\u0417 \u0412\u0415\u0427\u0415 \u2013 \u0437\u0430 \u041a\u0430\u0442\u0430\u0440\u0438\u043d\u0438\u043d \u043d\u043e\u0432\u0438 \u0430\u043b\u0431\u0443\u043c","datePublished":"2025-09-03T18:08:38+00:00","dateModified":"2025-11-26T11:27:24+00:00","mainEntityOfPage":{"@id":"https:\/\/serbischeszentrum.at\/sr-cyrl\/%d1%9f%d0%b5%d0%b7-%d0%b2%d0%b5%d1%87%d0%b5-%d0%b7%d0%b0-%d0%ba%d0%b0%d1%82%d0%b0%d1%80%d0%b8%d0%bd%d0%b8%d0%bd-%d0%bd%d0%be%d0%b2%d0%b8-%d0%b0%d0%bb%d0%b1%d1%83%d0%bc\/"},"wordCount":237,"commentCount":0,"publisher":{"@id":"https:\/\/serbischeszentrum.at\/sr-cyrl\/#organization"},"image":{"@id":"https:\/\/serbischeszentrum.at\/sr-cyrl\/%d1%9f%d0%b5%d0%b7-%d0%b2%d0%b5%d1%87%d0%b5-%d0%b7%d0%b0-%d0%ba%d0%b0%d1%82%d0%b0%d1%80%d0%b8%d0%bd%d0%b8%d0%bd-%d0%bd%d0%be%d0%b2%d0%b8-%d0%b0%d0%bb%d0%b1%d1%83%d0%bc\/#primaryimage"},"thumbnailUrl":"https:\/\/serbischeszentrum.at\/wp-content\/uploads\/2025\/09\/KatarinaKochetova_website.jpeg","articleSection":["\u0414\u043e\u0433\u0430\u0452\u0430\u0458\u0438"],"inLanguage":"sr-Cyrl-RS","potentialAction":[{"@type":"CommentAction","name":"Comment","target":["https:\/\/serbischeszentrum.at\/sr-cyrl\/%d1%9f%d0%b5%d0%b7-%d0%b2%d0%b5%d1%87%d0%b5-%d0%b7%d0%b0-%d0%ba%d0%b0%d1%82%d0%b0%d1%80%d0%b8%d0%bd%d0%b8%d0%bd-%d0%bd%d0%be%d0%b2%d0%b8-%d0%b0%d0%bb%d0%b1%d1%83%d0%bc\/#respond"]}]},{"@type":"WebPage","@id":"https:\/\/serbischeszentrum.at\/sr-cyrl\/%d1%9f%d0%b5%d0%b7-%d0%b2%d0%b5%d1%87%d0%b5-%d0%b7%d0%b0-%d0%ba%d0%b0%d1%82%d0%b0%d1%80%d0%b8%d0%bd%d0%b8%d0%bd-%d0%bd%d0%be%d0%b2%d0%b8-%d0%b0%d0%bb%d0%b1%d1%83%d0%bc\/","url":"https:\/\/serbischeszentrum.at\/sr-cyrl\/%d1%9f%d0%b5%d0%b7-%d0%b2%d0%b5%d1%87%d0%b5-%d0%b7%d0%b0-%d0%ba%d0%b0%d1%82%d0%b0%d1%80%d0%b8%d0%bd%d0%b8%d0%bd-%d0%bd%d0%be%d0%b2%d0%b8-%d0%b0%d0%bb%d0%b1%d1%83%d0%bc\/","name":"\u040f\u0415\u0417 \u0412\u0415\u0427\u0415 \u2013 \u0437\u0430 \u041a\u0430\u0442\u0430\u0440\u0438\u043d\u0438\u043d \u043d\u043e\u0432\u0438 \u0430\u043b\u0431\u0443\u043c - Srpski centar","isPartOf":{"@id":"https:\/\/serbischeszentrum.at\/sr-cyrl\/#website"},"primaryImageOfPage":{"@id":"https:\/\/serbischeszentrum.at\/sr-cyrl\/%d1%9f%d0%b5%d0%b7-%d0%b2%d0%b5%d1%87%d0%b5-%d0%b7%d0%b0-%d0%ba%d0%b0%d1%82%d0%b0%d1%80%d0%b8%d0%bd%d0%b8%d0%bd-%d0%bd%d0%be%d0%b2%d0%b8-%d0%b0%d0%bb%d0%b1%d1%83%d0%bc\/#primaryimage"},"image":{"@id":"https:\/\/serbischeszentrum.at\/sr-cyrl\/%d1%9f%d0%b5%d0%b7-%d0%b2%d0%b5%d1%87%d0%b5-%d0%b7%d0%b0-%d0%ba%d0%b0%d1%82%d0%b0%d1%80%d0%b8%d0%bd%d0%b8%d0%bd-%d0%bd%d0%be%d0%b2%d0%b8-%d0%b0%d0%bb%d0%b1%d1%83%d0%bc\/#primaryimage"},"thumbnailUrl":"https:\/\/serbischeszentrum.at\/wp-content\/uploads\/2025\/09\/KatarinaKochetova_website.jpeg","datePublished":"2025-09-03T18:08:38+00:00","dateModified":"2025-11-26T11:27:24+00:00","breadcrumb":{"@id":"https:\/\/serbischeszentrum.at\/sr-cyrl\/%d1%9f%d0%b5%d0%b7-%d0%b2%d0%b5%d1%87%d0%b5-%d0%b7%d0%b0-%d0%ba%d0%b0%d1%82%d0%b0%d1%80%d0%b8%d0%bd%d0%b8%d0%bd-%d0%bd%d0%be%d0%b2%d0%b8-%d0%b0%d0%bb%d0%b1%d1%83%d0%bc\/#breadcrumb"},"inLanguage":"sr-Cyrl-RS","potentialAction":[{"@type":"ReadAction","target":["https:\/\/serbischeszentrum.at\/sr-cyrl\/%d1%9f%d0%b5%d0%b7-%d0%b2%d0%b5%d1%87%d0%b5-%d0%b7%d0%b0-%d0%ba%d0%b0%d1%82%d0%b0%d1%80%d0%b8%d0%bd%d0%b8%d0%bd-%d0%bd%d0%be%d0%b2%d0%b8-%d0%b0%d0%bb%d0%b1%d1%83%d0%bc\/"]}]},{"@type":"ImageObject","inLanguage":"sr-Cyrl-RS","@id":"https:\/\/serbischeszentrum.at\/sr-cyrl\/%d1%9f%d0%b5%d0%b7-%d0%b2%d0%b5%d1%87%d0%b5-%d0%b7%d0%b0-%d0%ba%d0%b0%d1%82%d0%b0%d1%80%d0%b8%d0%bd%d0%b8%d0%bd-%d0%bd%d0%be%d0%b2%d0%b8-%d0%b0%d0%bb%d0%b1%d1%83%d0%bc\/#primaryimage","url":"https:\/\/serbischeszentrum.at\/wp-content\/uploads\/2025\/09\/KatarinaKochetova_website.jpeg","contentUrl":"https:\/\/serbischeszentrum.at\/wp-content\/uploads\/2025\/09\/KatarinaKochetova_website.jpeg","width":1280,"height":886},{"@type":"BreadcrumbList","@id":"https:\/\/serbischeszentrum.at\/sr-cyrl\/%d1%9f%d0%b5%d0%b7-%d0%b2%d0%b5%d1%87%d0%b5-%d0%b7%d0%b0-%d0%ba%d0%b0%d1%82%d0%b0%d1%80%d0%b8%d0%bd%d0%b8%d0%bd-%d0%bd%d0%be%d0%b2%d0%b8-%d0%b0%d0%bb%d0%b1%d1%83%d0%bc\/#breadcrumb","itemListElement":[{"@type":"ListItem","position":1,"name":"Home","item":"https:\/\/serbischeszentrum.at\/sr-cyrl\/"},{"@type":"ListItem","position":2,"name":"\u040f\u0415\u0417 \u0412\u0415\u0427\u0415 \u2013 \u0437\u0430 \u041a\u0430\u0442\u0430\u0440\u0438\u043d\u0438\u043d \u043d\u043e\u0432\u0438 \u0430\u043b\u0431\u0443\u043c"}]},{"@type":"WebSite","@id":"https:\/\/serbischeszentrum.at\/sr-cyrl\/#website","url":"https:\/\/serbischeszentrum.at\/sr-cyrl\/","name":"Srpski centar","description":"Platforma dru\u0161tvenih i kulturnih inicijativa","publisher":{"@id":"https:\/\/serbischeszentrum.at\/sr-cyrl\/#organization"},"potentialAction":[{"@type":"SearchAction","target":{"@type":"EntryPoint","urlTemplate":"https:\/\/serbischeszentrum.at\/sr-cyrl\/?s={search_term_string}"},"query-input":{"@type":"PropertyValueSpecification","valueRequired":true,"valueName":"search_term_string"}}],"inLanguage":"sr-Cyrl-RS"},{"@type":"Organization","@id":"https:\/\/serbischeszentrum.at\/sr-cyrl\/#organization","name":"Serbishes Zentrum","alternateName":"Srpski Centar","url":"https:\/\/serbischeszentrum.at\/sr-cyrl\/","logo":{"@type":"ImageObject","inLanguage":"sr-Cyrl-RS","@id":"https:\/\/serbischeszentrum.at\/sr-cyrl\/#\/schema\/logo\/image\/","url":"https:\/\/serbischeszentrum.at\/wp-content\/uploads\/2022\/09\/srpski-centar-logo-kruzni.jpg","contentUrl":"https:\/\/serbischeszentrum.at\/wp-content\/uploads\/2022\/09\/srpski-centar-logo-kruzni.jpg","width":1000,"height":1000,"caption":"Serbishes Zentrum"},"image":{"@id":"https:\/\/serbischeszentrum.at\/sr-cyrl\/#\/schema\/logo\/image\/"},"sameAs":["https:\/\/www.facebook.com\/serbischeszentrum","https:\/\/www.instagram.com\/serbischeszentrum\/"]},{"@type":"Person","@id":"https:\/\/serbischeszentrum.at\/sr-cyrl\/#\/schema\/person\/be01c441f818a4b25a16c206ccac7e38","name":"Srpski Centar","image":{"@type":"ImageObject","inLanguage":"sr-Cyrl-RS","@id":"https:\/\/secure.gravatar.com\/avatar\/60c9d36e595b167fba91ae0df2220cd40fc459fe63837eeb77a264740307ceb7?s=96&d=mm&r=g","url":"https:\/\/secure.gravatar.com\/avatar\/60c9d36e595b167fba91ae0df2220cd40fc459fe63837eeb77a264740307ceb7?s=96&d=mm&r=g","contentUrl":"https:\/\/secure.gravatar.com\/avatar\/60c9d36e595b167fba91ae0df2220cd40fc459fe63837eeb77a264740307ceb7?s=96&d=mm&r=g","caption":"Srpski Centar"},"url":"https:\/\/serbischeszentrum.at\/sr-cyrl\/author\/srpski-centar\/"}]}},"_links":{"self":[{"href":"https:\/\/serbischeszentrum.at\/sr-cyrl\/wp-json\/wp\/v2\/posts\/20471","targetHints":{"allow":["GET"]}}],"collection":[{"href":"https:\/\/serbischeszentrum.at\/sr-cyrl\/wp-json\/wp\/v2\/posts"}],"about":[{"href":"https:\/\/serbischeszentrum.at\/sr-cyrl\/wp-json\/wp\/v2\/types\/post"}],"author":[{"embeddable":true,"href":"https:\/\/serbischeszentrum.at\/sr-cyrl\/wp-json\/wp\/v2\/users\/4"}],"replies":[{"embeddable":true,"href":"https:\/\/serbischeszentrum.at\/sr-cyrl\/wp-json\/wp\/v2\/comments?post=20471"}],"version-history":[{"count":2,"href":"https:\/\/serbischeszentrum.at\/sr-cyrl\/wp-json\/wp\/v2\/posts\/20471\/revisions"}],"predecessor-version":[{"id":20674,"href":"https:\/\/serbischeszentrum.at\/sr-cyrl\/wp-json\/wp\/v2\/posts\/20471\/revisions\/20674"}],"wp:featuredmedia":[{"embeddable":true,"href":"https:\/\/serbischeszentrum.at\/sr-cyrl\/wp-json\/wp\/v2\/media\/20468"}],"wp:attachment":[{"href":"https:\/\/serbischeszentrum.at\/sr-cyrl\/wp-json\/wp\/v2\/media?parent=20471"}],"wp:term":[{"taxonomy":"category","embeddable":true,"href":"https:\/\/serbischeszentrum.at\/sr-cyrl\/wp-json\/wp\/v2\/categories?post=20471"},{"taxonomy":"post_tag","embeddable":true,"href":"https:\/\/serbischeszentrum.at\/sr-cyrl\/wp-json\/wp\/v2\/tags?post=20471"}],"curies":[{"name":"wp","href":"https:\/\/api.w.org\/{rel}","templated":true}]}}