{"id":20422,"date":"2025-08-14T08:33:02","date_gmt":"2025-08-14T08:33:02","guid":{"rendered":"https:\/\/serbischeszentrum.at\/literaturmeile\/"},"modified":"2025-11-26T11:28:58","modified_gmt":"2025-11-26T11:28:58","slug":"literaturmeile","status":"publish","type":"post","link":"https:\/\/serbischeszentrum.at\/de\/literaturmeile\/","title":{"rendered":"Literaturmeile"},"content":{"rendered":"\n<p>Das Serbische Zentrum l\u00e4dt Sie ein zum Vorlesen von Branko \u0106opi\u0107s M\u00e4rchen im Rahmen der diesj\u00e4hrigen Veranstaltung Literaturmeile, am Samstag, den 13.09., von 14:30 bis 18:30 Uhr, in unseren R\u00e4umen in der Lindengasse 61\u201363.&#13;\n&#13;\n&#13;\n<\/p>\n\n<p>Das Vorlesen wird in einem offenen und flexiblen Format organisiert \u2013 ohne feste Termine, angepasst an den Rhythmus der Besucherank\u00fcnfte.&#13;\n<\/p>\n\n<p>Die Schauspielerin und Theaterregisseurin Ena Pavlovi\u0107 wird die Kinder auf kreative und phantasievolle Weise durch die zauberhafte Welt von \u0106opi\u0107s M\u00e4rchen f\u00fchren.<\/p>\n\n<p>Unser Stand in der Zieglergasse pr\u00e4sentiert Ihnen die umfangreiche Bibliothek des Serbischen Zentrums, Informationen \u00fcber unsere Aktivit\u00e4ten und das Programm f\u00fcr diesen Herbst sowie die Ank\u00fcndigung des 26. Sankt Sava Balls, der am 06.02.2026 im Hofburg stattfinden wird.<\/p>\n\n<p>Danilo Pu\u0161ki\u0107, ein au\u00dfergew\u00f6hnlicher und erfahrener junger T\u00e4nzer, wird Ihnen den serbischen Quadrille-Tanz im Frack vorf\u00fchren und Lose f\u00fcr die Tombola verteilen. Einer der vielen Preise: Eintrittskarten f\u00fcr den 26. Sankt Sava Ball im Hofburg!&#13;\n&#13;\n<\/p>\n\n<p>Serbische Quadrille &amp; Tombola  <\/p>\n\n<p>15:30 \u2013 Erste Auff\u00fchrung der serbischen Quadrille und Verteilung der Tombola-Lose <\/p>\n\n<p>18:30 \u2013 Zweite Auff\u00fchrung der serbischen Quadrille und Ziehung der Preise in den R\u00e4umen des Serbischen Zentrums  <\/p>\n\n<p>Wir sehen uns in der Welt der M\u00e4rchen, des Tanzes und der B\u00fccher.<\/p>\n\n<p><\/p>\n","protected":false},"excerpt":{"rendered":"<p>Das Serbische Zentrum l\u00e4dt Sie ein zum Vorlesen von Branko \u0106opi\u0107s M\u00e4rchen im Rahmen der diesj\u00e4hrigen Veranstaltung Literaturmeile, am Samstag, den 13.09., von 14:30 bis 18:30 Uhr, in unseren R\u00e4umen in der Lindengasse 61\u201363.&#13; &#13; &#13; Das Vorlesen wird in einem offenen und flexiblen Format organisiert \u2013 ohne feste Termine, angepasst an den Rhythmus der [&hellip;]<\/p>\n","protected":false},"author":4,"featured_media":20416,"comment_status":"open","ping_status":"open","sticky":false,"template":"","format":"standard","meta":{"_acf_changed":false,"footnotes":""},"categories":[41],"tags":[],"class_list":["post-20422","post","type-post","status-publish","format-standard","has-post-thumbnail","hentry","category-ereignisse"],"acf":[],"yoast_head":"<!-- This site is optimized with the Yoast SEO plugin v27.4 - https:\/\/yoast.com\/product\/yoast-seo-wordpress\/ -->\n<title>Literaturmeile - Srpski centar<\/title>\n<meta name=\"robots\" content=\"index, follow, max-snippet:-1, max-image-preview:large, max-video-preview:-1\" \/>\n<link rel=\"canonical\" href=\"https:\/\/serbischeszentrum.at\/de\/literaturmeile\/\" \/>\n<meta property=\"og:locale\" content=\"de_DE\" \/>\n<meta property=\"og:type\" content=\"article\" \/>\n<meta property=\"og:title\" content=\"Literaturmeile - Srpski centar\" \/>\n<meta property=\"og:description\" content=\"Das Serbische Zentrum l\u00e4dt Sie ein zum Vorlesen von Branko \u0106opi\u0107s M\u00e4rchen im Rahmen der diesj\u00e4hrigen Veranstaltung Literaturmeile, am Samstag, den 13.09., von 14:30 bis 18:30 Uhr, in unseren R\u00e4umen in der Lindengasse 61\u201363.&#013; &#013; &#013; Das Vorlesen wird in einem offenen und flexiblen Format organisiert \u2013 ohne feste Termine, angepasst an den Rhythmus der [&hellip;]\" \/>\n<meta property=\"og:url\" content=\"https:\/\/serbischeszentrum.at\/de\/literaturmeile\/\" \/>\n<meta property=\"og:site_name\" content=\"Srpski centar\" \/>\n<meta property=\"article:publisher\" content=\"https:\/\/www.facebook.com\/serbischeszentrum\" \/>\n<meta property=\"article:published_time\" content=\"2025-08-14T08:33:02+00:00\" \/>\n<meta property=\"article:modified_time\" content=\"2025-11-26T11:28:58+00:00\" \/>\n<meta property=\"og:image\" content=\"https:\/\/serbischeszentrum.at\/wp-content\/uploads\/2025\/08\/Literaturmeile_website.jpeg\" \/>\n\t<meta property=\"og:image:width\" content=\"1600\" \/>\n\t<meta property=\"og:image:height\" content=\"1108\" \/>\n\t<meta property=\"og:image:type\" content=\"image\/jpeg\" \/>\n<meta name=\"author\" content=\"Srpski Centar\" \/>\n<meta name=\"twitter:card\" content=\"summary_large_image\" \/>\n<meta name=\"twitter:label1\" content=\"Verfasst von\" \/>\n\t<meta name=\"twitter:data1\" content=\"Srpski Centar\" \/>\n\t<meta name=\"twitter:label2\" content=\"Gesch\u00e4tzte Lesezeit\" \/>\n\t<meta name=\"twitter:data2\" content=\"1\u00a0Minute\" \/>\n<script type=\"application\/ld+json\" class=\"yoast-schema-graph\">{\"@context\":\"https:\\\/\\\/schema.org\",\"@graph\":[{\"@type\":\"Article\",\"@id\":\"https:\\\/\\\/serbischeszentrum.at\\\/de\\\/literaturmeile\\\/#article\",\"isPartOf\":{\"@id\":\"https:\\\/\\\/serbischeszentrum.at\\\/de\\\/literaturmeile\\\/\"},\"author\":{\"name\":\"Srpski Centar\",\"@id\":\"https:\\\/\\\/serbischeszentrum.at\\\/de\\\/#\\\/schema\\\/person\\\/be01c441f818a4b25a16c206ccac7e38\"},\"headline\":\"Literaturmeile\",\"datePublished\":\"2025-08-14T08:33:02+00:00\",\"dateModified\":\"2025-11-26T11:28:58+00:00\",\"mainEntityOfPage\":{\"@id\":\"https:\\\/\\\/serbischeszentrum.at\\\/de\\\/literaturmeile\\\/\"},\"wordCount\":208,\"commentCount\":0,\"publisher\":{\"@id\":\"https:\\\/\\\/serbischeszentrum.at\\\/de\\\/#organization\"},\"image\":{\"@id\":\"https:\\\/\\\/serbischeszentrum.at\\\/de\\\/literaturmeile\\\/#primaryimage\"},\"thumbnailUrl\":\"https:\\\/\\\/serbischeszentrum.at\\\/wp-content\\\/uploads\\\/2025\\\/08\\\/Literaturmeile_website.jpeg\",\"articleSection\":[\"Ereignisse\"],\"inLanguage\":\"de\",\"potentialAction\":[{\"@type\":\"CommentAction\",\"name\":\"Comment\",\"target\":[\"https:\\\/\\\/serbischeszentrum.at\\\/de\\\/literaturmeile\\\/#respond\"]}]},{\"@type\":\"WebPage\",\"@id\":\"https:\\\/\\\/serbischeszentrum.at\\\/de\\\/literaturmeile\\\/\",\"url\":\"https:\\\/\\\/serbischeszentrum.at\\\/de\\\/literaturmeile\\\/\",\"name\":\"Literaturmeile - Srpski centar\",\"isPartOf\":{\"@id\":\"https:\\\/\\\/serbischeszentrum.at\\\/de\\\/#website\"},\"primaryImageOfPage\":{\"@id\":\"https:\\\/\\\/serbischeszentrum.at\\\/de\\\/literaturmeile\\\/#primaryimage\"},\"image\":{\"@id\":\"https:\\\/\\\/serbischeszentrum.at\\\/de\\\/literaturmeile\\\/#primaryimage\"},\"thumbnailUrl\":\"https:\\\/\\\/serbischeszentrum.at\\\/wp-content\\\/uploads\\\/2025\\\/08\\\/Literaturmeile_website.jpeg\",\"datePublished\":\"2025-08-14T08:33:02+00:00\",\"dateModified\":\"2025-11-26T11:28:58+00:00\",\"breadcrumb\":{\"@id\":\"https:\\\/\\\/serbischeszentrum.at\\\/de\\\/literaturmeile\\\/#breadcrumb\"},\"inLanguage\":\"de\",\"potentialAction\":[{\"@type\":\"ReadAction\",\"target\":[\"https:\\\/\\\/serbischeszentrum.at\\\/de\\\/literaturmeile\\\/\"]}]},{\"@type\":\"ImageObject\",\"inLanguage\":\"de\",\"@id\":\"https:\\\/\\\/serbischeszentrum.at\\\/de\\\/literaturmeile\\\/#primaryimage\",\"url\":\"https:\\\/\\\/serbischeszentrum.at\\\/wp-content\\\/uploads\\\/2025\\\/08\\\/Literaturmeile_website.jpeg\",\"contentUrl\":\"https:\\\/\\\/serbischeszentrum.at\\\/wp-content\\\/uploads\\\/2025\\\/08\\\/Literaturmeile_website.jpeg\",\"width\":1600,\"height\":1108},{\"@type\":\"BreadcrumbList\",\"@id\":\"https:\\\/\\\/serbischeszentrum.at\\\/de\\\/literaturmeile\\\/#breadcrumb\",\"itemListElement\":[{\"@type\":\"ListItem\",\"position\":1,\"name\":\"Home\",\"item\":\"https:\\\/\\\/serbischeszentrum.at\\\/de\\\/\"},{\"@type\":\"ListItem\",\"position\":2,\"name\":\"Literaturmeile\"}]},{\"@type\":\"WebSite\",\"@id\":\"https:\\\/\\\/serbischeszentrum.at\\\/de\\\/#website\",\"url\":\"https:\\\/\\\/serbischeszentrum.at\\\/de\\\/\",\"name\":\"Srpski centar\",\"description\":\"Platforma dru\u0161tvenih i kulturnih inicijativa\",\"publisher\":{\"@id\":\"https:\\\/\\\/serbischeszentrum.at\\\/de\\\/#organization\"},\"potentialAction\":[{\"@type\":\"SearchAction\",\"target\":{\"@type\":\"EntryPoint\",\"urlTemplate\":\"https:\\\/\\\/serbischeszentrum.at\\\/de\\\/?s={search_term_string}\"},\"query-input\":{\"@type\":\"PropertyValueSpecification\",\"valueRequired\":true,\"valueName\":\"search_term_string\"}}],\"inLanguage\":\"de\"},{\"@type\":\"Organization\",\"@id\":\"https:\\\/\\\/serbischeszentrum.at\\\/de\\\/#organization\",\"name\":\"Serbishes Zentrum\",\"alternateName\":\"Srpski Centar\",\"url\":\"https:\\\/\\\/serbischeszentrum.at\\\/de\\\/\",\"logo\":{\"@type\":\"ImageObject\",\"inLanguage\":\"de\",\"@id\":\"https:\\\/\\\/serbischeszentrum.at\\\/de\\\/#\\\/schema\\\/logo\\\/image\\\/\",\"url\":\"https:\\\/\\\/serbischeszentrum.at\\\/wp-content\\\/uploads\\\/2022\\\/09\\\/srpski-centar-logo-kruzni.jpg\",\"contentUrl\":\"https:\\\/\\\/serbischeszentrum.at\\\/wp-content\\\/uploads\\\/2022\\\/09\\\/srpski-centar-logo-kruzni.jpg\",\"width\":1000,\"height\":1000,\"caption\":\"Serbishes Zentrum\"},\"image\":{\"@id\":\"https:\\\/\\\/serbischeszentrum.at\\\/de\\\/#\\\/schema\\\/logo\\\/image\\\/\"},\"sameAs\":[\"https:\\\/\\\/www.facebook.com\\\/serbischeszentrum\",\"https:\\\/\\\/www.instagram.com\\\/serbischeszentrum\\\/\"]},{\"@type\":\"Person\",\"@id\":\"https:\\\/\\\/serbischeszentrum.at\\\/de\\\/#\\\/schema\\\/person\\\/be01c441f818a4b25a16c206ccac7e38\",\"name\":\"Srpski Centar\",\"image\":{\"@type\":\"ImageObject\",\"inLanguage\":\"de\",\"@id\":\"https:\\\/\\\/secure.gravatar.com\\\/avatar\\\/60c9d36e595b167fba91ae0df2220cd40fc459fe63837eeb77a264740307ceb7?s=96&d=mm&r=g\",\"url\":\"https:\\\/\\\/secure.gravatar.com\\\/avatar\\\/60c9d36e595b167fba91ae0df2220cd40fc459fe63837eeb77a264740307ceb7?s=96&d=mm&r=g\",\"contentUrl\":\"https:\\\/\\\/secure.gravatar.com\\\/avatar\\\/60c9d36e595b167fba91ae0df2220cd40fc459fe63837eeb77a264740307ceb7?s=96&d=mm&r=g\",\"caption\":\"Srpski Centar\"},\"url\":\"https:\\\/\\\/serbischeszentrum.at\\\/de\\\/author\\\/srpski-centar\\\/\"}]}<\/script>\n<!-- \/ Yoast SEO plugin. -->","yoast_head_json":{"title":"Literaturmeile - Srpski centar","robots":{"index":"index","follow":"follow","max-snippet":"max-snippet:-1","max-image-preview":"max-image-preview:large","max-video-preview":"max-video-preview:-1"},"canonical":"https:\/\/serbischeszentrum.at\/de\/literaturmeile\/","og_locale":"de_DE","og_type":"article","og_title":"Literaturmeile - Srpski centar","og_description":"Das Serbische Zentrum l\u00e4dt Sie ein zum Vorlesen von Branko \u0106opi\u0107s M\u00e4rchen im Rahmen der diesj\u00e4hrigen Veranstaltung Literaturmeile, am Samstag, den 13.09., von 14:30 bis 18:30 Uhr, in unseren R\u00e4umen in der Lindengasse 61\u201363.&#13; &#13; &#13; Das Vorlesen wird in einem offenen und flexiblen Format organisiert \u2013 ohne feste Termine, angepasst an den Rhythmus der [&hellip;]","og_url":"https:\/\/serbischeszentrum.at\/de\/literaturmeile\/","og_site_name":"Srpski centar","article_publisher":"https:\/\/www.facebook.com\/serbischeszentrum","article_published_time":"2025-08-14T08:33:02+00:00","article_modified_time":"2025-11-26T11:28:58+00:00","og_image":[{"width":1600,"height":1108,"url":"https:\/\/serbischeszentrum.at\/wp-content\/uploads\/2025\/08\/Literaturmeile_website.jpeg","type":"image\/jpeg"}],"author":"Srpski Centar","twitter_card":"summary_large_image","twitter_misc":{"Verfasst von":"Srpski Centar","Gesch\u00e4tzte Lesezeit":"1\u00a0Minute"},"schema":{"@context":"https:\/\/schema.org","@graph":[{"@type":"Article","@id":"https:\/\/serbischeszentrum.at\/de\/literaturmeile\/#article","isPartOf":{"@id":"https:\/\/serbischeszentrum.at\/de\/literaturmeile\/"},"author":{"name":"Srpski Centar","@id":"https:\/\/serbischeszentrum.at\/de\/#\/schema\/person\/be01c441f818a4b25a16c206ccac7e38"},"headline":"Literaturmeile","datePublished":"2025-08-14T08:33:02+00:00","dateModified":"2025-11-26T11:28:58+00:00","mainEntityOfPage":{"@id":"https:\/\/serbischeszentrum.at\/de\/literaturmeile\/"},"wordCount":208,"commentCount":0,"publisher":{"@id":"https:\/\/serbischeszentrum.at\/de\/#organization"},"image":{"@id":"https:\/\/serbischeszentrum.at\/de\/literaturmeile\/#primaryimage"},"thumbnailUrl":"https:\/\/serbischeszentrum.at\/wp-content\/uploads\/2025\/08\/Literaturmeile_website.jpeg","articleSection":["Ereignisse"],"inLanguage":"de","potentialAction":[{"@type":"CommentAction","name":"Comment","target":["https:\/\/serbischeszentrum.at\/de\/literaturmeile\/#respond"]}]},{"@type":"WebPage","@id":"https:\/\/serbischeszentrum.at\/de\/literaturmeile\/","url":"https:\/\/serbischeszentrum.at\/de\/literaturmeile\/","name":"Literaturmeile - Srpski centar","isPartOf":{"@id":"https:\/\/serbischeszentrum.at\/de\/#website"},"primaryImageOfPage":{"@id":"https:\/\/serbischeszentrum.at\/de\/literaturmeile\/#primaryimage"},"image":{"@id":"https:\/\/serbischeszentrum.at\/de\/literaturmeile\/#primaryimage"},"thumbnailUrl":"https:\/\/serbischeszentrum.at\/wp-content\/uploads\/2025\/08\/Literaturmeile_website.jpeg","datePublished":"2025-08-14T08:33:02+00:00","dateModified":"2025-11-26T11:28:58+00:00","breadcrumb":{"@id":"https:\/\/serbischeszentrum.at\/de\/literaturmeile\/#breadcrumb"},"inLanguage":"de","potentialAction":[{"@type":"ReadAction","target":["https:\/\/serbischeszentrum.at\/de\/literaturmeile\/"]}]},{"@type":"ImageObject","inLanguage":"de","@id":"https:\/\/serbischeszentrum.at\/de\/literaturmeile\/#primaryimage","url":"https:\/\/serbischeszentrum.at\/wp-content\/uploads\/2025\/08\/Literaturmeile_website.jpeg","contentUrl":"https:\/\/serbischeszentrum.at\/wp-content\/uploads\/2025\/08\/Literaturmeile_website.jpeg","width":1600,"height":1108},{"@type":"BreadcrumbList","@id":"https:\/\/serbischeszentrum.at\/de\/literaturmeile\/#breadcrumb","itemListElement":[{"@type":"ListItem","position":1,"name":"Home","item":"https:\/\/serbischeszentrum.at\/de\/"},{"@type":"ListItem","position":2,"name":"Literaturmeile"}]},{"@type":"WebSite","@id":"https:\/\/serbischeszentrum.at\/de\/#website","url":"https:\/\/serbischeszentrum.at\/de\/","name":"Srpski centar","description":"Platforma dru\u0161tvenih i kulturnih inicijativa","publisher":{"@id":"https:\/\/serbischeszentrum.at\/de\/#organization"},"potentialAction":[{"@type":"SearchAction","target":{"@type":"EntryPoint","urlTemplate":"https:\/\/serbischeszentrum.at\/de\/?s={search_term_string}"},"query-input":{"@type":"PropertyValueSpecification","valueRequired":true,"valueName":"search_term_string"}}],"inLanguage":"de"},{"@type":"Organization","@id":"https:\/\/serbischeszentrum.at\/de\/#organization","name":"Serbishes Zentrum","alternateName":"Srpski Centar","url":"https:\/\/serbischeszentrum.at\/de\/","logo":{"@type":"ImageObject","inLanguage":"de","@id":"https:\/\/serbischeszentrum.at\/de\/#\/schema\/logo\/image\/","url":"https:\/\/serbischeszentrum.at\/wp-content\/uploads\/2022\/09\/srpski-centar-logo-kruzni.jpg","contentUrl":"https:\/\/serbischeszentrum.at\/wp-content\/uploads\/2022\/09\/srpski-centar-logo-kruzni.jpg","width":1000,"height":1000,"caption":"Serbishes Zentrum"},"image":{"@id":"https:\/\/serbischeszentrum.at\/de\/#\/schema\/logo\/image\/"},"sameAs":["https:\/\/www.facebook.com\/serbischeszentrum","https:\/\/www.instagram.com\/serbischeszentrum\/"]},{"@type":"Person","@id":"https:\/\/serbischeszentrum.at\/de\/#\/schema\/person\/be01c441f818a4b25a16c206ccac7e38","name":"Srpski Centar","image":{"@type":"ImageObject","inLanguage":"de","@id":"https:\/\/secure.gravatar.com\/avatar\/60c9d36e595b167fba91ae0df2220cd40fc459fe63837eeb77a264740307ceb7?s=96&d=mm&r=g","url":"https:\/\/secure.gravatar.com\/avatar\/60c9d36e595b167fba91ae0df2220cd40fc459fe63837eeb77a264740307ceb7?s=96&d=mm&r=g","contentUrl":"https:\/\/secure.gravatar.com\/avatar\/60c9d36e595b167fba91ae0df2220cd40fc459fe63837eeb77a264740307ceb7?s=96&d=mm&r=g","caption":"Srpski Centar"},"url":"https:\/\/serbischeszentrum.at\/de\/author\/srpski-centar\/"}]}},"_links":{"self":[{"href":"https:\/\/serbischeszentrum.at\/de\/wp-json\/wp\/v2\/posts\/20422","targetHints":{"allow":["GET"]}}],"collection":[{"href":"https:\/\/serbischeszentrum.at\/de\/wp-json\/wp\/v2\/posts"}],"about":[{"href":"https:\/\/serbischeszentrum.at\/de\/wp-json\/wp\/v2\/types\/post"}],"author":[{"embeddable":true,"href":"https:\/\/serbischeszentrum.at\/de\/wp-json\/wp\/v2\/users\/4"}],"replies":[{"embeddable":true,"href":"https:\/\/serbischeszentrum.at\/de\/wp-json\/wp\/v2\/comments?post=20422"}],"version-history":[{"count":2,"href":"https:\/\/serbischeszentrum.at\/de\/wp-json\/wp\/v2\/posts\/20422\/revisions"}],"predecessor-version":[{"id":20684,"href":"https:\/\/serbischeszentrum.at\/de\/wp-json\/wp\/v2\/posts\/20422\/revisions\/20684"}],"wp:featuredmedia":[{"embeddable":true,"href":"https:\/\/serbischeszentrum.at\/de\/wp-json\/wp\/v2\/media\/20416"}],"wp:attachment":[{"href":"https:\/\/serbischeszentrum.at\/de\/wp-json\/wp\/v2\/media?parent=20422"}],"wp:term":[{"taxonomy":"category","embeddable":true,"href":"https:\/\/serbischeszentrum.at\/de\/wp-json\/wp\/v2\/categories?post=20422"},{"taxonomy":"post_tag","embeddable":true,"href":"https:\/\/serbischeszentrum.at\/de\/wp-json\/wp\/v2\/tags?post=20422"}],"curies":[{"name":"wp","href":"https:\/\/api.w.org\/{rel}","templated":true}]}}