{"id":20387,"date":"2025-07-30T09:28:53","date_gmt":"2025-07-30T09:28:53","guid":{"rendered":"https:\/\/serbischeszentrum.at\/konzert-von-lp-duo-30-jahre-bestehen-und-wirken-des-serbischen-zentrums-ankuendigung\/"},"modified":"2025-11-26T11:31:17","modified_gmt":"2025-11-26T11:31:17","slug":"konzert-von-lp-duo-30-jahre-bestehen-und-wirken-des-serbischen-zentrums-ankuendigung","status":"publish","type":"post","link":"https:\/\/serbischeszentrum.at\/de\/konzert-von-lp-duo-30-jahre-bestehen-und-wirken-des-serbischen-zentrums-ankuendigung\/","title":{"rendered":"Konzert von LP Duo \u2013 30 Jahre Bestehen und Wirken des Serbischen Zentrums &#8211; ANK\u00dcNDIGUNG"},"content":{"rendered":"\n<p>Seit \u00fcber zwei Jahrzehnten z\u00e4hlt LP Duo \u2013 bestehend aus Sonja Lon\u010dar und Andrija Pavlovi\u0107 \u2013 zu den innovativsten und progressivsten Ensembles Europas. Das serbische Klavierduo hat eine einzigartige Musiksprache entwickelt, die klassische Klavierkunst mit elektronischer Musik, Rock-Elementen und der Freiheit des Jazz verbindet. &#13;\n<\/p>\n\n<p>Ihre Virtuosit\u00e4t und kreative Kraft f\u00fchrten sie auf bedeutende internationale B\u00fchnen wie die Carnegie Hall in New York, das Concertgebouw in Amsterdam, das Kennedy Center in Washington und das renommierte Ars Electronica Festival in Linz.&#13;\n<\/p>\n\n<p>Der Konzertabend in Wien tr\u00e4gt den Titel \u201eBegegnung der Welten\u201c \u2013 ein musikalischer Dialog zwischen Tradition und Avantgarde, akustischer Authentizit\u00e4t und technologischer Innovation. <\/p>\n\n<p>Im Zentrum des Programms stehen Eigenkompositionen aus den bei Universal Music erschienenen Alben \u201eDuality\u201c und \u201eDead Sea\u201c, geschrieben speziell f\u00fcr das eigens entwickelte Hybrid Piano \u2013 ein modulares Instrument, das die Klangf\u00fclle eines Konzertfl\u00fcgels mit digitalen Klangwelten verbindet.&#13;\n<\/p>\n\n<p>Ein weiterer H\u00f6hepunkt ist die Pr\u00e4sentation des interdisziplin\u00e4ren Projekts Quantum Music, das in Zusammenarbeit mit f\u00fchrenden Quantenphysiker:innen aus Oxford, Singapur, Aarhus und Delft entstanden ist. In dieser spannenden Fusion von Wissenschaft und Kunst wird Musik zu einem Medium, das sowohl rational als auch emotional ber\u00fchrt.&#13;\n<\/p>\n\n<p>LP Duo versteht es meisterhaft, das Publikum in neue Klangr\u00e4ume zu entf\u00fchren \u2013 mit perfektem Zusammenspiel, intuitivem Ausdruck und mutiger Kreativit\u00e4t. Die Grenzen zwischen Konzert, Performance, Klanginstallation und Komposition verschwimmen \u2013 ein Erlebnis, das Intellekt und Sinne gleicherma\u00dfen anspricht.&#13;\n<\/p>\n\n<p>Weitere Informationen: www.lpduo.com<\/p>\n\n<p>Die Tickets k\u00f6nnen Sie auf der offiziellen Website des MuTh kaufen \u2013 der Link befindet sich unten https:\/\/muth.at\/programm\/begegnung-zweier-welten-2025-10-11\/<\/p>\n","protected":false},"excerpt":{"rendered":"<p>Seit \u00fcber zwei Jahrzehnten z\u00e4hlt LP Duo \u2013 bestehend aus Sonja Lon\u010dar und Andrija Pavlovi\u0107 \u2013 zu den innovativsten und progressivsten Ensembles Europas. Das serbische Klavierduo hat eine einzigartige Musiksprache entwickelt, die klassische Klavierkunst mit elektronischer Musik, Rock-Elementen und der Freiheit des Jazz verbindet. &#13; Ihre Virtuosit\u00e4t und kreative Kraft f\u00fchrten sie auf bedeutende internationale [&hellip;]<\/p>\n","protected":false},"author":4,"featured_media":20382,"comment_status":"open","ping_status":"open","sticky":false,"template":"","format":"standard","meta":{"_acf_changed":false,"footnotes":""},"categories":[41],"tags":[],"class_list":["post-20387","post","type-post","status-publish","format-standard","has-post-thumbnail","hentry","category-ereignisse"],"acf":[],"yoast_head":"<!-- This site is optimized with the Yoast SEO plugin v27.4 - https:\/\/yoast.com\/product\/yoast-seo-wordpress\/ -->\n<title>Konzert von LP Duo \u2013 30 Jahre Bestehen und Wirken des Serbischen Zentrums - ANK\u00dcNDIGUNG - Srpski centar<\/title>\n<meta name=\"robots\" content=\"index, follow, max-snippet:-1, max-image-preview:large, max-video-preview:-1\" \/>\n<link rel=\"canonical\" href=\"https:\/\/serbischeszentrum.at\/de\/konzert-von-lp-duo-30-jahre-bestehen-und-wirken-des-serbischen-zentrums-ankuendigung\/\" \/>\n<meta property=\"og:locale\" content=\"de_DE\" \/>\n<meta property=\"og:type\" content=\"article\" \/>\n<meta property=\"og:title\" content=\"Konzert von LP Duo \u2013 30 Jahre Bestehen und Wirken des Serbischen Zentrums - ANK\u00dcNDIGUNG - Srpski centar\" \/>\n<meta property=\"og:description\" content=\"Seit \u00fcber zwei Jahrzehnten z\u00e4hlt LP Duo \u2013 bestehend aus Sonja Lon\u010dar und Andrija Pavlovi\u0107 \u2013 zu den innovativsten und progressivsten Ensembles Europas. Das serbische Klavierduo hat eine einzigartige Musiksprache entwickelt, die klassische Klavierkunst mit elektronischer Musik, Rock-Elementen und der Freiheit des Jazz verbindet. &#013; Ihre Virtuosit\u00e4t und kreative Kraft f\u00fchrten sie auf bedeutende internationale [&hellip;]\" \/>\n<meta property=\"og:url\" content=\"https:\/\/serbischeszentrum.at\/de\/konzert-von-lp-duo-30-jahre-bestehen-und-wirken-des-serbischen-zentrums-ankuendigung\/\" \/>\n<meta property=\"og:site_name\" content=\"Srpski centar\" \/>\n<meta property=\"article:publisher\" content=\"https:\/\/www.facebook.com\/serbischeszentrum\" \/>\n<meta property=\"article:published_time\" content=\"2025-07-30T09:28:53+00:00\" \/>\n<meta property=\"article:modified_time\" content=\"2025-11-26T11:31:17+00:00\" \/>\n<meta property=\"og:image\" content=\"https:\/\/serbischeszentrum.at\/wp-content\/uploads\/2025\/07\/LPDUO_1200x800_SR.png\" \/>\n\t<meta property=\"og:image:width\" content=\"1200\" \/>\n\t<meta property=\"og:image:height\" content=\"800\" \/>\n\t<meta property=\"og:image:type\" content=\"image\/png\" \/>\n<meta name=\"author\" content=\"Srpski Centar\" \/>\n<meta name=\"twitter:card\" content=\"summary_large_image\" \/>\n<meta name=\"twitter:label1\" content=\"Verfasst von\" \/>\n\t<meta name=\"twitter:data1\" content=\"Srpski Centar\" \/>\n\t<meta name=\"twitter:label2\" content=\"Gesch\u00e4tzte Lesezeit\" \/>\n\t<meta name=\"twitter:data2\" content=\"1\u00a0Minute\" \/>\n<script type=\"application\/ld+json\" class=\"yoast-schema-graph\">{\"@context\":\"https:\\\/\\\/schema.org\",\"@graph\":[{\"@type\":\"Article\",\"@id\":\"https:\\\/\\\/serbischeszentrum.at\\\/de\\\/konzert-von-lp-duo-30-jahre-bestehen-und-wirken-des-serbischen-zentrums-ankuendigung\\\/#article\",\"isPartOf\":{\"@id\":\"https:\\\/\\\/serbischeszentrum.at\\\/de\\\/konzert-von-lp-duo-30-jahre-bestehen-und-wirken-des-serbischen-zentrums-ankuendigung\\\/\"},\"author\":{\"name\":\"Srpski Centar\",\"@id\":\"https:\\\/\\\/serbischeszentrum.at\\\/de\\\/#\\\/schema\\\/person\\\/be01c441f818a4b25a16c206ccac7e38\"},\"headline\":\"Konzert von LP Duo \u2013 30 Jahre Bestehen und Wirken des Serbischen Zentrums &#8211; ANK\u00dcNDIGUNG\",\"datePublished\":\"2025-07-30T09:28:53+00:00\",\"dateModified\":\"2025-11-26T11:31:17+00:00\",\"mainEntityOfPage\":{\"@id\":\"https:\\\/\\\/serbischeszentrum.at\\\/de\\\/konzert-von-lp-duo-30-jahre-bestehen-und-wirken-des-serbischen-zentrums-ankuendigung\\\/\"},\"wordCount\":281,\"commentCount\":0,\"publisher\":{\"@id\":\"https:\\\/\\\/serbischeszentrum.at\\\/de\\\/#organization\"},\"image\":{\"@id\":\"https:\\\/\\\/serbischeszentrum.at\\\/de\\\/konzert-von-lp-duo-30-jahre-bestehen-und-wirken-des-serbischen-zentrums-ankuendigung\\\/#primaryimage\"},\"thumbnailUrl\":\"https:\\\/\\\/serbischeszentrum.at\\\/wp-content\\\/uploads\\\/2025\\\/07\\\/LPDUO_1200x800_SR.png\",\"articleSection\":[\"Ereignisse\"],\"inLanguage\":\"de\",\"potentialAction\":[{\"@type\":\"CommentAction\",\"name\":\"Comment\",\"target\":[\"https:\\\/\\\/serbischeszentrum.at\\\/de\\\/konzert-von-lp-duo-30-jahre-bestehen-und-wirken-des-serbischen-zentrums-ankuendigung\\\/#respond\"]}]},{\"@type\":\"WebPage\",\"@id\":\"https:\\\/\\\/serbischeszentrum.at\\\/de\\\/konzert-von-lp-duo-30-jahre-bestehen-und-wirken-des-serbischen-zentrums-ankuendigung\\\/\",\"url\":\"https:\\\/\\\/serbischeszentrum.at\\\/de\\\/konzert-von-lp-duo-30-jahre-bestehen-und-wirken-des-serbischen-zentrums-ankuendigung\\\/\",\"name\":\"Konzert von LP Duo \u2013 30 Jahre Bestehen und Wirken des Serbischen Zentrums - ANK\u00dcNDIGUNG - Srpski centar\",\"isPartOf\":{\"@id\":\"https:\\\/\\\/serbischeszentrum.at\\\/de\\\/#website\"},\"primaryImageOfPage\":{\"@id\":\"https:\\\/\\\/serbischeszentrum.at\\\/de\\\/konzert-von-lp-duo-30-jahre-bestehen-und-wirken-des-serbischen-zentrums-ankuendigung\\\/#primaryimage\"},\"image\":{\"@id\":\"https:\\\/\\\/serbischeszentrum.at\\\/de\\\/konzert-von-lp-duo-30-jahre-bestehen-und-wirken-des-serbischen-zentrums-ankuendigung\\\/#primaryimage\"},\"thumbnailUrl\":\"https:\\\/\\\/serbischeszentrum.at\\\/wp-content\\\/uploads\\\/2025\\\/07\\\/LPDUO_1200x800_SR.png\",\"datePublished\":\"2025-07-30T09:28:53+00:00\",\"dateModified\":\"2025-11-26T11:31:17+00:00\",\"breadcrumb\":{\"@id\":\"https:\\\/\\\/serbischeszentrum.at\\\/de\\\/konzert-von-lp-duo-30-jahre-bestehen-und-wirken-des-serbischen-zentrums-ankuendigung\\\/#breadcrumb\"},\"inLanguage\":\"de\",\"potentialAction\":[{\"@type\":\"ReadAction\",\"target\":[\"https:\\\/\\\/serbischeszentrum.at\\\/de\\\/konzert-von-lp-duo-30-jahre-bestehen-und-wirken-des-serbischen-zentrums-ankuendigung\\\/\"]}]},{\"@type\":\"ImageObject\",\"inLanguage\":\"de\",\"@id\":\"https:\\\/\\\/serbischeszentrum.at\\\/de\\\/konzert-von-lp-duo-30-jahre-bestehen-und-wirken-des-serbischen-zentrums-ankuendigung\\\/#primaryimage\",\"url\":\"https:\\\/\\\/serbischeszentrum.at\\\/wp-content\\\/uploads\\\/2025\\\/07\\\/LPDUO_1200x800_SR.png\",\"contentUrl\":\"https:\\\/\\\/serbischeszentrum.at\\\/wp-content\\\/uploads\\\/2025\\\/07\\\/LPDUO_1200x800_SR.png\",\"width\":1200,\"height\":800},{\"@type\":\"BreadcrumbList\",\"@id\":\"https:\\\/\\\/serbischeszentrum.at\\\/de\\\/konzert-von-lp-duo-30-jahre-bestehen-und-wirken-des-serbischen-zentrums-ankuendigung\\\/#breadcrumb\",\"itemListElement\":[{\"@type\":\"ListItem\",\"position\":1,\"name\":\"Home\",\"item\":\"https:\\\/\\\/serbischeszentrum.at\\\/de\\\/\"},{\"@type\":\"ListItem\",\"position\":2,\"name\":\"Konzert von LP Duo \u2013 30 Jahre Bestehen und Wirken des Serbischen Zentrums &#8211; ANK\u00dcNDIGUNG\"}]},{\"@type\":\"WebSite\",\"@id\":\"https:\\\/\\\/serbischeszentrum.at\\\/de\\\/#website\",\"url\":\"https:\\\/\\\/serbischeszentrum.at\\\/de\\\/\",\"name\":\"Srpski centar\",\"description\":\"Platforma dru\u0161tvenih i kulturnih inicijativa\",\"publisher\":{\"@id\":\"https:\\\/\\\/serbischeszentrum.at\\\/de\\\/#organization\"},\"potentialAction\":[{\"@type\":\"SearchAction\",\"target\":{\"@type\":\"EntryPoint\",\"urlTemplate\":\"https:\\\/\\\/serbischeszentrum.at\\\/de\\\/?s={search_term_string}\"},\"query-input\":{\"@type\":\"PropertyValueSpecification\",\"valueRequired\":true,\"valueName\":\"search_term_string\"}}],\"inLanguage\":\"de\"},{\"@type\":\"Organization\",\"@id\":\"https:\\\/\\\/serbischeszentrum.at\\\/de\\\/#organization\",\"name\":\"Serbishes Zentrum\",\"alternateName\":\"Srpski Centar\",\"url\":\"https:\\\/\\\/serbischeszentrum.at\\\/de\\\/\",\"logo\":{\"@type\":\"ImageObject\",\"inLanguage\":\"de\",\"@id\":\"https:\\\/\\\/serbischeszentrum.at\\\/de\\\/#\\\/schema\\\/logo\\\/image\\\/\",\"url\":\"https:\\\/\\\/serbischeszentrum.at\\\/wp-content\\\/uploads\\\/2022\\\/09\\\/srpski-centar-logo-kruzni.jpg\",\"contentUrl\":\"https:\\\/\\\/serbischeszentrum.at\\\/wp-content\\\/uploads\\\/2022\\\/09\\\/srpski-centar-logo-kruzni.jpg\",\"width\":1000,\"height\":1000,\"caption\":\"Serbishes Zentrum\"},\"image\":{\"@id\":\"https:\\\/\\\/serbischeszentrum.at\\\/de\\\/#\\\/schema\\\/logo\\\/image\\\/\"},\"sameAs\":[\"https:\\\/\\\/www.facebook.com\\\/serbischeszentrum\",\"https:\\\/\\\/www.instagram.com\\\/serbischeszentrum\\\/\"]},{\"@type\":\"Person\",\"@id\":\"https:\\\/\\\/serbischeszentrum.at\\\/de\\\/#\\\/schema\\\/person\\\/be01c441f818a4b25a16c206ccac7e38\",\"name\":\"Srpski Centar\",\"image\":{\"@type\":\"ImageObject\",\"inLanguage\":\"de\",\"@id\":\"https:\\\/\\\/secure.gravatar.com\\\/avatar\\\/60c9d36e595b167fba91ae0df2220cd40fc459fe63837eeb77a264740307ceb7?s=96&d=mm&r=g\",\"url\":\"https:\\\/\\\/secure.gravatar.com\\\/avatar\\\/60c9d36e595b167fba91ae0df2220cd40fc459fe63837eeb77a264740307ceb7?s=96&d=mm&r=g\",\"contentUrl\":\"https:\\\/\\\/secure.gravatar.com\\\/avatar\\\/60c9d36e595b167fba91ae0df2220cd40fc459fe63837eeb77a264740307ceb7?s=96&d=mm&r=g\",\"caption\":\"Srpski Centar\"},\"url\":\"https:\\\/\\\/serbischeszentrum.at\\\/de\\\/author\\\/srpski-centar\\\/\"}]}<\/script>\n<!-- \/ Yoast SEO plugin. -->","yoast_head_json":{"title":"Konzert von LP Duo \u2013 30 Jahre Bestehen und Wirken des Serbischen Zentrums - ANK\u00dcNDIGUNG - Srpski centar","robots":{"index":"index","follow":"follow","max-snippet":"max-snippet:-1","max-image-preview":"max-image-preview:large","max-video-preview":"max-video-preview:-1"},"canonical":"https:\/\/serbischeszentrum.at\/de\/konzert-von-lp-duo-30-jahre-bestehen-und-wirken-des-serbischen-zentrums-ankuendigung\/","og_locale":"de_DE","og_type":"article","og_title":"Konzert von LP Duo \u2013 30 Jahre Bestehen und Wirken des Serbischen Zentrums - ANK\u00dcNDIGUNG - Srpski centar","og_description":"Seit \u00fcber zwei Jahrzehnten z\u00e4hlt LP Duo \u2013 bestehend aus Sonja Lon\u010dar und Andrija Pavlovi\u0107 \u2013 zu den innovativsten und progressivsten Ensembles Europas. Das serbische Klavierduo hat eine einzigartige Musiksprache entwickelt, die klassische Klavierkunst mit elektronischer Musik, Rock-Elementen und der Freiheit des Jazz verbindet. &#13; Ihre Virtuosit\u00e4t und kreative Kraft f\u00fchrten sie auf bedeutende internationale [&hellip;]","og_url":"https:\/\/serbischeszentrum.at\/de\/konzert-von-lp-duo-30-jahre-bestehen-und-wirken-des-serbischen-zentrums-ankuendigung\/","og_site_name":"Srpski centar","article_publisher":"https:\/\/www.facebook.com\/serbischeszentrum","article_published_time":"2025-07-30T09:28:53+00:00","article_modified_time":"2025-11-26T11:31:17+00:00","og_image":[{"width":1200,"height":800,"url":"https:\/\/serbischeszentrum.at\/wp-content\/uploads\/2025\/07\/LPDUO_1200x800_SR.png","type":"image\/png"}],"author":"Srpski Centar","twitter_card":"summary_large_image","twitter_misc":{"Verfasst von":"Srpski Centar","Gesch\u00e4tzte Lesezeit":"1\u00a0Minute"},"schema":{"@context":"https:\/\/schema.org","@graph":[{"@type":"Article","@id":"https:\/\/serbischeszentrum.at\/de\/konzert-von-lp-duo-30-jahre-bestehen-und-wirken-des-serbischen-zentrums-ankuendigung\/#article","isPartOf":{"@id":"https:\/\/serbischeszentrum.at\/de\/konzert-von-lp-duo-30-jahre-bestehen-und-wirken-des-serbischen-zentrums-ankuendigung\/"},"author":{"name":"Srpski Centar","@id":"https:\/\/serbischeszentrum.at\/de\/#\/schema\/person\/be01c441f818a4b25a16c206ccac7e38"},"headline":"Konzert von LP Duo \u2013 30 Jahre Bestehen und Wirken des Serbischen Zentrums &#8211; ANK\u00dcNDIGUNG","datePublished":"2025-07-30T09:28:53+00:00","dateModified":"2025-11-26T11:31:17+00:00","mainEntityOfPage":{"@id":"https:\/\/serbischeszentrum.at\/de\/konzert-von-lp-duo-30-jahre-bestehen-und-wirken-des-serbischen-zentrums-ankuendigung\/"},"wordCount":281,"commentCount":0,"publisher":{"@id":"https:\/\/serbischeszentrum.at\/de\/#organization"},"image":{"@id":"https:\/\/serbischeszentrum.at\/de\/konzert-von-lp-duo-30-jahre-bestehen-und-wirken-des-serbischen-zentrums-ankuendigung\/#primaryimage"},"thumbnailUrl":"https:\/\/serbischeszentrum.at\/wp-content\/uploads\/2025\/07\/LPDUO_1200x800_SR.png","articleSection":["Ereignisse"],"inLanguage":"de","potentialAction":[{"@type":"CommentAction","name":"Comment","target":["https:\/\/serbischeszentrum.at\/de\/konzert-von-lp-duo-30-jahre-bestehen-und-wirken-des-serbischen-zentrums-ankuendigung\/#respond"]}]},{"@type":"WebPage","@id":"https:\/\/serbischeszentrum.at\/de\/konzert-von-lp-duo-30-jahre-bestehen-und-wirken-des-serbischen-zentrums-ankuendigung\/","url":"https:\/\/serbischeszentrum.at\/de\/konzert-von-lp-duo-30-jahre-bestehen-und-wirken-des-serbischen-zentrums-ankuendigung\/","name":"Konzert von LP Duo \u2013 30 Jahre Bestehen und Wirken des Serbischen Zentrums - ANK\u00dcNDIGUNG - Srpski centar","isPartOf":{"@id":"https:\/\/serbischeszentrum.at\/de\/#website"},"primaryImageOfPage":{"@id":"https:\/\/serbischeszentrum.at\/de\/konzert-von-lp-duo-30-jahre-bestehen-und-wirken-des-serbischen-zentrums-ankuendigung\/#primaryimage"},"image":{"@id":"https:\/\/serbischeszentrum.at\/de\/konzert-von-lp-duo-30-jahre-bestehen-und-wirken-des-serbischen-zentrums-ankuendigung\/#primaryimage"},"thumbnailUrl":"https:\/\/serbischeszentrum.at\/wp-content\/uploads\/2025\/07\/LPDUO_1200x800_SR.png","datePublished":"2025-07-30T09:28:53+00:00","dateModified":"2025-11-26T11:31:17+00:00","breadcrumb":{"@id":"https:\/\/serbischeszentrum.at\/de\/konzert-von-lp-duo-30-jahre-bestehen-und-wirken-des-serbischen-zentrums-ankuendigung\/#breadcrumb"},"inLanguage":"de","potentialAction":[{"@type":"ReadAction","target":["https:\/\/serbischeszentrum.at\/de\/konzert-von-lp-duo-30-jahre-bestehen-und-wirken-des-serbischen-zentrums-ankuendigung\/"]}]},{"@type":"ImageObject","inLanguage":"de","@id":"https:\/\/serbischeszentrum.at\/de\/konzert-von-lp-duo-30-jahre-bestehen-und-wirken-des-serbischen-zentrums-ankuendigung\/#primaryimage","url":"https:\/\/serbischeszentrum.at\/wp-content\/uploads\/2025\/07\/LPDUO_1200x800_SR.png","contentUrl":"https:\/\/serbischeszentrum.at\/wp-content\/uploads\/2025\/07\/LPDUO_1200x800_SR.png","width":1200,"height":800},{"@type":"BreadcrumbList","@id":"https:\/\/serbischeszentrum.at\/de\/konzert-von-lp-duo-30-jahre-bestehen-und-wirken-des-serbischen-zentrums-ankuendigung\/#breadcrumb","itemListElement":[{"@type":"ListItem","position":1,"name":"Home","item":"https:\/\/serbischeszentrum.at\/de\/"},{"@type":"ListItem","position":2,"name":"Konzert von LP Duo \u2013 30 Jahre Bestehen und Wirken des Serbischen Zentrums &#8211; ANK\u00dcNDIGUNG"}]},{"@type":"WebSite","@id":"https:\/\/serbischeszentrum.at\/de\/#website","url":"https:\/\/serbischeszentrum.at\/de\/","name":"Srpski centar","description":"Platforma dru\u0161tvenih i kulturnih inicijativa","publisher":{"@id":"https:\/\/serbischeszentrum.at\/de\/#organization"},"potentialAction":[{"@type":"SearchAction","target":{"@type":"EntryPoint","urlTemplate":"https:\/\/serbischeszentrum.at\/de\/?s={search_term_string}"},"query-input":{"@type":"PropertyValueSpecification","valueRequired":true,"valueName":"search_term_string"}}],"inLanguage":"de"},{"@type":"Organization","@id":"https:\/\/serbischeszentrum.at\/de\/#organization","name":"Serbishes Zentrum","alternateName":"Srpski Centar","url":"https:\/\/serbischeszentrum.at\/de\/","logo":{"@type":"ImageObject","inLanguage":"de","@id":"https:\/\/serbischeszentrum.at\/de\/#\/schema\/logo\/image\/","url":"https:\/\/serbischeszentrum.at\/wp-content\/uploads\/2022\/09\/srpski-centar-logo-kruzni.jpg","contentUrl":"https:\/\/serbischeszentrum.at\/wp-content\/uploads\/2022\/09\/srpski-centar-logo-kruzni.jpg","width":1000,"height":1000,"caption":"Serbishes Zentrum"},"image":{"@id":"https:\/\/serbischeszentrum.at\/de\/#\/schema\/logo\/image\/"},"sameAs":["https:\/\/www.facebook.com\/serbischeszentrum","https:\/\/www.instagram.com\/serbischeszentrum\/"]},{"@type":"Person","@id":"https:\/\/serbischeszentrum.at\/de\/#\/schema\/person\/be01c441f818a4b25a16c206ccac7e38","name":"Srpski Centar","image":{"@type":"ImageObject","inLanguage":"de","@id":"https:\/\/secure.gravatar.com\/avatar\/60c9d36e595b167fba91ae0df2220cd40fc459fe63837eeb77a264740307ceb7?s=96&d=mm&r=g","url":"https:\/\/secure.gravatar.com\/avatar\/60c9d36e595b167fba91ae0df2220cd40fc459fe63837eeb77a264740307ceb7?s=96&d=mm&r=g","contentUrl":"https:\/\/secure.gravatar.com\/avatar\/60c9d36e595b167fba91ae0df2220cd40fc459fe63837eeb77a264740307ceb7?s=96&d=mm&r=g","caption":"Srpski Centar"},"url":"https:\/\/serbischeszentrum.at\/de\/author\/srpski-centar\/"}]}},"_links":{"self":[{"href":"https:\/\/serbischeszentrum.at\/de\/wp-json\/wp\/v2\/posts\/20387","targetHints":{"allow":["GET"]}}],"collection":[{"href":"https:\/\/serbischeszentrum.at\/de\/wp-json\/wp\/v2\/posts"}],"about":[{"href":"https:\/\/serbischeszentrum.at\/de\/wp-json\/wp\/v2\/types\/post"}],"author":[{"embeddable":true,"href":"https:\/\/serbischeszentrum.at\/de\/wp-json\/wp\/v2\/users\/4"}],"replies":[{"embeddable":true,"href":"https:\/\/serbischeszentrum.at\/de\/wp-json\/wp\/v2\/comments?post=20387"}],"version-history":[{"count":2,"href":"https:\/\/serbischeszentrum.at\/de\/wp-json\/wp\/v2\/posts\/20387\/revisions"}],"predecessor-version":[{"id":20697,"href":"https:\/\/serbischeszentrum.at\/de\/wp-json\/wp\/v2\/posts\/20387\/revisions\/20697"}],"wp:featuredmedia":[{"embeddable":true,"href":"https:\/\/serbischeszentrum.at\/de\/wp-json\/wp\/v2\/media\/20382"}],"wp:attachment":[{"href":"https:\/\/serbischeszentrum.at\/de\/wp-json\/wp\/v2\/media?parent=20387"}],"wp:term":[{"taxonomy":"category","embeddable":true,"href":"https:\/\/serbischeszentrum.at\/de\/wp-json\/wp\/v2\/categories?post=20387"},{"taxonomy":"post_tag","embeddable":true,"href":"https:\/\/serbischeszentrum.at\/de\/wp-json\/wp\/v2\/tags?post=20387"}],"curies":[{"name":"wp","href":"https:\/\/api.w.org\/{rel}","templated":true}]}}