{"id":20146,"date":"2023-06-02T18:44:00","date_gmt":"2023-06-02T18:44:00","guid":{"rendered":"https:\/\/serbischeszentrum.at\/der-sieg-der-menschlichkeit-bericht\/"},"modified":"2025-04-09T18:57:54","modified_gmt":"2025-04-09T18:57:54","slug":"der-sieg-der-menschlichkeit-bericht","status":"publish","type":"post","link":"https:\/\/serbischeszentrum.at\/de\/der-sieg-der-menschlichkeit-bericht\/","title":{"rendered":"Der Sieg der Menschlichkeit &#8211; BERICHT"},"content":{"rendered":"\n<p>Die zweite Ausgabe der Kultur- und Benefizveranstaltung \u201eHumetnost\u201c fand am Freitag, dem 2. Juni 2023, im Festsaal der Volkshochschule im 15. Wiener Gemeindebezirk statt und vereinte zahlreiche Mitwirkende.<br\/><br\/><br\/><\/p>\n\n<p>Die Veranstaltung setzte ein starkes Zeichen f\u00fcr Gemeinschaftsgeist, Teamarbeit und Sport und unterst\u00fctzte zugleich den Basketballverein \u201eCentar\u201c aus Kosovska Mitrovica.<br\/><br\/><\/p>\n\n<p>Rund 400 G\u00e4ste f\u00fcllten den Saal und genossen ein 90-min\u00fctiges Programm, das nicht nur das hohe k\u00fcnstlerische Niveau der Teilnehmenden widerspiegelte, sondern auch ihre selbstlose Bereitschaft, mit ihrem Auftritt anderen zu helfen.<br\/><br\/><\/p>\n\n<p>Neben dem Serbischen Zentrum beteiligten sich zahlreiche Gruppen und Einzelk\u00fcnstler an der Veranstaltung: das Orchester des Vereins serbischer Studierender in Wien (OSSI), der Klub junger K\u00fcnstler, der Kinderkirchenchor \u201eSvetosavci\u201c, der Kinderchor des SPKD \u201eProsvjeta\u201c, die Kulturvereine \u201eJedinstvo\u201c und \u201eBranko Radi\u010devi\u0107\u201c aus Wien, Katarina Kova\u010devi\u0107, Milica Nikoli\u0107, Lorena Jankovi\u0107, die Violinistin Tanja Pau\u010danovi\u0107, die Sch\u00fclerin der Harmonikaschule von Momir Marijokovi\u0107, sowie der Akkordeonist \u0110or\u0111e Davidovi\u0107.<br\/><br\/><\/p>\n\n<p>Ein begleitender Basar erm\u00f6glichte den G\u00e4sten, mit dem Kauf von Kunstwerken, B\u00fcchern und Kinderzeichnungen einen Beitrag zu leisten. Ein besonderes Highlight war die Versteigerung eines vom serbischen Basketballverband signierten Trikots sowie eines signierten Balls der Nationalspieler.<br\/><br\/><\/p>\n\n<p>\u201eHumetnost\u201c zeigte eindrucksvoll die Verbundenheit zwischen Kindern aus \u00d6sterreich und ihren Altersgenossen im Kosovo und in Metochien. Insgesamt wurden 3.050 Euro gesammelt.<br\/><br\/><\/p>\n\n<p>Das Serbische Zentrum wird die Spenden pers\u00f6nlich an die Kinder im Kosovo und in Metochien \u00fcbergeben.<\/p>\n\n<div class=\"wp-block-columns is-layout-flex wp-container-core-columns-is-layout-28f84493 wp-block-columns-is-layout-flex\">\n<div class=\"wp-block-column is-layout-flow wp-block-column-is-layout-flow\">\n<figure class=\"wp-block-image size-large\"><img fetchpriority=\"high\" decoding=\"async\" width=\"1024\" height=\"768\" src=\"https:\/\/serbischeszentrum.at\/wp-content\/uploads\/2025\/04\/O1M36629-1024x768.jpg\" alt=\"\" class=\"wp-image-20092\" srcset=\"https:\/\/serbischeszentrum.at\/wp-content\/uploads\/2025\/04\/O1M36629-1024x768.jpg 1024w, https:\/\/serbischeszentrum.at\/wp-content\/uploads\/2025\/04\/O1M36629-300x225.jpg 300w, https:\/\/serbischeszentrum.at\/wp-content\/uploads\/2025\/04\/O1M36629-768x576.jpg 768w, https:\/\/serbischeszentrum.at\/wp-content\/uploads\/2025\/04\/O1M36629-1536x1152.jpg 1536w, https:\/\/serbischeszentrum.at\/wp-content\/uploads\/2025\/04\/O1M36629.jpg 1600w\" sizes=\"(max-width: 1024px) 100vw, 1024px\" \/><\/figure>\n<\/div>\n\n\n\n<div class=\"wp-block-column is-layout-flow wp-block-column-is-layout-flow\">\n<figure class=\"wp-block-image size-large\"><img decoding=\"async\" width=\"1024\" height=\"768\" src=\"https:\/\/serbischeszentrum.at\/wp-content\/uploads\/2025\/04\/O1M36992-1024x768.jpg\" alt=\"\" class=\"wp-image-20140\" srcset=\"https:\/\/serbischeszentrum.at\/wp-content\/uploads\/2025\/04\/O1M36992-1024x768.jpg 1024w, https:\/\/serbischeszentrum.at\/wp-content\/uploads\/2025\/04\/O1M36992-300x225.jpg 300w, https:\/\/serbischeszentrum.at\/wp-content\/uploads\/2025\/04\/O1M36992-768x576.jpg 768w, https:\/\/serbischeszentrum.at\/wp-content\/uploads\/2025\/04\/O1M36992-1536x1152.jpg 1536w, https:\/\/serbischeszentrum.at\/wp-content\/uploads\/2025\/04\/O1M36992.jpg 1600w\" sizes=\"(max-width: 1024px) 100vw, 1024px\" \/><\/figure>\n<\/div>\n\n\n\n<div class=\"wp-block-column is-layout-flow wp-block-column-is-layout-flow\">\n<figure class=\"wp-block-image size-large\"><img decoding=\"async\" width=\"1024\" height=\"768\" src=\"https:\/\/serbischeszentrum.at\/wp-content\/uploads\/2025\/04\/O1M36779-1024x768.jpg\" alt=\"\" class=\"wp-image-20098\" srcset=\"https:\/\/serbischeszentrum.at\/wp-content\/uploads\/2025\/04\/O1M36779-1024x768.jpg 1024w, https:\/\/serbischeszentrum.at\/wp-content\/uploads\/2025\/04\/O1M36779-300x225.jpg 300w, https:\/\/serbischeszentrum.at\/wp-content\/uploads\/2025\/04\/O1M36779-768x576.jpg 768w, https:\/\/serbischeszentrum.at\/wp-content\/uploads\/2025\/04\/O1M36779-1536x1152.jpg 1536w, https:\/\/serbischeszentrum.at\/wp-content\/uploads\/2025\/04\/O1M36779.jpg 1600w\" sizes=\"(max-width: 1024px) 100vw, 1024px\" \/><\/figure>\n<\/div>\n<\/div>\n\n<div class=\"wp-block-columns is-layout-flex wp-container-core-columns-is-layout-28f84493 wp-block-columns-is-layout-flex\">\n<div class=\"wp-block-column is-layout-flow wp-block-column-is-layout-flow\">\n<figure class=\"wp-block-image size-large\"><img loading=\"lazy\" decoding=\"async\" width=\"1024\" height=\"681\" src=\"https:\/\/serbischeszentrum.at\/wp-content\/uploads\/2025\/04\/DSC_3644-1024x681.jpg\" alt=\"\" class=\"wp-image-20101\" srcset=\"https:\/\/serbischeszentrum.at\/wp-content\/uploads\/2025\/04\/DSC_3644-1024x681.jpg 1024w, https:\/\/serbischeszentrum.at\/wp-content\/uploads\/2025\/04\/DSC_3644-300x200.jpg 300w, https:\/\/serbischeszentrum.at\/wp-content\/uploads\/2025\/04\/DSC_3644-768x511.jpg 768w, https:\/\/serbischeszentrum.at\/wp-content\/uploads\/2025\/04\/DSC_3644-1536x1022.jpg 1536w, https:\/\/serbischeszentrum.at\/wp-content\/uploads\/2025\/04\/DSC_3644-2048x1363.jpg 2048w\" sizes=\"(max-width: 1024px) 100vw, 1024px\" \/><\/figure>\n<\/div>\n\n\n\n<div class=\"wp-block-column is-layout-flow wp-block-column-is-layout-flow\">\n<figure class=\"wp-block-image size-large\"><img loading=\"lazy\" decoding=\"async\" width=\"1024\" height=\"681\" src=\"https:\/\/serbischeszentrum.at\/wp-content\/uploads\/2025\/04\/DSC_3673-1024x681.jpg\" alt=\"\" class=\"wp-image-20104\" srcset=\"https:\/\/serbischeszentrum.at\/wp-content\/uploads\/2025\/04\/DSC_3673-1024x681.jpg 1024w, https:\/\/serbischeszentrum.at\/wp-content\/uploads\/2025\/04\/DSC_3673-300x200.jpg 300w, https:\/\/serbischeszentrum.at\/wp-content\/uploads\/2025\/04\/DSC_3673-768x511.jpg 768w, https:\/\/serbischeszentrum.at\/wp-content\/uploads\/2025\/04\/DSC_3673-1536x1022.jpg 1536w, https:\/\/serbischeszentrum.at\/wp-content\/uploads\/2025\/04\/DSC_3673-2048x1363.jpg 2048w\" sizes=\"(max-width: 1024px) 100vw, 1024px\" \/><\/figure>\n<\/div>\n\n\n\n<div class=\"wp-block-column is-layout-flow wp-block-column-is-layout-flow\">\n<figure class=\"wp-block-image size-large\"><img loading=\"lazy\" decoding=\"async\" width=\"1024\" height=\"681\" src=\"https:\/\/serbischeszentrum.at\/wp-content\/uploads\/2025\/04\/DSC_3731-1024x681.jpg\" alt=\"\" class=\"wp-image-20107\" srcset=\"https:\/\/serbischeszentrum.at\/wp-content\/uploads\/2025\/04\/DSC_3731-1024x681.jpg 1024w, https:\/\/serbischeszentrum.at\/wp-content\/uploads\/2025\/04\/DSC_3731-300x200.jpg 300w, https:\/\/serbischeszentrum.at\/wp-content\/uploads\/2025\/04\/DSC_3731-768x511.jpg 768w, https:\/\/serbischeszentrum.at\/wp-content\/uploads\/2025\/04\/DSC_3731-1536x1022.jpg 1536w, https:\/\/serbischeszentrum.at\/wp-content\/uploads\/2025\/04\/DSC_3731-2048x1363.jpg 2048w\" sizes=\"(max-width: 1024px) 100vw, 1024px\" \/><\/figure>\n<\/div>\n<\/div>\n\n<div class=\"wp-block-columns is-layout-flex wp-container-core-columns-is-layout-28f84493 wp-block-columns-is-layout-flex\">\n<div class=\"wp-block-column is-layout-flow wp-block-column-is-layout-flow\">\n<figure class=\"wp-block-image size-large\"><img loading=\"lazy\" decoding=\"async\" width=\"1024\" height=\"768\" src=\"https:\/\/serbischeszentrum.at\/wp-content\/uploads\/2025\/04\/O1M36718-1024x768.jpg\" alt=\"\" class=\"wp-image-20113\" srcset=\"https:\/\/serbischeszentrum.at\/wp-content\/uploads\/2025\/04\/O1M36718-1024x768.jpg 1024w, https:\/\/serbischeszentrum.at\/wp-content\/uploads\/2025\/04\/O1M36718-300x225.jpg 300w, https:\/\/serbischeszentrum.at\/wp-content\/uploads\/2025\/04\/O1M36718-768x576.jpg 768w, https:\/\/serbischeszentrum.at\/wp-content\/uploads\/2025\/04\/O1M36718-1536x1152.jpg 1536w, https:\/\/serbischeszentrum.at\/wp-content\/uploads\/2025\/04\/O1M36718.jpg 1600w\" sizes=\"(max-width: 1024px) 100vw, 1024px\" \/><\/figure>\n<\/div>\n\n\n\n<div class=\"wp-block-column is-layout-flow wp-block-column-is-layout-flow\">\n<figure class=\"wp-block-image size-large\"><img loading=\"lazy\" decoding=\"async\" width=\"1024\" height=\"768\" src=\"https:\/\/serbischeszentrum.at\/wp-content\/uploads\/2025\/04\/O1M36797-1024x768.jpg\" alt=\"\" class=\"wp-image-20116\" srcset=\"https:\/\/serbischeszentrum.at\/wp-content\/uploads\/2025\/04\/O1M36797-1024x768.jpg 1024w, https:\/\/serbischeszentrum.at\/wp-content\/uploads\/2025\/04\/O1M36797-300x225.jpg 300w, https:\/\/serbischeszentrum.at\/wp-content\/uploads\/2025\/04\/O1M36797-768x576.jpg 768w, https:\/\/serbischeszentrum.at\/wp-content\/uploads\/2025\/04\/O1M36797-1536x1152.jpg 1536w, https:\/\/serbischeszentrum.at\/wp-content\/uploads\/2025\/04\/O1M36797.jpg 1600w\" sizes=\"(max-width: 1024px) 100vw, 1024px\" \/><\/figure>\n<\/div>\n\n\n\n<div class=\"wp-block-column is-layout-flow wp-block-column-is-layout-flow\">\n<figure class=\"wp-block-image size-large\"><img loading=\"lazy\" decoding=\"async\" width=\"1024\" height=\"768\" src=\"https:\/\/serbischeszentrum.at\/wp-content\/uploads\/2025\/04\/O1M36857-1024x768.jpg\" alt=\"\" class=\"wp-image-20119\" srcset=\"https:\/\/serbischeszentrum.at\/wp-content\/uploads\/2025\/04\/O1M36857-1024x768.jpg 1024w, https:\/\/serbischeszentrum.at\/wp-content\/uploads\/2025\/04\/O1M36857-300x225.jpg 300w, https:\/\/serbischeszentrum.at\/wp-content\/uploads\/2025\/04\/O1M36857-768x576.jpg 768w, https:\/\/serbischeszentrum.at\/wp-content\/uploads\/2025\/04\/O1M36857-1536x1152.jpg 1536w, https:\/\/serbischeszentrum.at\/wp-content\/uploads\/2025\/04\/O1M36857.jpg 1600w\" sizes=\"(max-width: 1024px) 100vw, 1024px\" \/><\/figure>\n<\/div>\n<\/div>\n\n<div class=\"wp-block-columns is-layout-flex wp-container-core-columns-is-layout-28f84493 wp-block-columns-is-layout-flex\">\n<div class=\"wp-block-column is-layout-flow wp-block-column-is-layout-flow\">\n<figure class=\"wp-block-image size-large\"><img loading=\"lazy\" decoding=\"async\" width=\"1024\" height=\"768\" src=\"https:\/\/serbischeszentrum.at\/wp-content\/uploads\/2025\/04\/O1M36892-1024x768.jpg\" alt=\"\" class=\"wp-image-20122\" srcset=\"https:\/\/serbischeszentrum.at\/wp-content\/uploads\/2025\/04\/O1M36892-1024x768.jpg 1024w, https:\/\/serbischeszentrum.at\/wp-content\/uploads\/2025\/04\/O1M36892-300x225.jpg 300w, https:\/\/serbischeszentrum.at\/wp-content\/uploads\/2025\/04\/O1M36892-768x576.jpg 768w, https:\/\/serbischeszentrum.at\/wp-content\/uploads\/2025\/04\/O1M36892-1536x1152.jpg 1536w, https:\/\/serbischeszentrum.at\/wp-content\/uploads\/2025\/04\/O1M36892.jpg 1600w\" sizes=\"(max-width: 1024px) 100vw, 1024px\" \/><\/figure>\n<\/div>\n\n\n\n<div class=\"wp-block-column is-layout-flow wp-block-column-is-layout-flow\">\n<figure class=\"wp-block-image size-large\"><img loading=\"lazy\" decoding=\"async\" width=\"1024\" height=\"768\" src=\"https:\/\/serbischeszentrum.at\/wp-content\/uploads\/2025\/04\/O1M36931-1024x768.jpg\" alt=\"\" class=\"wp-image-20125\" srcset=\"https:\/\/serbischeszentrum.at\/wp-content\/uploads\/2025\/04\/O1M36931-1024x768.jpg 1024w, https:\/\/serbischeszentrum.at\/wp-content\/uploads\/2025\/04\/O1M36931-300x225.jpg 300w, https:\/\/serbischeszentrum.at\/wp-content\/uploads\/2025\/04\/O1M36931-768x576.jpg 768w, https:\/\/serbischeszentrum.at\/wp-content\/uploads\/2025\/04\/O1M36931-1536x1152.jpg 1536w, https:\/\/serbischeszentrum.at\/wp-content\/uploads\/2025\/04\/O1M36931.jpg 1600w\" sizes=\"(max-width: 1024px) 100vw, 1024px\" \/><\/figure>\n<\/div>\n\n\n\n<div class=\"wp-block-column is-layout-flow wp-block-column-is-layout-flow\">\n<figure class=\"wp-block-image size-large\"><img loading=\"lazy\" decoding=\"async\" width=\"1024\" height=\"768\" src=\"https:\/\/serbischeszentrum.at\/wp-content\/uploads\/2025\/04\/O1M36946-1024x768.jpg\" alt=\"\" class=\"wp-image-20128\" srcset=\"https:\/\/serbischeszentrum.at\/wp-content\/uploads\/2025\/04\/O1M36946-1024x768.jpg 1024w, https:\/\/serbischeszentrum.at\/wp-content\/uploads\/2025\/04\/O1M36946-300x225.jpg 300w, https:\/\/serbischeszentrum.at\/wp-content\/uploads\/2025\/04\/O1M36946-768x576.jpg 768w, https:\/\/serbischeszentrum.at\/wp-content\/uploads\/2025\/04\/O1M36946-1536x1152.jpg 1536w, https:\/\/serbischeszentrum.at\/wp-content\/uploads\/2025\/04\/O1M36946.jpg 1600w\" sizes=\"(max-width: 1024px) 100vw, 1024px\" \/><\/figure>\n<\/div>\n<\/div>\n\n<div class=\"wp-block-columns is-layout-flex wp-container-core-columns-is-layout-28f84493 wp-block-columns-is-layout-flex\">\n<div class=\"wp-block-column is-layout-flow wp-block-column-is-layout-flow\">\n<figure class=\"wp-block-image size-large\"><img loading=\"lazy\" decoding=\"async\" width=\"768\" height=\"1024\" src=\"https:\/\/serbischeszentrum.at\/wp-content\/uploads\/2025\/04\/O1M37031-768x1024.jpg\" alt=\"\" class=\"wp-image-20131\" srcset=\"https:\/\/serbischeszentrum.at\/wp-content\/uploads\/2025\/04\/O1M37031-768x1024.jpg 768w, https:\/\/serbischeszentrum.at\/wp-content\/uploads\/2025\/04\/O1M37031-225x300.jpg 225w, https:\/\/serbischeszentrum.at\/wp-content\/uploads\/2025\/04\/O1M37031-1152x1536.jpg 1152w, https:\/\/serbischeszentrum.at\/wp-content\/uploads\/2025\/04\/O1M37031.jpg 1200w\" sizes=\"(max-width: 768px) 100vw, 768px\" \/><\/figure>\n<\/div>\n\n\n\n<div class=\"wp-block-column is-layout-flow wp-block-column-is-layout-flow\">\n<figure class=\"wp-block-image size-large\"><img loading=\"lazy\" decoding=\"async\" width=\"768\" height=\"1024\" src=\"https:\/\/serbischeszentrum.at\/wp-content\/uploads\/2025\/04\/O1M37022-768x1024.jpg\" alt=\"\" class=\"wp-image-20134\" srcset=\"https:\/\/serbischeszentrum.at\/wp-content\/uploads\/2025\/04\/O1M37022-768x1024.jpg 768w, https:\/\/serbischeszentrum.at\/wp-content\/uploads\/2025\/04\/O1M37022-225x300.jpg 225w, https:\/\/serbischeszentrum.at\/wp-content\/uploads\/2025\/04\/O1M37022-1152x1536.jpg 1152w, https:\/\/serbischeszentrum.at\/wp-content\/uploads\/2025\/04\/O1M37022.jpg 1200w\" sizes=\"(max-width: 768px) 100vw, 768px\" \/><\/figure>\n<\/div>\n\n\n\n<div class=\"wp-block-column is-layout-flow wp-block-column-is-layout-flow\">\n<figure class=\"wp-block-image size-large\"><img loading=\"lazy\" decoding=\"async\" width=\"768\" height=\"1024\" src=\"https:\/\/serbischeszentrum.at\/wp-content\/uploads\/2025\/04\/O1M36957-768x1024.jpg\" alt=\"\" class=\"wp-image-20137\" srcset=\"https:\/\/serbischeszentrum.at\/wp-content\/uploads\/2025\/04\/O1M36957-768x1024.jpg 768w, https:\/\/serbischeszentrum.at\/wp-content\/uploads\/2025\/04\/O1M36957-225x300.jpg 225w, https:\/\/serbischeszentrum.at\/wp-content\/uploads\/2025\/04\/O1M36957-1152x1536.jpg 1152w, https:\/\/serbischeszentrum.at\/wp-content\/uploads\/2025\/04\/O1M36957.jpg 1200w\" sizes=\"(max-width: 768px) 100vw, 768px\" \/><\/figure>\n<\/div>\n<\/div>\n\n<p><\/p>\n","protected":false},"excerpt":{"rendered":"<p>Die zweite Ausgabe der Kultur- und Benefizveranstaltung \u201eHumetnost\u201c fand am Freitag, dem 2. Juni 2023, im Festsaal der Volkshochschule im 15. Wiener Gemeindebezirk statt und vereinte zahlreiche Mitwirkende. Die Veranstaltung setzte ein starkes Zeichen f\u00fcr Gemeinschaftsgeist, Teamarbeit und Sport und unterst\u00fctzte zugleich den Basketballverein \u201eCentar\u201c aus Kosovska Mitrovica. Rund 400 G\u00e4ste f\u00fcllten den Saal und [&hellip;]<\/p>\n","protected":false},"author":4,"featured_media":20141,"comment_status":"open","ping_status":"open","sticky":false,"template":"","format":"standard","meta":{"_acf_changed":false,"footnotes":""},"categories":[41],"tags":[],"class_list":["post-20146","post","type-post","status-publish","format-standard","has-post-thumbnail","hentry","category-ereignisse"],"acf":[],"yoast_head":"<!-- This site is optimized with the Yoast SEO plugin v27.4 - https:\/\/yoast.com\/product\/yoast-seo-wordpress\/ -->\n<title>Der Sieg der Menschlichkeit - BERICHT - Srpski centar<\/title>\n<meta name=\"robots\" content=\"index, follow, max-snippet:-1, max-image-preview:large, max-video-preview:-1\" \/>\n<link rel=\"canonical\" href=\"https:\/\/serbischeszentrum.at\/de\/der-sieg-der-menschlichkeit-bericht\/\" \/>\n<meta property=\"og:locale\" content=\"de_DE\" \/>\n<meta property=\"og:type\" content=\"article\" \/>\n<meta property=\"og:title\" content=\"Der Sieg der Menschlichkeit - BERICHT - Srpski centar\" \/>\n<meta property=\"og:description\" content=\"Die zweite Ausgabe der Kultur- und Benefizveranstaltung \u201eHumetnost\u201c fand am Freitag, dem 2. Juni 2023, im Festsaal der Volkshochschule im 15. Wiener Gemeindebezirk statt und vereinte zahlreiche Mitwirkende. Die Veranstaltung setzte ein starkes Zeichen f\u00fcr Gemeinschaftsgeist, Teamarbeit und Sport und unterst\u00fctzte zugleich den Basketballverein \u201eCentar\u201c aus Kosovska Mitrovica. Rund 400 G\u00e4ste f\u00fcllten den Saal und [&hellip;]\" \/>\n<meta property=\"og:url\" content=\"https:\/\/serbischeszentrum.at\/de\/der-sieg-der-menschlichkeit-bericht\/\" \/>\n<meta property=\"og:site_name\" content=\"Srpski centar\" \/>\n<meta property=\"article:publisher\" content=\"https:\/\/www.facebook.com\/serbischeszentrum\" \/>\n<meta property=\"article:published_time\" content=\"2023-06-02T18:44:00+00:00\" \/>\n<meta property=\"article:modified_time\" content=\"2025-04-09T18:57:54+00:00\" \/>\n<meta property=\"og:image\" content=\"https:\/\/serbischeszentrum.at\/wp-content\/uploads\/2025\/04\/O1M36992-1024x768.jpg\" \/>\n\t<meta property=\"og:image:width\" content=\"1024\" \/>\n\t<meta property=\"og:image:height\" content=\"768\" \/>\n\t<meta property=\"og:image:type\" content=\"image\/jpeg\" \/>\n<meta name=\"author\" content=\"Srpski Centar\" \/>\n<meta name=\"twitter:card\" content=\"summary_large_image\" \/>\n<meta name=\"twitter:label1\" content=\"Verfasst von\" \/>\n\t<meta name=\"twitter:data1\" content=\"Srpski Centar\" \/>\n\t<meta name=\"twitter:label2\" content=\"Gesch\u00e4tzte Lesezeit\" \/>\n\t<meta name=\"twitter:data2\" content=\"1\u00a0Minute\" \/>\n<script type=\"application\/ld+json\" class=\"yoast-schema-graph\">{\"@context\":\"https:\\\/\\\/schema.org\",\"@graph\":[{\"@type\":\"Article\",\"@id\":\"https:\\\/\\\/serbischeszentrum.at\\\/de\\\/der-sieg-der-menschlichkeit-bericht\\\/#article\",\"isPartOf\":{\"@id\":\"https:\\\/\\\/serbischeszentrum.at\\\/de\\\/der-sieg-der-menschlichkeit-bericht\\\/\"},\"author\":{\"name\":\"Srpski Centar\",\"@id\":\"https:\\\/\\\/serbischeszentrum.at\\\/de\\\/#\\\/schema\\\/person\\\/be01c441f818a4b25a16c206ccac7e38\"},\"headline\":\"Der Sieg der Menschlichkeit &#8211; BERICHT\",\"datePublished\":\"2023-06-02T18:44:00+00:00\",\"dateModified\":\"2025-04-09T18:57:54+00:00\",\"mainEntityOfPage\":{\"@id\":\"https:\\\/\\\/serbischeszentrum.at\\\/de\\\/der-sieg-der-menschlichkeit-bericht\\\/\"},\"wordCount\":236,\"commentCount\":0,\"publisher\":{\"@id\":\"https:\\\/\\\/serbischeszentrum.at\\\/de\\\/#organization\"},\"image\":{\"@id\":\"https:\\\/\\\/serbischeszentrum.at\\\/de\\\/der-sieg-der-menschlichkeit-bericht\\\/#primaryimage\"},\"thumbnailUrl\":\"https:\\\/\\\/serbischeszentrum.at\\\/wp-content\\\/uploads\\\/2025\\\/04\\\/O1M36992.jpg\",\"articleSection\":[\"Ereignisse\"],\"inLanguage\":\"de\",\"potentialAction\":[{\"@type\":\"CommentAction\",\"name\":\"Comment\",\"target\":[\"https:\\\/\\\/serbischeszentrum.at\\\/de\\\/der-sieg-der-menschlichkeit-bericht\\\/#respond\"]}]},{\"@type\":\"WebPage\",\"@id\":\"https:\\\/\\\/serbischeszentrum.at\\\/de\\\/der-sieg-der-menschlichkeit-bericht\\\/\",\"url\":\"https:\\\/\\\/serbischeszentrum.at\\\/de\\\/der-sieg-der-menschlichkeit-bericht\\\/\",\"name\":\"Der Sieg der Menschlichkeit - BERICHT - Srpski centar\",\"isPartOf\":{\"@id\":\"https:\\\/\\\/serbischeszentrum.at\\\/de\\\/#website\"},\"primaryImageOfPage\":{\"@id\":\"https:\\\/\\\/serbischeszentrum.at\\\/de\\\/der-sieg-der-menschlichkeit-bericht\\\/#primaryimage\"},\"image\":{\"@id\":\"https:\\\/\\\/serbischeszentrum.at\\\/de\\\/der-sieg-der-menschlichkeit-bericht\\\/#primaryimage\"},\"thumbnailUrl\":\"https:\\\/\\\/serbischeszentrum.at\\\/wp-content\\\/uploads\\\/2025\\\/04\\\/O1M36992.jpg\",\"datePublished\":\"2023-06-02T18:44:00+00:00\",\"dateModified\":\"2025-04-09T18:57:54+00:00\",\"breadcrumb\":{\"@id\":\"https:\\\/\\\/serbischeszentrum.at\\\/de\\\/der-sieg-der-menschlichkeit-bericht\\\/#breadcrumb\"},\"inLanguage\":\"de\",\"potentialAction\":[{\"@type\":\"ReadAction\",\"target\":[\"https:\\\/\\\/serbischeszentrum.at\\\/de\\\/der-sieg-der-menschlichkeit-bericht\\\/\"]}]},{\"@type\":\"ImageObject\",\"inLanguage\":\"de\",\"@id\":\"https:\\\/\\\/serbischeszentrum.at\\\/de\\\/der-sieg-der-menschlichkeit-bericht\\\/#primaryimage\",\"url\":\"https:\\\/\\\/serbischeszentrum.at\\\/wp-content\\\/uploads\\\/2025\\\/04\\\/O1M36992.jpg\",\"contentUrl\":\"https:\\\/\\\/serbischeszentrum.at\\\/wp-content\\\/uploads\\\/2025\\\/04\\\/O1M36992.jpg\",\"width\":1600,\"height\":1200},{\"@type\":\"BreadcrumbList\",\"@id\":\"https:\\\/\\\/serbischeszentrum.at\\\/de\\\/der-sieg-der-menschlichkeit-bericht\\\/#breadcrumb\",\"itemListElement\":[{\"@type\":\"ListItem\",\"position\":1,\"name\":\"Home\",\"item\":\"https:\\\/\\\/serbischeszentrum.at\\\/de\\\/\"},{\"@type\":\"ListItem\",\"position\":2,\"name\":\"Der Sieg der Menschlichkeit &#8211; BERICHT\"}]},{\"@type\":\"WebSite\",\"@id\":\"https:\\\/\\\/serbischeszentrum.at\\\/de\\\/#website\",\"url\":\"https:\\\/\\\/serbischeszentrum.at\\\/de\\\/\",\"name\":\"Srpski centar\",\"description\":\"Platforma dru\u0161tvenih i kulturnih inicijativa\",\"publisher\":{\"@id\":\"https:\\\/\\\/serbischeszentrum.at\\\/de\\\/#organization\"},\"potentialAction\":[{\"@type\":\"SearchAction\",\"target\":{\"@type\":\"EntryPoint\",\"urlTemplate\":\"https:\\\/\\\/serbischeszentrum.at\\\/de\\\/?s={search_term_string}\"},\"query-input\":{\"@type\":\"PropertyValueSpecification\",\"valueRequired\":true,\"valueName\":\"search_term_string\"}}],\"inLanguage\":\"de\"},{\"@type\":\"Organization\",\"@id\":\"https:\\\/\\\/serbischeszentrum.at\\\/de\\\/#organization\",\"name\":\"Serbishes Zentrum\",\"alternateName\":\"Srpski Centar\",\"url\":\"https:\\\/\\\/serbischeszentrum.at\\\/de\\\/\",\"logo\":{\"@type\":\"ImageObject\",\"inLanguage\":\"de\",\"@id\":\"https:\\\/\\\/serbischeszentrum.at\\\/de\\\/#\\\/schema\\\/logo\\\/image\\\/\",\"url\":\"https:\\\/\\\/serbischeszentrum.at\\\/wp-content\\\/uploads\\\/2022\\\/09\\\/srpski-centar-logo-kruzni.jpg\",\"contentUrl\":\"https:\\\/\\\/serbischeszentrum.at\\\/wp-content\\\/uploads\\\/2022\\\/09\\\/srpski-centar-logo-kruzni.jpg\",\"width\":1000,\"height\":1000,\"caption\":\"Serbishes Zentrum\"},\"image\":{\"@id\":\"https:\\\/\\\/serbischeszentrum.at\\\/de\\\/#\\\/schema\\\/logo\\\/image\\\/\"},\"sameAs\":[\"https:\\\/\\\/www.facebook.com\\\/serbischeszentrum\",\"https:\\\/\\\/www.instagram.com\\\/serbischeszentrum\\\/\"]},{\"@type\":\"Person\",\"@id\":\"https:\\\/\\\/serbischeszentrum.at\\\/de\\\/#\\\/schema\\\/person\\\/be01c441f818a4b25a16c206ccac7e38\",\"name\":\"Srpski Centar\",\"image\":{\"@type\":\"ImageObject\",\"inLanguage\":\"de\",\"@id\":\"https:\\\/\\\/secure.gravatar.com\\\/avatar\\\/60c9d36e595b167fba91ae0df2220cd40fc459fe63837eeb77a264740307ceb7?s=96&d=mm&r=g\",\"url\":\"https:\\\/\\\/secure.gravatar.com\\\/avatar\\\/60c9d36e595b167fba91ae0df2220cd40fc459fe63837eeb77a264740307ceb7?s=96&d=mm&r=g\",\"contentUrl\":\"https:\\\/\\\/secure.gravatar.com\\\/avatar\\\/60c9d36e595b167fba91ae0df2220cd40fc459fe63837eeb77a264740307ceb7?s=96&d=mm&r=g\",\"caption\":\"Srpski Centar\"},\"url\":\"https:\\\/\\\/serbischeszentrum.at\\\/de\\\/author\\\/srpski-centar\\\/\"}]}<\/script>\n<!-- \/ Yoast SEO plugin. -->","yoast_head_json":{"title":"Der Sieg der Menschlichkeit - BERICHT - Srpski centar","robots":{"index":"index","follow":"follow","max-snippet":"max-snippet:-1","max-image-preview":"max-image-preview:large","max-video-preview":"max-video-preview:-1"},"canonical":"https:\/\/serbischeszentrum.at\/de\/der-sieg-der-menschlichkeit-bericht\/","og_locale":"de_DE","og_type":"article","og_title":"Der Sieg der Menschlichkeit - BERICHT - Srpski centar","og_description":"Die zweite Ausgabe der Kultur- und Benefizveranstaltung \u201eHumetnost\u201c fand am Freitag, dem 2. Juni 2023, im Festsaal der Volkshochschule im 15. Wiener Gemeindebezirk statt und vereinte zahlreiche Mitwirkende. Die Veranstaltung setzte ein starkes Zeichen f\u00fcr Gemeinschaftsgeist, Teamarbeit und Sport und unterst\u00fctzte zugleich den Basketballverein \u201eCentar\u201c aus Kosovska Mitrovica. Rund 400 G\u00e4ste f\u00fcllten den Saal und [&hellip;]","og_url":"https:\/\/serbischeszentrum.at\/de\/der-sieg-der-menschlichkeit-bericht\/","og_site_name":"Srpski centar","article_publisher":"https:\/\/www.facebook.com\/serbischeszentrum","article_published_time":"2023-06-02T18:44:00+00:00","article_modified_time":"2025-04-09T18:57:54+00:00","og_image":[{"width":1024,"height":768,"url":"https:\/\/serbischeszentrum.at\/wp-content\/uploads\/2025\/04\/O1M36992-1024x768.jpg","type":"image\/jpeg"}],"author":"Srpski Centar","twitter_card":"summary_large_image","twitter_misc":{"Verfasst von":"Srpski Centar","Gesch\u00e4tzte Lesezeit":"1\u00a0Minute"},"schema":{"@context":"https:\/\/schema.org","@graph":[{"@type":"Article","@id":"https:\/\/serbischeszentrum.at\/de\/der-sieg-der-menschlichkeit-bericht\/#article","isPartOf":{"@id":"https:\/\/serbischeszentrum.at\/de\/der-sieg-der-menschlichkeit-bericht\/"},"author":{"name":"Srpski Centar","@id":"https:\/\/serbischeszentrum.at\/de\/#\/schema\/person\/be01c441f818a4b25a16c206ccac7e38"},"headline":"Der Sieg der Menschlichkeit &#8211; BERICHT","datePublished":"2023-06-02T18:44:00+00:00","dateModified":"2025-04-09T18:57:54+00:00","mainEntityOfPage":{"@id":"https:\/\/serbischeszentrum.at\/de\/der-sieg-der-menschlichkeit-bericht\/"},"wordCount":236,"commentCount":0,"publisher":{"@id":"https:\/\/serbischeszentrum.at\/de\/#organization"},"image":{"@id":"https:\/\/serbischeszentrum.at\/de\/der-sieg-der-menschlichkeit-bericht\/#primaryimage"},"thumbnailUrl":"https:\/\/serbischeszentrum.at\/wp-content\/uploads\/2025\/04\/O1M36992.jpg","articleSection":["Ereignisse"],"inLanguage":"de","potentialAction":[{"@type":"CommentAction","name":"Comment","target":["https:\/\/serbischeszentrum.at\/de\/der-sieg-der-menschlichkeit-bericht\/#respond"]}]},{"@type":"WebPage","@id":"https:\/\/serbischeszentrum.at\/de\/der-sieg-der-menschlichkeit-bericht\/","url":"https:\/\/serbischeszentrum.at\/de\/der-sieg-der-menschlichkeit-bericht\/","name":"Der Sieg der Menschlichkeit - BERICHT - Srpski centar","isPartOf":{"@id":"https:\/\/serbischeszentrum.at\/de\/#website"},"primaryImageOfPage":{"@id":"https:\/\/serbischeszentrum.at\/de\/der-sieg-der-menschlichkeit-bericht\/#primaryimage"},"image":{"@id":"https:\/\/serbischeszentrum.at\/de\/der-sieg-der-menschlichkeit-bericht\/#primaryimage"},"thumbnailUrl":"https:\/\/serbischeszentrum.at\/wp-content\/uploads\/2025\/04\/O1M36992.jpg","datePublished":"2023-06-02T18:44:00+00:00","dateModified":"2025-04-09T18:57:54+00:00","breadcrumb":{"@id":"https:\/\/serbischeszentrum.at\/de\/der-sieg-der-menschlichkeit-bericht\/#breadcrumb"},"inLanguage":"de","potentialAction":[{"@type":"ReadAction","target":["https:\/\/serbischeszentrum.at\/de\/der-sieg-der-menschlichkeit-bericht\/"]}]},{"@type":"ImageObject","inLanguage":"de","@id":"https:\/\/serbischeszentrum.at\/de\/der-sieg-der-menschlichkeit-bericht\/#primaryimage","url":"https:\/\/serbischeszentrum.at\/wp-content\/uploads\/2025\/04\/O1M36992.jpg","contentUrl":"https:\/\/serbischeszentrum.at\/wp-content\/uploads\/2025\/04\/O1M36992.jpg","width":1600,"height":1200},{"@type":"BreadcrumbList","@id":"https:\/\/serbischeszentrum.at\/de\/der-sieg-der-menschlichkeit-bericht\/#breadcrumb","itemListElement":[{"@type":"ListItem","position":1,"name":"Home","item":"https:\/\/serbischeszentrum.at\/de\/"},{"@type":"ListItem","position":2,"name":"Der Sieg der Menschlichkeit &#8211; BERICHT"}]},{"@type":"WebSite","@id":"https:\/\/serbischeszentrum.at\/de\/#website","url":"https:\/\/serbischeszentrum.at\/de\/","name":"Srpski centar","description":"Platforma dru\u0161tvenih i kulturnih inicijativa","publisher":{"@id":"https:\/\/serbischeszentrum.at\/de\/#organization"},"potentialAction":[{"@type":"SearchAction","target":{"@type":"EntryPoint","urlTemplate":"https:\/\/serbischeszentrum.at\/de\/?s={search_term_string}"},"query-input":{"@type":"PropertyValueSpecification","valueRequired":true,"valueName":"search_term_string"}}],"inLanguage":"de"},{"@type":"Organization","@id":"https:\/\/serbischeszentrum.at\/de\/#organization","name":"Serbishes Zentrum","alternateName":"Srpski Centar","url":"https:\/\/serbischeszentrum.at\/de\/","logo":{"@type":"ImageObject","inLanguage":"de","@id":"https:\/\/serbischeszentrum.at\/de\/#\/schema\/logo\/image\/","url":"https:\/\/serbischeszentrum.at\/wp-content\/uploads\/2022\/09\/srpski-centar-logo-kruzni.jpg","contentUrl":"https:\/\/serbischeszentrum.at\/wp-content\/uploads\/2022\/09\/srpski-centar-logo-kruzni.jpg","width":1000,"height":1000,"caption":"Serbishes Zentrum"},"image":{"@id":"https:\/\/serbischeszentrum.at\/de\/#\/schema\/logo\/image\/"},"sameAs":["https:\/\/www.facebook.com\/serbischeszentrum","https:\/\/www.instagram.com\/serbischeszentrum\/"]},{"@type":"Person","@id":"https:\/\/serbischeszentrum.at\/de\/#\/schema\/person\/be01c441f818a4b25a16c206ccac7e38","name":"Srpski Centar","image":{"@type":"ImageObject","inLanguage":"de","@id":"https:\/\/secure.gravatar.com\/avatar\/60c9d36e595b167fba91ae0df2220cd40fc459fe63837eeb77a264740307ceb7?s=96&d=mm&r=g","url":"https:\/\/secure.gravatar.com\/avatar\/60c9d36e595b167fba91ae0df2220cd40fc459fe63837eeb77a264740307ceb7?s=96&d=mm&r=g","contentUrl":"https:\/\/secure.gravatar.com\/avatar\/60c9d36e595b167fba91ae0df2220cd40fc459fe63837eeb77a264740307ceb7?s=96&d=mm&r=g","caption":"Srpski Centar"},"url":"https:\/\/serbischeszentrum.at\/de\/author\/srpski-centar\/"}]}},"_links":{"self":[{"href":"https:\/\/serbischeszentrum.at\/de\/wp-json\/wp\/v2\/posts\/20146","targetHints":{"allow":["GET"]}}],"collection":[{"href":"https:\/\/serbischeszentrum.at\/de\/wp-json\/wp\/v2\/posts"}],"about":[{"href":"https:\/\/serbischeszentrum.at\/de\/wp-json\/wp\/v2\/types\/post"}],"author":[{"embeddable":true,"href":"https:\/\/serbischeszentrum.at\/de\/wp-json\/wp\/v2\/users\/4"}],"replies":[{"embeddable":true,"href":"https:\/\/serbischeszentrum.at\/de\/wp-json\/wp\/v2\/comments?post=20146"}],"version-history":[{"count":0,"href":"https:\/\/serbischeszentrum.at\/de\/wp-json\/wp\/v2\/posts\/20146\/revisions"}],"wp:featuredmedia":[{"embeddable":true,"href":"https:\/\/serbischeszentrum.at\/de\/wp-json\/wp\/v2\/media\/20141"}],"wp:attachment":[{"href":"https:\/\/serbischeszentrum.at\/de\/wp-json\/wp\/v2\/media?parent=20146"}],"wp:term":[{"taxonomy":"category","embeddable":true,"href":"https:\/\/serbischeszentrum.at\/de\/wp-json\/wp\/v2\/categories?post=20146"},{"taxonomy":"post_tag","embeddable":true,"href":"https:\/\/serbischeszentrum.at\/de\/wp-json\/wp\/v2\/tags?post=20146"}],"curies":[{"name":"wp","href":"https:\/\/api.w.org\/{rel}","templated":true}]}}