{"id":20086,"date":"2023-10-20T18:40:00","date_gmt":"2023-10-20T18:40:00","guid":{"rendered":"https:\/\/serbischeszentrum.at\/artan-lili-in-wien-bericht\/"},"modified":"2025-05-05T10:04:57","modified_gmt":"2025-05-05T10:04:57","slug":"artan-lili-in-wien-bericht","status":"publish","type":"post","link":"https:\/\/serbischeszentrum.at\/de\/artan-lili-in-wien-bericht\/","title":{"rendered":"Artan Lili in Wien &#8211; BERICHT"},"content":{"rendered":"\n<p>Das lange erwartete Konzert der Band Artan Lili im Wiener Club \u201eReplugged\u201c begeisterte zahlreiche Fans ihrer Musik in der \u00f6sterreichischen Hauptstadt.<br\/><br\/><\/p>\n\n<p>Die vierk\u00f6pfige Band, bestehend aus Bojan Sla\u010dala (Bass und Gesang), Romana Sla\u010dala (Gesang und Darbuka), Marko Benini (Schlagzeug) und Ivan Skopulovi\u0107 (Gitarre), entt\u00e4uschte nicht die Erwartungen des Wiener Publikums, dem die Band am 20. Oktober erstmals ihr Talent pr\u00e4sentierte.<br\/><\/p>\n\n<p>Bisher hat die Band zwei Alben ver\u00f6ffentlicht, \u201eArtan Lili\u201c und \u201eNew Deal\u201c, und z\u00e4hlt zu den aktivsten Live-Acts des Landes und der Region.<br\/><\/p>\n\n<p>Mit ihrem Auftritt in Wien eroberten sie das Herz ihrer Musikfans, und nach den positiven Eindr\u00fccken, die sie hinterlie\u00dfen, wird dies sicherlich nicht der letzte Auftritt der Band in der \u00f6sterreichischen Hauptstadt gewesen sein.<\/p>\n\n<div class=\"wp-block-columns is-layout-flex wp-container-core-columns-is-layout-28f84493 wp-block-columns-is-layout-flex\">\n<div class=\"wp-block-column is-layout-flow wp-block-column-is-layout-flow\" style=\"flex-basis:50%\"><\/div>\n\n\n\n<div class=\"wp-block-column is-layout-flow wp-block-column-is-layout-flow\" style=\"flex-basis:50%\"><\/div>\n<\/div>\n\n<div class=\"wp-block-columns is-layout-flex wp-container-core-columns-is-layout-28f84493 wp-block-columns-is-layout-flex\">\n<div class=\"wp-block-column is-layout-flow wp-block-column-is-layout-flow\">\n<figure class=\"wp-block-gallery has-nested-images columns-default is-cropped wp-block-gallery-1 is-layout-flex wp-block-gallery-is-layout-flex\">\n<figure class=\"wp-block-image size-large\"><img fetchpriority=\"high\" decoding=\"async\" width=\"1024\" height=\"768\" data-id=\"20164\" src=\"https:\/\/serbischeszentrum.at\/wp-content\/uploads\/2023\/10\/WhatsApp-Image-2025-04-10-at-07.46.21-1-1024x768.jpeg\" alt=\"\" class=\"wp-image-20164\" srcset=\"https:\/\/serbischeszentrum.at\/wp-content\/uploads\/2023\/10\/WhatsApp-Image-2025-04-10-at-07.46.21-1-1024x768.jpeg 1024w, https:\/\/serbischeszentrum.at\/wp-content\/uploads\/2023\/10\/WhatsApp-Image-2025-04-10-at-07.46.21-1-300x225.jpeg 300w, https:\/\/serbischeszentrum.at\/wp-content\/uploads\/2023\/10\/WhatsApp-Image-2025-04-10-at-07.46.21-1-768x576.jpeg 768w, https:\/\/serbischeszentrum.at\/wp-content\/uploads\/2023\/10\/WhatsApp-Image-2025-04-10-at-07.46.21-1-1536x1152.jpeg 1536w, https:\/\/serbischeszentrum.at\/wp-content\/uploads\/2023\/10\/WhatsApp-Image-2025-04-10-at-07.46.21-1-2048x1536.jpeg 2048w\" sizes=\"(max-width: 1024px) 100vw, 1024px\" \/><\/figure>\n<\/figure>\n<\/div>\n\n\n\n<div class=\"wp-block-column is-layout-flow wp-block-column-is-layout-flow\">\n<figure class=\"wp-block-image size-large\"><img decoding=\"async\" width=\"1024\" height=\"768\" src=\"https:\/\/serbischeszentrum.at\/wp-content\/uploads\/2023\/10\/WhatsApp-Image-2025-04-10-at-07.46.21-2-1-1024x768.jpeg\" alt=\"\" class=\"wp-image-20158\" srcset=\"https:\/\/serbischeszentrum.at\/wp-content\/uploads\/2023\/10\/WhatsApp-Image-2025-04-10-at-07.46.21-2-1-1024x768.jpeg 1024w, https:\/\/serbischeszentrum.at\/wp-content\/uploads\/2023\/10\/WhatsApp-Image-2025-04-10-at-07.46.21-2-1-300x225.jpeg 300w, https:\/\/serbischeszentrum.at\/wp-content\/uploads\/2023\/10\/WhatsApp-Image-2025-04-10-at-07.46.21-2-1-768x576.jpeg 768w, https:\/\/serbischeszentrum.at\/wp-content\/uploads\/2023\/10\/WhatsApp-Image-2025-04-10-at-07.46.21-2-1-1536x1152.jpeg 1536w, https:\/\/serbischeszentrum.at\/wp-content\/uploads\/2023\/10\/WhatsApp-Image-2025-04-10-at-07.46.21-2-1-2048x1536.jpeg 2048w\" sizes=\"(max-width: 1024px) 100vw, 1024px\" \/><\/figure>\n<\/div>\n\n\n\n<div class=\"wp-block-column is-layout-flow wp-block-column-is-layout-flow\">\n<figure class=\"wp-block-image size-large\"><img decoding=\"async\" width=\"1024\" height=\"768\" src=\"https:\/\/serbischeszentrum.at\/wp-content\/uploads\/2023\/10\/WhatsApp-Image-2025-04-10-at-07.46.21-4-1024x768.jpeg\" alt=\"\" class=\"wp-image-20161\" srcset=\"https:\/\/serbischeszentrum.at\/wp-content\/uploads\/2023\/10\/WhatsApp-Image-2025-04-10-at-07.46.21-4-1024x768.jpeg 1024w, https:\/\/serbischeszentrum.at\/wp-content\/uploads\/2023\/10\/WhatsApp-Image-2025-04-10-at-07.46.21-4-300x225.jpeg 300w, https:\/\/serbischeszentrum.at\/wp-content\/uploads\/2023\/10\/WhatsApp-Image-2025-04-10-at-07.46.21-4-768x576.jpeg 768w, https:\/\/serbischeszentrum.at\/wp-content\/uploads\/2023\/10\/WhatsApp-Image-2025-04-10-at-07.46.21-4-1536x1152.jpeg 1536w, https:\/\/serbischeszentrum.at\/wp-content\/uploads\/2023\/10\/WhatsApp-Image-2025-04-10-at-07.46.21-4-2048x1536.jpeg 2048w\" sizes=\"(max-width: 1024px) 100vw, 1024px\" \/><\/figure>\n<\/div>\n<\/div>\n\n<div class=\"wp-block-columns is-layout-flex wp-container-core-columns-is-layout-28f84493 wp-block-columns-is-layout-flex\">\n<div class=\"wp-block-column is-layout-flow wp-block-column-is-layout-flow\">\n<figure class=\"wp-block-image size-large\"><img loading=\"lazy\" decoding=\"async\" width=\"1024\" height=\"768\" src=\"https:\/\/serbischeszentrum.at\/wp-content\/uploads\/2023\/10\/WhatsApp-Image-2025-04-10-at-07.46.20-1024x768.jpeg\" alt=\"\" class=\"wp-image-20167\" srcset=\"https:\/\/serbischeszentrum.at\/wp-content\/uploads\/2023\/10\/WhatsApp-Image-2025-04-10-at-07.46.20-1024x768.jpeg 1024w, https:\/\/serbischeszentrum.at\/wp-content\/uploads\/2023\/10\/WhatsApp-Image-2025-04-10-at-07.46.20-300x225.jpeg 300w, https:\/\/serbischeszentrum.at\/wp-content\/uploads\/2023\/10\/WhatsApp-Image-2025-04-10-at-07.46.20-768x576.jpeg 768w, https:\/\/serbischeszentrum.at\/wp-content\/uploads\/2023\/10\/WhatsApp-Image-2025-04-10-at-07.46.20-1536x1152.jpeg 1536w, https:\/\/serbischeszentrum.at\/wp-content\/uploads\/2023\/10\/WhatsApp-Image-2025-04-10-at-07.46.20-2048x1536.jpeg 2048w\" sizes=\"(max-width: 1024px) 100vw, 1024px\" \/><\/figure>\n<\/div>\n\n\n\n<div class=\"wp-block-column is-layout-flow wp-block-column-is-layout-flow\">\n<figure class=\"wp-block-image size-large\"><img loading=\"lazy\" decoding=\"async\" width=\"1024\" height=\"768\" src=\"https:\/\/serbischeszentrum.at\/wp-content\/uploads\/2023\/10\/WhatsApp-Image-2025-04-10-at-07.46.21-8-1024x768.jpeg\" alt=\"\" class=\"wp-image-20182\" srcset=\"https:\/\/serbischeszentrum.at\/wp-content\/uploads\/2023\/10\/WhatsApp-Image-2025-04-10-at-07.46.21-8-1024x768.jpeg 1024w, https:\/\/serbischeszentrum.at\/wp-content\/uploads\/2023\/10\/WhatsApp-Image-2025-04-10-at-07.46.21-8-300x225.jpeg 300w, https:\/\/serbischeszentrum.at\/wp-content\/uploads\/2023\/10\/WhatsApp-Image-2025-04-10-at-07.46.21-8-768x576.jpeg 768w, https:\/\/serbischeszentrum.at\/wp-content\/uploads\/2023\/10\/WhatsApp-Image-2025-04-10-at-07.46.21-8-1536x1152.jpeg 1536w, https:\/\/serbischeszentrum.at\/wp-content\/uploads\/2023\/10\/WhatsApp-Image-2025-04-10-at-07.46.21-8-2048x1536.jpeg 2048w\" sizes=\"(max-width: 1024px) 100vw, 1024px\" \/><\/figure>\n<\/div>\n\n\n\n<div class=\"wp-block-column is-layout-flow wp-block-column-is-layout-flow\">\n<figure class=\"wp-block-image size-large\"><img loading=\"lazy\" decoding=\"async\" width=\"1024\" height=\"768\" src=\"https:\/\/serbischeszentrum.at\/wp-content\/uploads\/2023\/10\/WhatsApp-Image-2025-04-10-at-07.46.21-6-1024x768.jpeg\" alt=\"\" class=\"wp-image-20176\" srcset=\"https:\/\/serbischeszentrum.at\/wp-content\/uploads\/2023\/10\/WhatsApp-Image-2025-04-10-at-07.46.21-6-1024x768.jpeg 1024w, https:\/\/serbischeszentrum.at\/wp-content\/uploads\/2023\/10\/WhatsApp-Image-2025-04-10-at-07.46.21-6-300x225.jpeg 300w, https:\/\/serbischeszentrum.at\/wp-content\/uploads\/2023\/10\/WhatsApp-Image-2025-04-10-at-07.46.21-6-768x576.jpeg 768w, https:\/\/serbischeszentrum.at\/wp-content\/uploads\/2023\/10\/WhatsApp-Image-2025-04-10-at-07.46.21-6-1536x1152.jpeg 1536w, https:\/\/serbischeszentrum.at\/wp-content\/uploads\/2023\/10\/WhatsApp-Image-2025-04-10-at-07.46.21-6-2048x1536.jpeg 2048w\" sizes=\"(max-width: 1024px) 100vw, 1024px\" \/><\/figure>\n<\/div>\n<\/div>\n\n<div class=\"wp-block-columns is-layout-flex wp-container-core-columns-is-layout-28f84493 wp-block-columns-is-layout-flex\">\n<div class=\"wp-block-column is-layout-flow wp-block-column-is-layout-flow\">\n<figure class=\"wp-block-image size-large\"><img loading=\"lazy\" decoding=\"async\" width=\"768\" height=\"1024\" src=\"https:\/\/serbischeszentrum.at\/wp-content\/uploads\/2023\/10\/WhatsApp-Image-2025-04-10-at-07.46.21-3-2-768x1024.jpeg\" alt=\"\" class=\"wp-image-20194\" srcset=\"https:\/\/serbischeszentrum.at\/wp-content\/uploads\/2023\/10\/WhatsApp-Image-2025-04-10-at-07.46.21-3-2-768x1024.jpeg 768w, https:\/\/serbischeszentrum.at\/wp-content\/uploads\/2023\/10\/WhatsApp-Image-2025-04-10-at-07.46.21-3-2-225x300.jpeg 225w, https:\/\/serbischeszentrum.at\/wp-content\/uploads\/2023\/10\/WhatsApp-Image-2025-04-10-at-07.46.21-3-2-1152x1536.jpeg 1152w, https:\/\/serbischeszentrum.at\/wp-content\/uploads\/2023\/10\/WhatsApp-Image-2025-04-10-at-07.46.21-3-2-1536x2048.jpeg 1536w, https:\/\/serbischeszentrum.at\/wp-content\/uploads\/2023\/10\/WhatsApp-Image-2025-04-10-at-07.46.21-3-2-scaled.jpeg 1920w\" sizes=\"(max-width: 768px) 100vw, 768px\" \/><\/figure>\n<\/div>\n\n\n\n<div class=\"wp-block-column is-layout-flow wp-block-column-is-layout-flow\">\n<figure class=\"wp-block-image size-large\"><img loading=\"lazy\" decoding=\"async\" width=\"768\" height=\"1024\" src=\"https:\/\/serbischeszentrum.at\/wp-content\/uploads\/2023\/10\/WhatsApp-Image-2025-04-10-at-07.46.20-1-2-768x1024.jpeg\" alt=\"\" class=\"wp-image-20191\" srcset=\"https:\/\/serbischeszentrum.at\/wp-content\/uploads\/2023\/10\/WhatsApp-Image-2025-04-10-at-07.46.20-1-2-768x1024.jpeg 768w, https:\/\/serbischeszentrum.at\/wp-content\/uploads\/2023\/10\/WhatsApp-Image-2025-04-10-at-07.46.20-1-2-225x300.jpeg 225w, https:\/\/serbischeszentrum.at\/wp-content\/uploads\/2023\/10\/WhatsApp-Image-2025-04-10-at-07.46.20-1-2-1152x1536.jpeg 1152w, https:\/\/serbischeszentrum.at\/wp-content\/uploads\/2023\/10\/WhatsApp-Image-2025-04-10-at-07.46.20-1-2-1536x2048.jpeg 1536w, https:\/\/serbischeszentrum.at\/wp-content\/uploads\/2023\/10\/WhatsApp-Image-2025-04-10-at-07.46.20-1-2-scaled.jpeg 1920w\" sizes=\"(max-width: 768px) 100vw, 768px\" \/><\/figure>\n<\/div>\n<\/div>\n\n<p><\/p>\n","protected":false},"excerpt":{"rendered":"<p>Das lange erwartete Konzert der Band Artan Lili im Wiener Club \u201eReplugged\u201c begeisterte zahlreiche Fans ihrer Musik in der \u00f6sterreichischen Hauptstadt. Die vierk\u00f6pfige Band, bestehend aus Bojan Sla\u010dala (Bass und Gesang), Romana Sla\u010dala (Gesang und Darbuka), Marko Benini (Schlagzeug) und Ivan Skopulovi\u0107 (Gitarre), entt\u00e4uschte nicht die Erwartungen des Wiener Publikums, dem die Band am 20. [&hellip;]<\/p>\n","protected":false},"author":4,"featured_media":20284,"comment_status":"open","ping_status":"open","sticky":false,"template":"","format":"standard","meta":{"_acf_changed":false,"footnotes":""},"categories":[41],"tags":[],"class_list":["post-20086","post","type-post","status-publish","format-standard","has-post-thumbnail","hentry","category-ereignisse"],"acf":[],"yoast_head":"<!-- This site is optimized with the Yoast SEO plugin v27.4 - https:\/\/yoast.com\/product\/yoast-seo-wordpress\/ -->\n<title>Artan Lili in Wien - BERICHT - Srpski centar<\/title>\n<meta name=\"robots\" content=\"index, follow, max-snippet:-1, max-image-preview:large, max-video-preview:-1\" \/>\n<link rel=\"canonical\" href=\"https:\/\/serbischeszentrum.at\/de\/artan-lili-in-wien-bericht\/\" \/>\n<meta property=\"og:locale\" content=\"de_DE\" \/>\n<meta property=\"og:type\" content=\"article\" \/>\n<meta property=\"og:title\" content=\"Artan Lili in Wien - BERICHT - Srpski centar\" \/>\n<meta property=\"og:description\" content=\"Das lange erwartete Konzert der Band Artan Lili im Wiener Club \u201eReplugged\u201c begeisterte zahlreiche Fans ihrer Musik in der \u00f6sterreichischen Hauptstadt. Die vierk\u00f6pfige Band, bestehend aus Bojan Sla\u010dala (Bass und Gesang), Romana Sla\u010dala (Gesang und Darbuka), Marko Benini (Schlagzeug) und Ivan Skopulovi\u0107 (Gitarre), entt\u00e4uschte nicht die Erwartungen des Wiener Publikums, dem die Band am 20. [&hellip;]\" \/>\n<meta property=\"og:url\" content=\"https:\/\/serbischeszentrum.at\/de\/artan-lili-in-wien-bericht\/\" \/>\n<meta property=\"og:site_name\" content=\"Srpski centar\" \/>\n<meta property=\"article:publisher\" content=\"https:\/\/www.facebook.com\/serbischeszentrum\" \/>\n<meta property=\"article:published_time\" content=\"2023-10-20T18:40:00+00:00\" \/>\n<meta property=\"article:modified_time\" content=\"2025-05-05T10:04:57+00:00\" \/>\n<meta property=\"og:image\" content=\"https:\/\/serbischeszentrum.at\/wp-content\/uploads\/2023\/10\/WhatsApp-Image-2025-04-10-at-07.46.21-2-2-scaled.jpeg\" \/>\n\t<meta property=\"og:image:width\" content=\"2560\" \/>\n\t<meta property=\"og:image:height\" content=\"1920\" \/>\n\t<meta property=\"og:image:type\" content=\"image\/jpeg\" \/>\n<meta name=\"author\" content=\"Srpski Centar\" \/>\n<meta name=\"twitter:card\" content=\"summary_large_image\" \/>\n<meta name=\"twitter:label1\" content=\"Verfasst von\" \/>\n\t<meta name=\"twitter:data1\" content=\"Srpski Centar\" \/>\n\t<meta name=\"twitter:label2\" content=\"Gesch\u00e4tzte Lesezeit\" \/>\n\t<meta name=\"twitter:data2\" content=\"1\u00a0Minute\" \/>\n<script type=\"application\/ld+json\" class=\"yoast-schema-graph\">{\"@context\":\"https:\\\/\\\/schema.org\",\"@graph\":[{\"@type\":\"Article\",\"@id\":\"https:\\\/\\\/serbischeszentrum.at\\\/de\\\/artan-lili-in-wien-bericht\\\/#article\",\"isPartOf\":{\"@id\":\"https:\\\/\\\/serbischeszentrum.at\\\/de\\\/artan-lili-in-wien-bericht\\\/\"},\"author\":{\"name\":\"Srpski Centar\",\"@id\":\"https:\\\/\\\/serbischeszentrum.at\\\/de\\\/#\\\/schema\\\/person\\\/be01c441f818a4b25a16c206ccac7e38\"},\"headline\":\"Artan Lili in Wien &#8211; BERICHT\",\"datePublished\":\"2023-10-20T18:40:00+00:00\",\"dateModified\":\"2025-05-05T10:04:57+00:00\",\"mainEntityOfPage\":{\"@id\":\"https:\\\/\\\/serbischeszentrum.at\\\/de\\\/artan-lili-in-wien-bericht\\\/\"},\"wordCount\":131,\"commentCount\":0,\"publisher\":{\"@id\":\"https:\\\/\\\/serbischeszentrum.at\\\/de\\\/#organization\"},\"image\":{\"@id\":\"https:\\\/\\\/serbischeszentrum.at\\\/de\\\/artan-lili-in-wien-bericht\\\/#primaryimage\"},\"thumbnailUrl\":\"https:\\\/\\\/serbischeszentrum.at\\\/wp-content\\\/uploads\\\/2023\\\/10\\\/WhatsApp-Image-2025-04-10-at-07.46.21-2-2-scaled.jpeg\",\"articleSection\":[\"Ereignisse\"],\"inLanguage\":\"de\",\"potentialAction\":[{\"@type\":\"CommentAction\",\"name\":\"Comment\",\"target\":[\"https:\\\/\\\/serbischeszentrum.at\\\/de\\\/artan-lili-in-wien-bericht\\\/#respond\"]}]},{\"@type\":\"WebPage\",\"@id\":\"https:\\\/\\\/serbischeszentrum.at\\\/de\\\/artan-lili-in-wien-bericht\\\/\",\"url\":\"https:\\\/\\\/serbischeszentrum.at\\\/de\\\/artan-lili-in-wien-bericht\\\/\",\"name\":\"Artan Lili in Wien - BERICHT - Srpski centar\",\"isPartOf\":{\"@id\":\"https:\\\/\\\/serbischeszentrum.at\\\/de\\\/#website\"},\"primaryImageOfPage\":{\"@id\":\"https:\\\/\\\/serbischeszentrum.at\\\/de\\\/artan-lili-in-wien-bericht\\\/#primaryimage\"},\"image\":{\"@id\":\"https:\\\/\\\/serbischeszentrum.at\\\/de\\\/artan-lili-in-wien-bericht\\\/#primaryimage\"},\"thumbnailUrl\":\"https:\\\/\\\/serbischeszentrum.at\\\/wp-content\\\/uploads\\\/2023\\\/10\\\/WhatsApp-Image-2025-04-10-at-07.46.21-2-2-scaled.jpeg\",\"datePublished\":\"2023-10-20T18:40:00+00:00\",\"dateModified\":\"2025-05-05T10:04:57+00:00\",\"breadcrumb\":{\"@id\":\"https:\\\/\\\/serbischeszentrum.at\\\/de\\\/artan-lili-in-wien-bericht\\\/#breadcrumb\"},\"inLanguage\":\"de\",\"potentialAction\":[{\"@type\":\"ReadAction\",\"target\":[\"https:\\\/\\\/serbischeszentrum.at\\\/de\\\/artan-lili-in-wien-bericht\\\/\"]}]},{\"@type\":\"ImageObject\",\"inLanguage\":\"de\",\"@id\":\"https:\\\/\\\/serbischeszentrum.at\\\/de\\\/artan-lili-in-wien-bericht\\\/#primaryimage\",\"url\":\"https:\\\/\\\/serbischeszentrum.at\\\/wp-content\\\/uploads\\\/2023\\\/10\\\/WhatsApp-Image-2025-04-10-at-07.46.21-2-2-scaled.jpeg\",\"contentUrl\":\"https:\\\/\\\/serbischeszentrum.at\\\/wp-content\\\/uploads\\\/2023\\\/10\\\/WhatsApp-Image-2025-04-10-at-07.46.21-2-2-scaled.jpeg\",\"width\":2560,\"height\":1920},{\"@type\":\"BreadcrumbList\",\"@id\":\"https:\\\/\\\/serbischeszentrum.at\\\/de\\\/artan-lili-in-wien-bericht\\\/#breadcrumb\",\"itemListElement\":[{\"@type\":\"ListItem\",\"position\":1,\"name\":\"Home\",\"item\":\"https:\\\/\\\/serbischeszentrum.at\\\/de\\\/\"},{\"@type\":\"ListItem\",\"position\":2,\"name\":\"Artan Lili in Wien &#8211; BERICHT\"}]},{\"@type\":\"WebSite\",\"@id\":\"https:\\\/\\\/serbischeszentrum.at\\\/de\\\/#website\",\"url\":\"https:\\\/\\\/serbischeszentrum.at\\\/de\\\/\",\"name\":\"Srpski centar\",\"description\":\"Platforma dru\u0161tvenih i kulturnih inicijativa\",\"publisher\":{\"@id\":\"https:\\\/\\\/serbischeszentrum.at\\\/de\\\/#organization\"},\"potentialAction\":[{\"@type\":\"SearchAction\",\"target\":{\"@type\":\"EntryPoint\",\"urlTemplate\":\"https:\\\/\\\/serbischeszentrum.at\\\/de\\\/?s={search_term_string}\"},\"query-input\":{\"@type\":\"PropertyValueSpecification\",\"valueRequired\":true,\"valueName\":\"search_term_string\"}}],\"inLanguage\":\"de\"},{\"@type\":\"Organization\",\"@id\":\"https:\\\/\\\/serbischeszentrum.at\\\/de\\\/#organization\",\"name\":\"Serbishes Zentrum\",\"alternateName\":\"Srpski Centar\",\"url\":\"https:\\\/\\\/serbischeszentrum.at\\\/de\\\/\",\"logo\":{\"@type\":\"ImageObject\",\"inLanguage\":\"de\",\"@id\":\"https:\\\/\\\/serbischeszentrum.at\\\/de\\\/#\\\/schema\\\/logo\\\/image\\\/\",\"url\":\"https:\\\/\\\/serbischeszentrum.at\\\/wp-content\\\/uploads\\\/2022\\\/09\\\/srpski-centar-logo-kruzni.jpg\",\"contentUrl\":\"https:\\\/\\\/serbischeszentrum.at\\\/wp-content\\\/uploads\\\/2022\\\/09\\\/srpski-centar-logo-kruzni.jpg\",\"width\":1000,\"height\":1000,\"caption\":\"Serbishes Zentrum\"},\"image\":{\"@id\":\"https:\\\/\\\/serbischeszentrum.at\\\/de\\\/#\\\/schema\\\/logo\\\/image\\\/\"},\"sameAs\":[\"https:\\\/\\\/www.facebook.com\\\/serbischeszentrum\",\"https:\\\/\\\/www.instagram.com\\\/serbischeszentrum\\\/\"]},{\"@type\":\"Person\",\"@id\":\"https:\\\/\\\/serbischeszentrum.at\\\/de\\\/#\\\/schema\\\/person\\\/be01c441f818a4b25a16c206ccac7e38\",\"name\":\"Srpski Centar\",\"image\":{\"@type\":\"ImageObject\",\"inLanguage\":\"de\",\"@id\":\"https:\\\/\\\/secure.gravatar.com\\\/avatar\\\/60c9d36e595b167fba91ae0df2220cd40fc459fe63837eeb77a264740307ceb7?s=96&d=mm&r=g\",\"url\":\"https:\\\/\\\/secure.gravatar.com\\\/avatar\\\/60c9d36e595b167fba91ae0df2220cd40fc459fe63837eeb77a264740307ceb7?s=96&d=mm&r=g\",\"contentUrl\":\"https:\\\/\\\/secure.gravatar.com\\\/avatar\\\/60c9d36e595b167fba91ae0df2220cd40fc459fe63837eeb77a264740307ceb7?s=96&d=mm&r=g\",\"caption\":\"Srpski Centar\"},\"url\":\"https:\\\/\\\/serbischeszentrum.at\\\/de\\\/author\\\/srpski-centar\\\/\"}]}<\/script>\n<!-- \/ Yoast SEO plugin. -->","yoast_head_json":{"title":"Artan Lili in Wien - BERICHT - Srpski centar","robots":{"index":"index","follow":"follow","max-snippet":"max-snippet:-1","max-image-preview":"max-image-preview:large","max-video-preview":"max-video-preview:-1"},"canonical":"https:\/\/serbischeszentrum.at\/de\/artan-lili-in-wien-bericht\/","og_locale":"de_DE","og_type":"article","og_title":"Artan Lili in Wien - BERICHT - Srpski centar","og_description":"Das lange erwartete Konzert der Band Artan Lili im Wiener Club \u201eReplugged\u201c begeisterte zahlreiche Fans ihrer Musik in der \u00f6sterreichischen Hauptstadt. Die vierk\u00f6pfige Band, bestehend aus Bojan Sla\u010dala (Bass und Gesang), Romana Sla\u010dala (Gesang und Darbuka), Marko Benini (Schlagzeug) und Ivan Skopulovi\u0107 (Gitarre), entt\u00e4uschte nicht die Erwartungen des Wiener Publikums, dem die Band am 20. [&hellip;]","og_url":"https:\/\/serbischeszentrum.at\/de\/artan-lili-in-wien-bericht\/","og_site_name":"Srpski centar","article_publisher":"https:\/\/www.facebook.com\/serbischeszentrum","article_published_time":"2023-10-20T18:40:00+00:00","article_modified_time":"2025-05-05T10:04:57+00:00","og_image":[{"width":2560,"height":1920,"url":"https:\/\/serbischeszentrum.at\/wp-content\/uploads\/2023\/10\/WhatsApp-Image-2025-04-10-at-07.46.21-2-2-scaled.jpeg","type":"image\/jpeg"}],"author":"Srpski Centar","twitter_card":"summary_large_image","twitter_misc":{"Verfasst von":"Srpski Centar","Gesch\u00e4tzte Lesezeit":"1\u00a0Minute"},"schema":{"@context":"https:\/\/schema.org","@graph":[{"@type":"Article","@id":"https:\/\/serbischeszentrum.at\/de\/artan-lili-in-wien-bericht\/#article","isPartOf":{"@id":"https:\/\/serbischeszentrum.at\/de\/artan-lili-in-wien-bericht\/"},"author":{"name":"Srpski Centar","@id":"https:\/\/serbischeszentrum.at\/de\/#\/schema\/person\/be01c441f818a4b25a16c206ccac7e38"},"headline":"Artan Lili in Wien &#8211; BERICHT","datePublished":"2023-10-20T18:40:00+00:00","dateModified":"2025-05-05T10:04:57+00:00","mainEntityOfPage":{"@id":"https:\/\/serbischeszentrum.at\/de\/artan-lili-in-wien-bericht\/"},"wordCount":131,"commentCount":0,"publisher":{"@id":"https:\/\/serbischeszentrum.at\/de\/#organization"},"image":{"@id":"https:\/\/serbischeszentrum.at\/de\/artan-lili-in-wien-bericht\/#primaryimage"},"thumbnailUrl":"https:\/\/serbischeszentrum.at\/wp-content\/uploads\/2023\/10\/WhatsApp-Image-2025-04-10-at-07.46.21-2-2-scaled.jpeg","articleSection":["Ereignisse"],"inLanguage":"de","potentialAction":[{"@type":"CommentAction","name":"Comment","target":["https:\/\/serbischeszentrum.at\/de\/artan-lili-in-wien-bericht\/#respond"]}]},{"@type":"WebPage","@id":"https:\/\/serbischeszentrum.at\/de\/artan-lili-in-wien-bericht\/","url":"https:\/\/serbischeszentrum.at\/de\/artan-lili-in-wien-bericht\/","name":"Artan Lili in Wien - BERICHT - Srpski centar","isPartOf":{"@id":"https:\/\/serbischeszentrum.at\/de\/#website"},"primaryImageOfPage":{"@id":"https:\/\/serbischeszentrum.at\/de\/artan-lili-in-wien-bericht\/#primaryimage"},"image":{"@id":"https:\/\/serbischeszentrum.at\/de\/artan-lili-in-wien-bericht\/#primaryimage"},"thumbnailUrl":"https:\/\/serbischeszentrum.at\/wp-content\/uploads\/2023\/10\/WhatsApp-Image-2025-04-10-at-07.46.21-2-2-scaled.jpeg","datePublished":"2023-10-20T18:40:00+00:00","dateModified":"2025-05-05T10:04:57+00:00","breadcrumb":{"@id":"https:\/\/serbischeszentrum.at\/de\/artan-lili-in-wien-bericht\/#breadcrumb"},"inLanguage":"de","potentialAction":[{"@type":"ReadAction","target":["https:\/\/serbischeszentrum.at\/de\/artan-lili-in-wien-bericht\/"]}]},{"@type":"ImageObject","inLanguage":"de","@id":"https:\/\/serbischeszentrum.at\/de\/artan-lili-in-wien-bericht\/#primaryimage","url":"https:\/\/serbischeszentrum.at\/wp-content\/uploads\/2023\/10\/WhatsApp-Image-2025-04-10-at-07.46.21-2-2-scaled.jpeg","contentUrl":"https:\/\/serbischeszentrum.at\/wp-content\/uploads\/2023\/10\/WhatsApp-Image-2025-04-10-at-07.46.21-2-2-scaled.jpeg","width":2560,"height":1920},{"@type":"BreadcrumbList","@id":"https:\/\/serbischeszentrum.at\/de\/artan-lili-in-wien-bericht\/#breadcrumb","itemListElement":[{"@type":"ListItem","position":1,"name":"Home","item":"https:\/\/serbischeszentrum.at\/de\/"},{"@type":"ListItem","position":2,"name":"Artan Lili in Wien &#8211; BERICHT"}]},{"@type":"WebSite","@id":"https:\/\/serbischeszentrum.at\/de\/#website","url":"https:\/\/serbischeszentrum.at\/de\/","name":"Srpski centar","description":"Platforma dru\u0161tvenih i kulturnih inicijativa","publisher":{"@id":"https:\/\/serbischeszentrum.at\/de\/#organization"},"potentialAction":[{"@type":"SearchAction","target":{"@type":"EntryPoint","urlTemplate":"https:\/\/serbischeszentrum.at\/de\/?s={search_term_string}"},"query-input":{"@type":"PropertyValueSpecification","valueRequired":true,"valueName":"search_term_string"}}],"inLanguage":"de"},{"@type":"Organization","@id":"https:\/\/serbischeszentrum.at\/de\/#organization","name":"Serbishes Zentrum","alternateName":"Srpski Centar","url":"https:\/\/serbischeszentrum.at\/de\/","logo":{"@type":"ImageObject","inLanguage":"de","@id":"https:\/\/serbischeszentrum.at\/de\/#\/schema\/logo\/image\/","url":"https:\/\/serbischeszentrum.at\/wp-content\/uploads\/2022\/09\/srpski-centar-logo-kruzni.jpg","contentUrl":"https:\/\/serbischeszentrum.at\/wp-content\/uploads\/2022\/09\/srpski-centar-logo-kruzni.jpg","width":1000,"height":1000,"caption":"Serbishes Zentrum"},"image":{"@id":"https:\/\/serbischeszentrum.at\/de\/#\/schema\/logo\/image\/"},"sameAs":["https:\/\/www.facebook.com\/serbischeszentrum","https:\/\/www.instagram.com\/serbischeszentrum\/"]},{"@type":"Person","@id":"https:\/\/serbischeszentrum.at\/de\/#\/schema\/person\/be01c441f818a4b25a16c206ccac7e38","name":"Srpski Centar","image":{"@type":"ImageObject","inLanguage":"de","@id":"https:\/\/secure.gravatar.com\/avatar\/60c9d36e595b167fba91ae0df2220cd40fc459fe63837eeb77a264740307ceb7?s=96&d=mm&r=g","url":"https:\/\/secure.gravatar.com\/avatar\/60c9d36e595b167fba91ae0df2220cd40fc459fe63837eeb77a264740307ceb7?s=96&d=mm&r=g","contentUrl":"https:\/\/secure.gravatar.com\/avatar\/60c9d36e595b167fba91ae0df2220cd40fc459fe63837eeb77a264740307ceb7?s=96&d=mm&r=g","caption":"Srpski Centar"},"url":"https:\/\/serbischeszentrum.at\/de\/author\/srpski-centar\/"}]}},"_links":{"self":[{"href":"https:\/\/serbischeszentrum.at\/de\/wp-json\/wp\/v2\/posts\/20086","targetHints":{"allow":["GET"]}}],"collection":[{"href":"https:\/\/serbischeszentrum.at\/de\/wp-json\/wp\/v2\/posts"}],"about":[{"href":"https:\/\/serbischeszentrum.at\/de\/wp-json\/wp\/v2\/types\/post"}],"author":[{"embeddable":true,"href":"https:\/\/serbischeszentrum.at\/de\/wp-json\/wp\/v2\/users\/4"}],"replies":[{"embeddable":true,"href":"https:\/\/serbischeszentrum.at\/de\/wp-json\/wp\/v2\/comments?post=20086"}],"version-history":[{"count":0,"href":"https:\/\/serbischeszentrum.at\/de\/wp-json\/wp\/v2\/posts\/20086\/revisions"}],"wp:featuredmedia":[{"embeddable":true,"href":"https:\/\/serbischeszentrum.at\/de\/wp-json\/wp\/v2\/media\/20284"}],"wp:attachment":[{"href":"https:\/\/serbischeszentrum.at\/de\/wp-json\/wp\/v2\/media?parent=20086"}],"wp:term":[{"taxonomy":"category","embeddable":true,"href":"https:\/\/serbischeszentrum.at\/de\/wp-json\/wp\/v2\/categories?post=20086"},{"taxonomy":"post_tag","embeddable":true,"href":"https:\/\/serbischeszentrum.at\/de\/wp-json\/wp\/v2\/tags?post=20086"}],"curies":[{"name":"wp","href":"https:\/\/api.w.org\/{rel}","templated":true}]}}