{"id":20007,"date":"2024-04-20T18:08:00","date_gmt":"2024-04-20T18:08:00","guid":{"rendered":"https:\/\/serbischeszentrum.at\/zwei-ausverkaufte-konzerte-der-deca-iz-vode-kinder-aus-dem-wasser-in-wien-bericht\/"},"modified":"2025-04-09T18:16:00","modified_gmt":"2025-04-09T18:16:00","slug":"zwei-ausverkaufte-konzerte-der-deca-iz-vode-kinder-aus-dem-wasser-in-wien-bericht","status":"publish","type":"post","link":"https:\/\/serbischeszentrum.at\/de\/zwei-ausverkaufte-konzerte-der-deca-iz-vode-kinder-aus-dem-wasser-in-wien-bericht\/","title":{"rendered":"Zwei ausverkaufte Konzerte der \u201eDeca iz vode\u201c (Kinder aus dem Wasser) in Wien &#8211; BERICHT"},"content":{"rendered":"\n<p><p style=\"font-weight: 400;\">Am Wochenende des 19. und 20. April 2024 sorgte der EKV-Tribute-Band \u201eDeca iz vode\u201c f\u00fcr Begeisterung im Wiener Club Replugged \u2013 beide Abende waren restlos ausverkauft.<\/p><br\/><p style=\"font-weight: 400;\"><\/p><br\/><p style=\"font-weight: 400;\">Das Publikum erlebte emotionale Konzerte, bei denen die gr\u00f6\u00dften Hits der legend\u00e4ren Band Ekatarina Velika (EKV) zu h\u00f6ren waren \u2013 einer Zusammensetzung, die mit ihrer Musik und k\u00fcnstlerischen Pr\u00e4senz einen unvergesslichen Eindruck auf die Kulturszene des gesamten ehemaligen Jugoslawiens hinterlassen hat.<\/p><br\/><p style=\"font-weight: 400;\"><\/p><br\/><p style=\"font-weight: 400;\"><\/p><\/p>\n\n<p>Der anhaltende Zauber von EKV zeigte sich eindrucksvoll in der Tatsache, dass gleich zwei Abende hintereinander bis auf den letzten Platz gef\u00fcllt waren.<br\/><br\/><\/p>\n\n<p>Unterst\u00fctzt wurde die Tribute-Band \u201eDeca iz vode\u201c von besonderen G\u00e4sten: dem Schauspieler und ehemaligen EKV-Schlagzeuger Sr\u0111an \u017dika Todorovi\u0107 sowie der renommierten Jazzs\u00e4ngerin Tanja Jovi\u0107evi\u0107, die bereits mit der Originalbesetzung der Band an mehreren Projekten zusammenarbeitete.<\/p>\n\n<p>\u017dika Todorovi\u0107 nahm mit Milan Mladenovi\u0107, Margita Stefanovi\u0107 Magi und Bojan Pe\u010dar die ikonischen Alben \u201eLjubav\u201c und \u201ePar godina za nas\u201c auf. Diese Platten pr\u00e4gten eine ganze Generation und brachten unvergessliche Titel wie \u201eZemlja\u201c, \u201eKrug\u201c, \u201eSrce\u201c, \u201eLjubav\u201c, \u201ePar godina za nas\u201c und \u201ePored mene\u201c hervor \u2013 Songs, die damals die Charts dominierten. Diese kreative Phase gilt bis heute als die erfolgreichste \u00c4ra der Band.<\/p>\n\n<p> Dank \u201eDeca iz vode\u201c lebt das musikalische Erbe von EKV weiter \u2013 und das gro\u00dfe Interesse des Wiener Publikums beweist, dass ihre Musik nach wie vor Generationen bewegt.<\/p>\n\n<div class=\"wp-block-columns is-layout-flex wp-container-core-columns-is-layout-28f84493 wp-block-columns-is-layout-flex\">\n<div class=\"wp-block-column is-layout-flow wp-block-column-is-layout-flow\">\n<figure class=\"wp-block-image size-large\"><img fetchpriority=\"high\" decoding=\"async\" width=\"1024\" height=\"683\" src=\"https:\/\/serbischeszentrum.at\/wp-content\/uploads\/2025\/04\/luka-fotograf.at014-1-1024x683.jpg\" alt=\"\" class=\"wp-image-19956\" srcset=\"https:\/\/serbischeszentrum.at\/wp-content\/uploads\/2025\/04\/luka-fotograf.at014-1-1024x683.jpg 1024w, https:\/\/serbischeszentrum.at\/wp-content\/uploads\/2025\/04\/luka-fotograf.at014-1-300x200.jpg 300w, https:\/\/serbischeszentrum.at\/wp-content\/uploads\/2025\/04\/luka-fotograf.at014-1-768x512.jpg 768w, https:\/\/serbischeszentrum.at\/wp-content\/uploads\/2025\/04\/luka-fotograf.at014-1-1536x1024.jpg 1536w, https:\/\/serbischeszentrum.at\/wp-content\/uploads\/2025\/04\/luka-fotograf.at014-1-2048x1365.jpg 2048w\" sizes=\"(max-width: 1024px) 100vw, 1024px\" \/><\/figure>\n<\/div>\n\n\n\n<div class=\"wp-block-column is-layout-flow wp-block-column-is-layout-flow\">\n<figure class=\"wp-block-image size-large\"><img decoding=\"async\" width=\"1024\" height=\"683\" src=\"https:\/\/serbischeszentrum.at\/wp-content\/uploads\/2025\/04\/luka-fotograf.at035-1024x683.jpg\" alt=\"\" class=\"wp-image-19959\" srcset=\"https:\/\/serbischeszentrum.at\/wp-content\/uploads\/2025\/04\/luka-fotograf.at035-1024x683.jpg 1024w, https:\/\/serbischeszentrum.at\/wp-content\/uploads\/2025\/04\/luka-fotograf.at035-300x200.jpg 300w, https:\/\/serbischeszentrum.at\/wp-content\/uploads\/2025\/04\/luka-fotograf.at035-768x512.jpg 768w, https:\/\/serbischeszentrum.at\/wp-content\/uploads\/2025\/04\/luka-fotograf.at035-1536x1024.jpg 1536w, https:\/\/serbischeszentrum.at\/wp-content\/uploads\/2025\/04\/luka-fotograf.at035-2048x1365.jpg 2048w\" sizes=\"(max-width: 1024px) 100vw, 1024px\" \/><\/figure>\n<\/div>\n\n\n\n<div class=\"wp-block-column is-layout-flow wp-block-column-is-layout-flow\">\n<figure class=\"wp-block-image size-large\"><img decoding=\"async\" width=\"1024\" height=\"683\" src=\"https:\/\/serbischeszentrum.at\/wp-content\/uploads\/2025\/04\/luka-fotograf.at026-1024x683.jpg\" alt=\"\" class=\"wp-image-19962\" srcset=\"https:\/\/serbischeszentrum.at\/wp-content\/uploads\/2025\/04\/luka-fotograf.at026-1024x683.jpg 1024w, https:\/\/serbischeszentrum.at\/wp-content\/uploads\/2025\/04\/luka-fotograf.at026-300x200.jpg 300w, https:\/\/serbischeszentrum.at\/wp-content\/uploads\/2025\/04\/luka-fotograf.at026-768x512.jpg 768w, https:\/\/serbischeszentrum.at\/wp-content\/uploads\/2025\/04\/luka-fotograf.at026-1536x1024.jpg 1536w, https:\/\/serbischeszentrum.at\/wp-content\/uploads\/2025\/04\/luka-fotograf.at026-2048x1365.jpg 2048w\" sizes=\"(max-width: 1024px) 100vw, 1024px\" \/><\/figure>\n<\/div>\n<\/div>\n\n<div class=\"wp-block-columns is-layout-flex wp-container-core-columns-is-layout-28f84493 wp-block-columns-is-layout-flex\">\n<div class=\"wp-block-column is-layout-flow wp-block-column-is-layout-flow\">\n<figure class=\"wp-block-image size-large\"><img loading=\"lazy\" decoding=\"async\" width=\"1024\" height=\"683\" src=\"https:\/\/serbischeszentrum.at\/wp-content\/uploads\/2025\/04\/luka-fotograf.at001-1-1024x683.jpg\" alt=\"\" class=\"wp-image-19965\" srcset=\"https:\/\/serbischeszentrum.at\/wp-content\/uploads\/2025\/04\/luka-fotograf.at001-1-1024x683.jpg 1024w, https:\/\/serbischeszentrum.at\/wp-content\/uploads\/2025\/04\/luka-fotograf.at001-1-300x200.jpg 300w, https:\/\/serbischeszentrum.at\/wp-content\/uploads\/2025\/04\/luka-fotograf.at001-1-768x512.jpg 768w, https:\/\/serbischeszentrum.at\/wp-content\/uploads\/2025\/04\/luka-fotograf.at001-1-1536x1024.jpg 1536w, https:\/\/serbischeszentrum.at\/wp-content\/uploads\/2025\/04\/luka-fotograf.at001-1-2048x1365.jpg 2048w\" sizes=\"(max-width: 1024px) 100vw, 1024px\" \/><\/figure>\n<\/div>\n\n\n\n<div class=\"wp-block-column is-layout-flow wp-block-column-is-layout-flow\">\n<figure class=\"wp-block-image size-large\"><img loading=\"lazy\" decoding=\"async\" width=\"1024\" height=\"683\" src=\"https:\/\/serbischeszentrum.at\/wp-content\/uploads\/2025\/04\/luka-fotograf.at004-1024x683.jpg\" alt=\"\" class=\"wp-image-19968\" srcset=\"https:\/\/serbischeszentrum.at\/wp-content\/uploads\/2025\/04\/luka-fotograf.at004-1024x683.jpg 1024w, https:\/\/serbischeszentrum.at\/wp-content\/uploads\/2025\/04\/luka-fotograf.at004-300x200.jpg 300w, https:\/\/serbischeszentrum.at\/wp-content\/uploads\/2025\/04\/luka-fotograf.at004-768x512.jpg 768w, https:\/\/serbischeszentrum.at\/wp-content\/uploads\/2025\/04\/luka-fotograf.at004-1536x1024.jpg 1536w, https:\/\/serbischeszentrum.at\/wp-content\/uploads\/2025\/04\/luka-fotograf.at004-2048x1365.jpg 2048w\" sizes=\"(max-width: 1024px) 100vw, 1024px\" \/><\/figure>\n<\/div>\n\n\n\n<div class=\"wp-block-column is-layout-flow wp-block-column-is-layout-flow\">\n<figure class=\"wp-block-image size-large\"><img loading=\"lazy\" decoding=\"async\" width=\"1024\" height=\"683\" src=\"https:\/\/serbischeszentrum.at\/wp-content\/uploads\/2025\/04\/luka-fotograf.at006-1024x683.jpg\" alt=\"\" class=\"wp-image-19971\" srcset=\"https:\/\/serbischeszentrum.at\/wp-content\/uploads\/2025\/04\/luka-fotograf.at006-1024x683.jpg 1024w, https:\/\/serbischeszentrum.at\/wp-content\/uploads\/2025\/04\/luka-fotograf.at006-300x200.jpg 300w, https:\/\/serbischeszentrum.at\/wp-content\/uploads\/2025\/04\/luka-fotograf.at006-768x512.jpg 768w, https:\/\/serbischeszentrum.at\/wp-content\/uploads\/2025\/04\/luka-fotograf.at006-1536x1024.jpg 1536w, https:\/\/serbischeszentrum.at\/wp-content\/uploads\/2025\/04\/luka-fotograf.at006-2048x1365.jpg 2048w\" sizes=\"(max-width: 1024px) 100vw, 1024px\" \/><\/figure>\n<\/div>\n<\/div>\n\n<div class=\"wp-block-columns is-layout-flex wp-container-core-columns-is-layout-28f84493 wp-block-columns-is-layout-flex\">\n<div class=\"wp-block-column is-layout-flow wp-block-column-is-layout-flow\">\n<figure class=\"wp-block-image size-large\"><img loading=\"lazy\" decoding=\"async\" width=\"1024\" height=\"683\" src=\"https:\/\/serbischeszentrum.at\/wp-content\/uploads\/2025\/04\/luka-fotograf.at008-1024x683.jpg\" alt=\"\" class=\"wp-image-19974\" srcset=\"https:\/\/serbischeszentrum.at\/wp-content\/uploads\/2025\/04\/luka-fotograf.at008-1024x683.jpg 1024w, https:\/\/serbischeszentrum.at\/wp-content\/uploads\/2025\/04\/luka-fotograf.at008-300x200.jpg 300w, https:\/\/serbischeszentrum.at\/wp-content\/uploads\/2025\/04\/luka-fotograf.at008-768x512.jpg 768w, https:\/\/serbischeszentrum.at\/wp-content\/uploads\/2025\/04\/luka-fotograf.at008-1536x1024.jpg 1536w, https:\/\/serbischeszentrum.at\/wp-content\/uploads\/2025\/04\/luka-fotograf.at008-2048x1365.jpg 2048w\" sizes=\"(max-width: 1024px) 100vw, 1024px\" \/><\/figure>\n<\/div>\n\n\n\n<div class=\"wp-block-column is-layout-flow wp-block-column-is-layout-flow\">\n<figure class=\"wp-block-image size-large\"><img loading=\"lazy\" decoding=\"async\" width=\"1024\" height=\"683\" src=\"https:\/\/serbischeszentrum.at\/wp-content\/uploads\/2025\/04\/luka-fotograf.at013-1024x683.jpg\" alt=\"\" class=\"wp-image-19977\" srcset=\"https:\/\/serbischeszentrum.at\/wp-content\/uploads\/2025\/04\/luka-fotograf.at013-1024x683.jpg 1024w, https:\/\/serbischeszentrum.at\/wp-content\/uploads\/2025\/04\/luka-fotograf.at013-300x200.jpg 300w, https:\/\/serbischeszentrum.at\/wp-content\/uploads\/2025\/04\/luka-fotograf.at013-768x512.jpg 768w, https:\/\/serbischeszentrum.at\/wp-content\/uploads\/2025\/04\/luka-fotograf.at013-1536x1024.jpg 1536w, https:\/\/serbischeszentrum.at\/wp-content\/uploads\/2025\/04\/luka-fotograf.at013-2048x1365.jpg 2048w\" sizes=\"(max-width: 1024px) 100vw, 1024px\" \/><\/figure>\n<\/div>\n\n\n\n<div class=\"wp-block-column is-layout-flow wp-block-column-is-layout-flow\">\n<figure class=\"wp-block-image size-large\"><img loading=\"lazy\" decoding=\"async\" width=\"1024\" height=\"683\" src=\"https:\/\/serbischeszentrum.at\/wp-content\/uploads\/2025\/04\/luka-fotograf.at011-1-1024x683.jpg\" alt=\"\" class=\"wp-image-19980\" srcset=\"https:\/\/serbischeszentrum.at\/wp-content\/uploads\/2025\/04\/luka-fotograf.at011-1-1024x683.jpg 1024w, https:\/\/serbischeszentrum.at\/wp-content\/uploads\/2025\/04\/luka-fotograf.at011-1-300x200.jpg 300w, https:\/\/serbischeszentrum.at\/wp-content\/uploads\/2025\/04\/luka-fotograf.at011-1-768x512.jpg 768w, https:\/\/serbischeszentrum.at\/wp-content\/uploads\/2025\/04\/luka-fotograf.at011-1-1536x1024.jpg 1536w, https:\/\/serbischeszentrum.at\/wp-content\/uploads\/2025\/04\/luka-fotograf.at011-1-2048x1365.jpg 2048w\" sizes=\"(max-width: 1024px) 100vw, 1024px\" \/><\/figure>\n<\/div>\n<\/div>\n\n<div class=\"wp-block-columns is-layout-flex wp-container-core-columns-is-layout-28f84493 wp-block-columns-is-layout-flex\">\n<div class=\"wp-block-column is-layout-flow wp-block-column-is-layout-flow\">\n<figure class=\"wp-block-image size-large\"><img loading=\"lazy\" decoding=\"async\" width=\"1024\" height=\"683\" src=\"https:\/\/serbischeszentrum.at\/wp-content\/uploads\/2025\/04\/luka-fotograf.at016-1024x683.jpg\" alt=\"\" class=\"wp-image-19983\" srcset=\"https:\/\/serbischeszentrum.at\/wp-content\/uploads\/2025\/04\/luka-fotograf.at016-1024x683.jpg 1024w, https:\/\/serbischeszentrum.at\/wp-content\/uploads\/2025\/04\/luka-fotograf.at016-300x200.jpg 300w, https:\/\/serbischeszentrum.at\/wp-content\/uploads\/2025\/04\/luka-fotograf.at016-768x512.jpg 768w, https:\/\/serbischeszentrum.at\/wp-content\/uploads\/2025\/04\/luka-fotograf.at016-1536x1024.jpg 1536w, https:\/\/serbischeszentrum.at\/wp-content\/uploads\/2025\/04\/luka-fotograf.at016-2048x1365.jpg 2048w\" sizes=\"(max-width: 1024px) 100vw, 1024px\" \/><\/figure>\n<\/div>\n\n\n\n<div class=\"wp-block-column is-layout-flow wp-block-column-is-layout-flow\">\n<figure class=\"wp-block-image size-large\"><img loading=\"lazy\" decoding=\"async\" width=\"1024\" height=\"683\" src=\"https:\/\/serbischeszentrum.at\/wp-content\/uploads\/2025\/04\/luka-fotograf.at044-1024x683.jpg\" alt=\"\" class=\"wp-image-19992\" srcset=\"https:\/\/serbischeszentrum.at\/wp-content\/uploads\/2025\/04\/luka-fotograf.at044-1024x683.jpg 1024w, https:\/\/serbischeszentrum.at\/wp-content\/uploads\/2025\/04\/luka-fotograf.at044-300x200.jpg 300w, https:\/\/serbischeszentrum.at\/wp-content\/uploads\/2025\/04\/luka-fotograf.at044-768x512.jpg 768w, https:\/\/serbischeszentrum.at\/wp-content\/uploads\/2025\/04\/luka-fotograf.at044-1536x1024.jpg 1536w, https:\/\/serbischeszentrum.at\/wp-content\/uploads\/2025\/04\/luka-fotograf.at044-2048x1365.jpg 2048w\" sizes=\"(max-width: 1024px) 100vw, 1024px\" \/><\/figure>\n<\/div>\n\n\n\n<div class=\"wp-block-column is-layout-flow wp-block-column-is-layout-flow\">\n<figure class=\"wp-block-image size-large\"><img loading=\"lazy\" decoding=\"async\" width=\"1024\" height=\"683\" src=\"https:\/\/serbischeszentrum.at\/wp-content\/uploads\/2025\/04\/luka-fotograf.at046-1024x683.jpg\" alt=\"\" class=\"wp-image-19986\" srcset=\"https:\/\/serbischeszentrum.at\/wp-content\/uploads\/2025\/04\/luka-fotograf.at046-1024x683.jpg 1024w, https:\/\/serbischeszentrum.at\/wp-content\/uploads\/2025\/04\/luka-fotograf.at046-300x200.jpg 300w, https:\/\/serbischeszentrum.at\/wp-content\/uploads\/2025\/04\/luka-fotograf.at046-768x512.jpg 768w, https:\/\/serbischeszentrum.at\/wp-content\/uploads\/2025\/04\/luka-fotograf.at046-1536x1024.jpg 1536w, https:\/\/serbischeszentrum.at\/wp-content\/uploads\/2025\/04\/luka-fotograf.at046-2048x1365.jpg 2048w\" sizes=\"(max-width: 1024px) 100vw, 1024px\" \/><\/figure>\n<\/div>\n<\/div>\n\n<div class=\"wp-block-columns is-layout-flex wp-container-core-columns-is-layout-28f84493 wp-block-columns-is-layout-flex\">\n<div class=\"wp-block-column is-layout-flow wp-block-column-is-layout-flow\">\n<figure class=\"wp-block-image size-large\"><img loading=\"lazy\" decoding=\"async\" width=\"819\" height=\"1024\" src=\"https:\/\/serbischeszentrum.at\/wp-content\/uploads\/2025\/04\/luka-fotograf.at021-1-819x1024.jpg\" alt=\"\" class=\"wp-image-19995\" srcset=\"https:\/\/serbischeszentrum.at\/wp-content\/uploads\/2025\/04\/luka-fotograf.at021-1-819x1024.jpg 819w, https:\/\/serbischeszentrum.at\/wp-content\/uploads\/2025\/04\/luka-fotograf.at021-1-240x300.jpg 240w, https:\/\/serbischeszentrum.at\/wp-content\/uploads\/2025\/04\/luka-fotograf.at021-1-768x960.jpg 768w, https:\/\/serbischeszentrum.at\/wp-content\/uploads\/2025\/04\/luka-fotograf.at021-1-1229x1536.jpg 1229w, https:\/\/serbischeszentrum.at\/wp-content\/uploads\/2025\/04\/luka-fotograf.at021-1-1638x2048.jpg 1638w, https:\/\/serbischeszentrum.at\/wp-content\/uploads\/2025\/04\/luka-fotograf.at021-1-scaled.jpg 2048w\" sizes=\"(max-width: 819px) 100vw, 819px\" \/><\/figure>\n<\/div>\n\n\n\n<div class=\"wp-block-column is-layout-flow wp-block-column-is-layout-flow\">\n<figure class=\"wp-block-image size-large\"><img loading=\"lazy\" decoding=\"async\" width=\"819\" height=\"1024\" src=\"https:\/\/serbischeszentrum.at\/wp-content\/uploads\/2025\/04\/luka-fotograf.at031-1-819x1024.jpg\" alt=\"\" class=\"wp-image-19998\" srcset=\"https:\/\/serbischeszentrum.at\/wp-content\/uploads\/2025\/04\/luka-fotograf.at031-1-819x1024.jpg 819w, https:\/\/serbischeszentrum.at\/wp-content\/uploads\/2025\/04\/luka-fotograf.at031-1-240x300.jpg 240w, https:\/\/serbischeszentrum.at\/wp-content\/uploads\/2025\/04\/luka-fotograf.at031-1-768x960.jpg 768w, https:\/\/serbischeszentrum.at\/wp-content\/uploads\/2025\/04\/luka-fotograf.at031-1-1229x1536.jpg 1229w, https:\/\/serbischeszentrum.at\/wp-content\/uploads\/2025\/04\/luka-fotograf.at031-1-1638x2048.jpg 1638w, https:\/\/serbischeszentrum.at\/wp-content\/uploads\/2025\/04\/luka-fotograf.at031-1-scaled.jpg 2048w\" sizes=\"(max-width: 819px) 100vw, 819px\" \/><\/figure>\n<\/div>\n\n\n\n<div class=\"wp-block-column is-layout-flow wp-block-column-is-layout-flow\">\n<figure class=\"wp-block-image size-large\"><img loading=\"lazy\" decoding=\"async\" width=\"819\" height=\"1024\" src=\"https:\/\/serbischeszentrum.at\/wp-content\/uploads\/2025\/04\/luka-fotograf.at037-819x1024.jpg\" alt=\"\" class=\"wp-image-20001\" srcset=\"https:\/\/serbischeszentrum.at\/wp-content\/uploads\/2025\/04\/luka-fotograf.at037-819x1024.jpg 819w, https:\/\/serbischeszentrum.at\/wp-content\/uploads\/2025\/04\/luka-fotograf.at037-240x300.jpg 240w, https:\/\/serbischeszentrum.at\/wp-content\/uploads\/2025\/04\/luka-fotograf.at037-768x960.jpg 768w, https:\/\/serbischeszentrum.at\/wp-content\/uploads\/2025\/04\/luka-fotograf.at037-1229x1536.jpg 1229w, https:\/\/serbischeszentrum.at\/wp-content\/uploads\/2025\/04\/luka-fotograf.at037-1638x2048.jpg 1638w, https:\/\/serbischeszentrum.at\/wp-content\/uploads\/2025\/04\/luka-fotograf.at037-scaled.jpg 2048w\" sizes=\"(max-width: 819px) 100vw, 819px\" \/><\/figure>\n<\/div>\n<\/div>\n\n<p><\/p>\n","protected":false},"excerpt":{"rendered":"<p>Am Wochenende des 19. und 20. April 2024 sorgte der EKV-Tribute-Band \u201eDeca iz vode\u201c f\u00fcr Begeisterung im Wiener Club Replugged \u2013 beide Abende waren restlos ausverkauft. Das Publikum erlebte emotionale Konzerte, bei denen die gr\u00f6\u00dften Hits der legend\u00e4ren Band Ekatarina Velika (EKV) zu h\u00f6ren waren \u2013 einer Zusammensetzung, die mit ihrer Musik und k\u00fcnstlerischen Pr\u00e4senz [&hellip;]<\/p>\n","protected":false},"author":4,"featured_media":19963,"comment_status":"open","ping_status":"open","sticky":false,"template":"","format":"standard","meta":{"_acf_changed":false,"footnotes":""},"categories":[19],"tags":[],"class_list":["post-20007","post","type-post","status-publish","format-standard","has-post-thumbnail","hentry","category-unkategorisiert"],"acf":[],"yoast_head":"<!-- This site is optimized with the Yoast SEO plugin v27.4 - https:\/\/yoast.com\/product\/yoast-seo-wordpress\/ -->\n<title>Zwei ausverkaufte Konzerte der \u201eDeca iz vode\u201c (Kinder aus dem Wasser) in Wien - BERICHT - Srpski centar<\/title>\n<meta name=\"robots\" content=\"index, follow, max-snippet:-1, max-image-preview:large, max-video-preview:-1\" \/>\n<link rel=\"canonical\" href=\"https:\/\/serbischeszentrum.at\/de\/zwei-ausverkaufte-konzerte-der-deca-iz-vode-kinder-aus-dem-wasser-in-wien-bericht\/\" \/>\n<meta property=\"og:locale\" content=\"de_DE\" \/>\n<meta property=\"og:type\" content=\"article\" \/>\n<meta property=\"og:title\" content=\"Zwei ausverkaufte Konzerte der \u201eDeca iz vode\u201c (Kinder aus dem Wasser) in Wien - BERICHT - Srpski centar\" \/>\n<meta property=\"og:description\" content=\"Am Wochenende des 19. und 20. April 2024 sorgte der EKV-Tribute-Band \u201eDeca iz vode\u201c f\u00fcr Begeisterung im Wiener Club Replugged \u2013 beide Abende waren restlos ausverkauft. Das Publikum erlebte emotionale Konzerte, bei denen die gr\u00f6\u00dften Hits der legend\u00e4ren Band Ekatarina Velika (EKV) zu h\u00f6ren waren \u2013 einer Zusammensetzung, die mit ihrer Musik und k\u00fcnstlerischen Pr\u00e4senz [&hellip;]\" \/>\n<meta property=\"og:url\" content=\"https:\/\/serbischeszentrum.at\/de\/zwei-ausverkaufte-konzerte-der-deca-iz-vode-kinder-aus-dem-wasser-in-wien-bericht\/\" \/>\n<meta property=\"og:site_name\" content=\"Srpski centar\" \/>\n<meta property=\"article:publisher\" content=\"https:\/\/www.facebook.com\/serbischeszentrum\" \/>\n<meta property=\"article:published_time\" content=\"2024-04-20T18:08:00+00:00\" \/>\n<meta property=\"article:modified_time\" content=\"2025-04-09T18:16:00+00:00\" \/>\n<meta property=\"og:image\" content=\"https:\/\/serbischeszentrum.at\/wp-content\/uploads\/2025\/04\/luka-fotograf.at026-scaled.jpg\" \/>\n\t<meta property=\"og:image:width\" content=\"2560\" \/>\n\t<meta property=\"og:image:height\" content=\"1707\" \/>\n\t<meta property=\"og:image:type\" content=\"image\/jpeg\" \/>\n<meta name=\"author\" content=\"Srpski Centar\" \/>\n<meta name=\"twitter:card\" content=\"summary_large_image\" \/>\n<meta name=\"twitter:label1\" content=\"Verfasst von\" \/>\n\t<meta name=\"twitter:data1\" content=\"Srpski Centar\" \/>\n\t<meta name=\"twitter:label2\" content=\"Gesch\u00e4tzte Lesezeit\" \/>\n\t<meta name=\"twitter:data2\" content=\"1\u00a0Minute\" \/>\n<script type=\"application\/ld+json\" class=\"yoast-schema-graph\">{\"@context\":\"https:\\\/\\\/schema.org\",\"@graph\":[{\"@type\":\"Article\",\"@id\":\"https:\\\/\\\/serbischeszentrum.at\\\/de\\\/zwei-ausverkaufte-konzerte-der-deca-iz-vode-kinder-aus-dem-wasser-in-wien-bericht\\\/#article\",\"isPartOf\":{\"@id\":\"https:\\\/\\\/serbischeszentrum.at\\\/de\\\/zwei-ausverkaufte-konzerte-der-deca-iz-vode-kinder-aus-dem-wasser-in-wien-bericht\\\/\"},\"author\":{\"name\":\"Srpski Centar\",\"@id\":\"https:\\\/\\\/serbischeszentrum.at\\\/de\\\/#\\\/schema\\\/person\\\/be01c441f818a4b25a16c206ccac7e38\"},\"headline\":\"Zwei ausverkaufte Konzerte der \u201eDeca iz vode\u201c (Kinder aus dem Wasser) in Wien &#8211; BERICHT\",\"datePublished\":\"2024-04-20T18:08:00+00:00\",\"dateModified\":\"2025-04-09T18:16:00+00:00\",\"mainEntityOfPage\":{\"@id\":\"https:\\\/\\\/serbischeszentrum.at\\\/de\\\/zwei-ausverkaufte-konzerte-der-deca-iz-vode-kinder-aus-dem-wasser-in-wien-bericht\\\/\"},\"wordCount\":240,\"commentCount\":0,\"publisher\":{\"@id\":\"https:\\\/\\\/serbischeszentrum.at\\\/de\\\/#organization\"},\"image\":{\"@id\":\"https:\\\/\\\/serbischeszentrum.at\\\/de\\\/zwei-ausverkaufte-konzerte-der-deca-iz-vode-kinder-aus-dem-wasser-in-wien-bericht\\\/#primaryimage\"},\"thumbnailUrl\":\"https:\\\/\\\/serbischeszentrum.at\\\/wp-content\\\/uploads\\\/2025\\\/04\\\/luka-fotograf.at026-scaled.jpg\",\"articleSection\":[\"Unkategorisiert\"],\"inLanguage\":\"de\",\"potentialAction\":[{\"@type\":\"CommentAction\",\"name\":\"Comment\",\"target\":[\"https:\\\/\\\/serbischeszentrum.at\\\/de\\\/zwei-ausverkaufte-konzerte-der-deca-iz-vode-kinder-aus-dem-wasser-in-wien-bericht\\\/#respond\"]}]},{\"@type\":\"WebPage\",\"@id\":\"https:\\\/\\\/serbischeszentrum.at\\\/de\\\/zwei-ausverkaufte-konzerte-der-deca-iz-vode-kinder-aus-dem-wasser-in-wien-bericht\\\/\",\"url\":\"https:\\\/\\\/serbischeszentrum.at\\\/de\\\/zwei-ausverkaufte-konzerte-der-deca-iz-vode-kinder-aus-dem-wasser-in-wien-bericht\\\/\",\"name\":\"Zwei ausverkaufte Konzerte der \u201eDeca iz vode\u201c (Kinder aus dem Wasser) in Wien - BERICHT - Srpski centar\",\"isPartOf\":{\"@id\":\"https:\\\/\\\/serbischeszentrum.at\\\/de\\\/#website\"},\"primaryImageOfPage\":{\"@id\":\"https:\\\/\\\/serbischeszentrum.at\\\/de\\\/zwei-ausverkaufte-konzerte-der-deca-iz-vode-kinder-aus-dem-wasser-in-wien-bericht\\\/#primaryimage\"},\"image\":{\"@id\":\"https:\\\/\\\/serbischeszentrum.at\\\/de\\\/zwei-ausverkaufte-konzerte-der-deca-iz-vode-kinder-aus-dem-wasser-in-wien-bericht\\\/#primaryimage\"},\"thumbnailUrl\":\"https:\\\/\\\/serbischeszentrum.at\\\/wp-content\\\/uploads\\\/2025\\\/04\\\/luka-fotograf.at026-scaled.jpg\",\"datePublished\":\"2024-04-20T18:08:00+00:00\",\"dateModified\":\"2025-04-09T18:16:00+00:00\",\"breadcrumb\":{\"@id\":\"https:\\\/\\\/serbischeszentrum.at\\\/de\\\/zwei-ausverkaufte-konzerte-der-deca-iz-vode-kinder-aus-dem-wasser-in-wien-bericht\\\/#breadcrumb\"},\"inLanguage\":\"de\",\"potentialAction\":[{\"@type\":\"ReadAction\",\"target\":[\"https:\\\/\\\/serbischeszentrum.at\\\/de\\\/zwei-ausverkaufte-konzerte-der-deca-iz-vode-kinder-aus-dem-wasser-in-wien-bericht\\\/\"]}]},{\"@type\":\"ImageObject\",\"inLanguage\":\"de\",\"@id\":\"https:\\\/\\\/serbischeszentrum.at\\\/de\\\/zwei-ausverkaufte-konzerte-der-deca-iz-vode-kinder-aus-dem-wasser-in-wien-bericht\\\/#primaryimage\",\"url\":\"https:\\\/\\\/serbischeszentrum.at\\\/wp-content\\\/uploads\\\/2025\\\/04\\\/luka-fotograf.at026-scaled.jpg\",\"contentUrl\":\"https:\\\/\\\/serbischeszentrum.at\\\/wp-content\\\/uploads\\\/2025\\\/04\\\/luka-fotograf.at026-scaled.jpg\",\"width\":2560,\"height\":1707},{\"@type\":\"BreadcrumbList\",\"@id\":\"https:\\\/\\\/serbischeszentrum.at\\\/de\\\/zwei-ausverkaufte-konzerte-der-deca-iz-vode-kinder-aus-dem-wasser-in-wien-bericht\\\/#breadcrumb\",\"itemListElement\":[{\"@type\":\"ListItem\",\"position\":1,\"name\":\"Home\",\"item\":\"https:\\\/\\\/serbischeszentrum.at\\\/de\\\/\"},{\"@type\":\"ListItem\",\"position\":2,\"name\":\"Zwei ausverkaufte Konzerte der \u201eDeca iz vode\u201c (Kinder aus dem Wasser) in Wien &#8211; BERICHT\"}]},{\"@type\":\"WebSite\",\"@id\":\"https:\\\/\\\/serbischeszentrum.at\\\/de\\\/#website\",\"url\":\"https:\\\/\\\/serbischeszentrum.at\\\/de\\\/\",\"name\":\"Srpski centar\",\"description\":\"Platforma dru\u0161tvenih i kulturnih inicijativa\",\"publisher\":{\"@id\":\"https:\\\/\\\/serbischeszentrum.at\\\/de\\\/#organization\"},\"potentialAction\":[{\"@type\":\"SearchAction\",\"target\":{\"@type\":\"EntryPoint\",\"urlTemplate\":\"https:\\\/\\\/serbischeszentrum.at\\\/de\\\/?s={search_term_string}\"},\"query-input\":{\"@type\":\"PropertyValueSpecification\",\"valueRequired\":true,\"valueName\":\"search_term_string\"}}],\"inLanguage\":\"de\"},{\"@type\":\"Organization\",\"@id\":\"https:\\\/\\\/serbischeszentrum.at\\\/de\\\/#organization\",\"name\":\"Serbishes Zentrum\",\"alternateName\":\"Srpski Centar\",\"url\":\"https:\\\/\\\/serbischeszentrum.at\\\/de\\\/\",\"logo\":{\"@type\":\"ImageObject\",\"inLanguage\":\"de\",\"@id\":\"https:\\\/\\\/serbischeszentrum.at\\\/de\\\/#\\\/schema\\\/logo\\\/image\\\/\",\"url\":\"https:\\\/\\\/serbischeszentrum.at\\\/wp-content\\\/uploads\\\/2022\\\/09\\\/srpski-centar-logo-kruzni.jpg\",\"contentUrl\":\"https:\\\/\\\/serbischeszentrum.at\\\/wp-content\\\/uploads\\\/2022\\\/09\\\/srpski-centar-logo-kruzni.jpg\",\"width\":1000,\"height\":1000,\"caption\":\"Serbishes Zentrum\"},\"image\":{\"@id\":\"https:\\\/\\\/serbischeszentrum.at\\\/de\\\/#\\\/schema\\\/logo\\\/image\\\/\"},\"sameAs\":[\"https:\\\/\\\/www.facebook.com\\\/serbischeszentrum\",\"https:\\\/\\\/www.instagram.com\\\/serbischeszentrum\\\/\"]},{\"@type\":\"Person\",\"@id\":\"https:\\\/\\\/serbischeszentrum.at\\\/de\\\/#\\\/schema\\\/person\\\/be01c441f818a4b25a16c206ccac7e38\",\"name\":\"Srpski Centar\",\"image\":{\"@type\":\"ImageObject\",\"inLanguage\":\"de\",\"@id\":\"https:\\\/\\\/secure.gravatar.com\\\/avatar\\\/60c9d36e595b167fba91ae0df2220cd40fc459fe63837eeb77a264740307ceb7?s=96&d=mm&r=g\",\"url\":\"https:\\\/\\\/secure.gravatar.com\\\/avatar\\\/60c9d36e595b167fba91ae0df2220cd40fc459fe63837eeb77a264740307ceb7?s=96&d=mm&r=g\",\"contentUrl\":\"https:\\\/\\\/secure.gravatar.com\\\/avatar\\\/60c9d36e595b167fba91ae0df2220cd40fc459fe63837eeb77a264740307ceb7?s=96&d=mm&r=g\",\"caption\":\"Srpski Centar\"},\"url\":\"https:\\\/\\\/serbischeszentrum.at\\\/de\\\/author\\\/srpski-centar\\\/\"}]}<\/script>\n<!-- \/ Yoast SEO plugin. -->","yoast_head_json":{"title":"Zwei ausverkaufte Konzerte der \u201eDeca iz vode\u201c (Kinder aus dem Wasser) in Wien - BERICHT - Srpski centar","robots":{"index":"index","follow":"follow","max-snippet":"max-snippet:-1","max-image-preview":"max-image-preview:large","max-video-preview":"max-video-preview:-1"},"canonical":"https:\/\/serbischeszentrum.at\/de\/zwei-ausverkaufte-konzerte-der-deca-iz-vode-kinder-aus-dem-wasser-in-wien-bericht\/","og_locale":"de_DE","og_type":"article","og_title":"Zwei ausverkaufte Konzerte der \u201eDeca iz vode\u201c (Kinder aus dem Wasser) in Wien - BERICHT - Srpski centar","og_description":"Am Wochenende des 19. und 20. April 2024 sorgte der EKV-Tribute-Band \u201eDeca iz vode\u201c f\u00fcr Begeisterung im Wiener Club Replugged \u2013 beide Abende waren restlos ausverkauft. Das Publikum erlebte emotionale Konzerte, bei denen die gr\u00f6\u00dften Hits der legend\u00e4ren Band Ekatarina Velika (EKV) zu h\u00f6ren waren \u2013 einer Zusammensetzung, die mit ihrer Musik und k\u00fcnstlerischen Pr\u00e4senz [&hellip;]","og_url":"https:\/\/serbischeszentrum.at\/de\/zwei-ausverkaufte-konzerte-der-deca-iz-vode-kinder-aus-dem-wasser-in-wien-bericht\/","og_site_name":"Srpski centar","article_publisher":"https:\/\/www.facebook.com\/serbischeszentrum","article_published_time":"2024-04-20T18:08:00+00:00","article_modified_time":"2025-04-09T18:16:00+00:00","og_image":[{"width":2560,"height":1707,"url":"https:\/\/serbischeszentrum.at\/wp-content\/uploads\/2025\/04\/luka-fotograf.at026-scaled.jpg","type":"image\/jpeg"}],"author":"Srpski Centar","twitter_card":"summary_large_image","twitter_misc":{"Verfasst von":"Srpski Centar","Gesch\u00e4tzte Lesezeit":"1\u00a0Minute"},"schema":{"@context":"https:\/\/schema.org","@graph":[{"@type":"Article","@id":"https:\/\/serbischeszentrum.at\/de\/zwei-ausverkaufte-konzerte-der-deca-iz-vode-kinder-aus-dem-wasser-in-wien-bericht\/#article","isPartOf":{"@id":"https:\/\/serbischeszentrum.at\/de\/zwei-ausverkaufte-konzerte-der-deca-iz-vode-kinder-aus-dem-wasser-in-wien-bericht\/"},"author":{"name":"Srpski Centar","@id":"https:\/\/serbischeszentrum.at\/de\/#\/schema\/person\/be01c441f818a4b25a16c206ccac7e38"},"headline":"Zwei ausverkaufte Konzerte der \u201eDeca iz vode\u201c (Kinder aus dem Wasser) in Wien &#8211; BERICHT","datePublished":"2024-04-20T18:08:00+00:00","dateModified":"2025-04-09T18:16:00+00:00","mainEntityOfPage":{"@id":"https:\/\/serbischeszentrum.at\/de\/zwei-ausverkaufte-konzerte-der-deca-iz-vode-kinder-aus-dem-wasser-in-wien-bericht\/"},"wordCount":240,"commentCount":0,"publisher":{"@id":"https:\/\/serbischeszentrum.at\/de\/#organization"},"image":{"@id":"https:\/\/serbischeszentrum.at\/de\/zwei-ausverkaufte-konzerte-der-deca-iz-vode-kinder-aus-dem-wasser-in-wien-bericht\/#primaryimage"},"thumbnailUrl":"https:\/\/serbischeszentrum.at\/wp-content\/uploads\/2025\/04\/luka-fotograf.at026-scaled.jpg","articleSection":["Unkategorisiert"],"inLanguage":"de","potentialAction":[{"@type":"CommentAction","name":"Comment","target":["https:\/\/serbischeszentrum.at\/de\/zwei-ausverkaufte-konzerte-der-deca-iz-vode-kinder-aus-dem-wasser-in-wien-bericht\/#respond"]}]},{"@type":"WebPage","@id":"https:\/\/serbischeszentrum.at\/de\/zwei-ausverkaufte-konzerte-der-deca-iz-vode-kinder-aus-dem-wasser-in-wien-bericht\/","url":"https:\/\/serbischeszentrum.at\/de\/zwei-ausverkaufte-konzerte-der-deca-iz-vode-kinder-aus-dem-wasser-in-wien-bericht\/","name":"Zwei ausverkaufte Konzerte der \u201eDeca iz vode\u201c (Kinder aus dem Wasser) in Wien - BERICHT - Srpski centar","isPartOf":{"@id":"https:\/\/serbischeszentrum.at\/de\/#website"},"primaryImageOfPage":{"@id":"https:\/\/serbischeszentrum.at\/de\/zwei-ausverkaufte-konzerte-der-deca-iz-vode-kinder-aus-dem-wasser-in-wien-bericht\/#primaryimage"},"image":{"@id":"https:\/\/serbischeszentrum.at\/de\/zwei-ausverkaufte-konzerte-der-deca-iz-vode-kinder-aus-dem-wasser-in-wien-bericht\/#primaryimage"},"thumbnailUrl":"https:\/\/serbischeszentrum.at\/wp-content\/uploads\/2025\/04\/luka-fotograf.at026-scaled.jpg","datePublished":"2024-04-20T18:08:00+00:00","dateModified":"2025-04-09T18:16:00+00:00","breadcrumb":{"@id":"https:\/\/serbischeszentrum.at\/de\/zwei-ausverkaufte-konzerte-der-deca-iz-vode-kinder-aus-dem-wasser-in-wien-bericht\/#breadcrumb"},"inLanguage":"de","potentialAction":[{"@type":"ReadAction","target":["https:\/\/serbischeszentrum.at\/de\/zwei-ausverkaufte-konzerte-der-deca-iz-vode-kinder-aus-dem-wasser-in-wien-bericht\/"]}]},{"@type":"ImageObject","inLanguage":"de","@id":"https:\/\/serbischeszentrum.at\/de\/zwei-ausverkaufte-konzerte-der-deca-iz-vode-kinder-aus-dem-wasser-in-wien-bericht\/#primaryimage","url":"https:\/\/serbischeszentrum.at\/wp-content\/uploads\/2025\/04\/luka-fotograf.at026-scaled.jpg","contentUrl":"https:\/\/serbischeszentrum.at\/wp-content\/uploads\/2025\/04\/luka-fotograf.at026-scaled.jpg","width":2560,"height":1707},{"@type":"BreadcrumbList","@id":"https:\/\/serbischeszentrum.at\/de\/zwei-ausverkaufte-konzerte-der-deca-iz-vode-kinder-aus-dem-wasser-in-wien-bericht\/#breadcrumb","itemListElement":[{"@type":"ListItem","position":1,"name":"Home","item":"https:\/\/serbischeszentrum.at\/de\/"},{"@type":"ListItem","position":2,"name":"Zwei ausverkaufte Konzerte der \u201eDeca iz vode\u201c (Kinder aus dem Wasser) in Wien &#8211; BERICHT"}]},{"@type":"WebSite","@id":"https:\/\/serbischeszentrum.at\/de\/#website","url":"https:\/\/serbischeszentrum.at\/de\/","name":"Srpski centar","description":"Platforma dru\u0161tvenih i kulturnih inicijativa","publisher":{"@id":"https:\/\/serbischeszentrum.at\/de\/#organization"},"potentialAction":[{"@type":"SearchAction","target":{"@type":"EntryPoint","urlTemplate":"https:\/\/serbischeszentrum.at\/de\/?s={search_term_string}"},"query-input":{"@type":"PropertyValueSpecification","valueRequired":true,"valueName":"search_term_string"}}],"inLanguage":"de"},{"@type":"Organization","@id":"https:\/\/serbischeszentrum.at\/de\/#organization","name":"Serbishes Zentrum","alternateName":"Srpski Centar","url":"https:\/\/serbischeszentrum.at\/de\/","logo":{"@type":"ImageObject","inLanguage":"de","@id":"https:\/\/serbischeszentrum.at\/de\/#\/schema\/logo\/image\/","url":"https:\/\/serbischeszentrum.at\/wp-content\/uploads\/2022\/09\/srpski-centar-logo-kruzni.jpg","contentUrl":"https:\/\/serbischeszentrum.at\/wp-content\/uploads\/2022\/09\/srpski-centar-logo-kruzni.jpg","width":1000,"height":1000,"caption":"Serbishes Zentrum"},"image":{"@id":"https:\/\/serbischeszentrum.at\/de\/#\/schema\/logo\/image\/"},"sameAs":["https:\/\/www.facebook.com\/serbischeszentrum","https:\/\/www.instagram.com\/serbischeszentrum\/"]},{"@type":"Person","@id":"https:\/\/serbischeszentrum.at\/de\/#\/schema\/person\/be01c441f818a4b25a16c206ccac7e38","name":"Srpski Centar","image":{"@type":"ImageObject","inLanguage":"de","@id":"https:\/\/secure.gravatar.com\/avatar\/60c9d36e595b167fba91ae0df2220cd40fc459fe63837eeb77a264740307ceb7?s=96&d=mm&r=g","url":"https:\/\/secure.gravatar.com\/avatar\/60c9d36e595b167fba91ae0df2220cd40fc459fe63837eeb77a264740307ceb7?s=96&d=mm&r=g","contentUrl":"https:\/\/secure.gravatar.com\/avatar\/60c9d36e595b167fba91ae0df2220cd40fc459fe63837eeb77a264740307ceb7?s=96&d=mm&r=g","caption":"Srpski Centar"},"url":"https:\/\/serbischeszentrum.at\/de\/author\/srpski-centar\/"}]}},"_links":{"self":[{"href":"https:\/\/serbischeszentrum.at\/de\/wp-json\/wp\/v2\/posts\/20007","targetHints":{"allow":["GET"]}}],"collection":[{"href":"https:\/\/serbischeszentrum.at\/de\/wp-json\/wp\/v2\/posts"}],"about":[{"href":"https:\/\/serbischeszentrum.at\/de\/wp-json\/wp\/v2\/types\/post"}],"author":[{"embeddable":true,"href":"https:\/\/serbischeszentrum.at\/de\/wp-json\/wp\/v2\/users\/4"}],"replies":[{"embeddable":true,"href":"https:\/\/serbischeszentrum.at\/de\/wp-json\/wp\/v2\/comments?post=20007"}],"version-history":[{"count":0,"href":"https:\/\/serbischeszentrum.at\/de\/wp-json\/wp\/v2\/posts\/20007\/revisions"}],"wp:featuredmedia":[{"embeddable":true,"href":"https:\/\/serbischeszentrum.at\/de\/wp-json\/wp\/v2\/media\/19963"}],"wp:attachment":[{"href":"https:\/\/serbischeszentrum.at\/de\/wp-json\/wp\/v2\/media?parent=20007"}],"wp:term":[{"taxonomy":"category","embeddable":true,"href":"https:\/\/serbischeszentrum.at\/de\/wp-json\/wp\/v2\/categories?post=20007"},{"taxonomy":"post_tag","embeddable":true,"href":"https:\/\/serbischeszentrum.at\/de\/wp-json\/wp\/v2\/tags?post=20007"}],"curies":[{"name":"wp","href":"https:\/\/api.w.org\/{rel}","templated":true}]}}