{"id":19191,"date":"2025-03-08T13:02:09","date_gmt":"2025-03-08T13:02:09","guid":{"rendered":"https:\/\/serbischeszentrum.at\/konzert-zu-ehren-von-vlada-divljan-nevladina-organizacija-konstrakta\/"},"modified":"2025-11-26T11:40:03","modified_gmt":"2025-11-26T11:40:03","slug":"konzert-zu-ehren-von-vlada-divljan-nevladina-organizacija-konstrakta","status":"publish","type":"post","link":"https:\/\/serbischeszentrum.at\/de\/konzert-zu-ehren-von-vlada-divljan-nevladina-organizacija-konstrakta\/","title":{"rendered":"Konzert zu Ehren von Vlada Divljan &#8211; NeVladina Organizacija + Konstrakta"},"content":{"rendered":"\n<p>Am 07.03.2025 haben wir alle im Rhythmus der Musik getanzt, die der ewige Junge, unser lieber Vlada Divljan, geschaffen hat. <\/p>\n\n<p>Die Kultureinrichtung WUK in Wien war ausverkauft und die G\u00e4ste von Emotionen \u00fcberw\u00e4ltigt, w\u00e4hrend die legend\u00e4ren Hits \u201eOna to zna\u201c, \u201eMalena\u201c, \u201eOdnesi me\u201c, \u201eSamo jednu ljubav imam\u201c und alle anderen reihum gespielt wurden, die alle Anwesenden lautstark mit Vladas besten Freunden Zdenko Kolar, Aleksandar \u0160andorov, Boris Bunjac und anderen Bandmitgliedern sangen. <\/p>\n\n<p>Mit ihrer einzigartigen Stimme gab die K\u00fcnstlerin Konstrakta diesem Abend einen besonderen Klang, an dem wir das zeitlose Werk und Schaffen unseres Vlada zum Leben erwecken konnten. Dies war das Premierenkonzert der Tournee, die die Band im n\u00e4chsten Zeitraum erwartet. Die n\u00e4chsten Stationen sind Belgrad und Zagreb, und Wien hat gezeigt, wie sehr es Vlada liebt.&#13;\n<\/p>\n\n<div class=\"wp-block-columns is-layout-flex wp-container-core-columns-is-layout-28f84493 wp-block-columns-is-layout-flex\">\n<div class=\"wp-block-column is-layout-flow wp-block-column-is-layout-flow\" style=\"flex-basis:25%\">\n<figure class=\"wp-block-image size-large\"><img fetchpriority=\"high\" decoding=\"async\" width=\"819\" height=\"1024\" src=\"https:\/\/serbischeszentrum.at\/wp-content\/uploads\/2025\/03\/cineart.at1-3-819x1024.jpg\" alt=\"\" class=\"wp-image-19360\" srcset=\"https:\/\/serbischeszentrum.at\/wp-content\/uploads\/2025\/03\/cineart.at1-3-819x1024.jpg 819w, https:\/\/serbischeszentrum.at\/wp-content\/uploads\/2025\/03\/cineart.at1-3-240x300.jpg 240w, https:\/\/serbischeszentrum.at\/wp-content\/uploads\/2025\/03\/cineart.at1-3-768x960.jpg 768w, https:\/\/serbischeszentrum.at\/wp-content\/uploads\/2025\/03\/cineart.at1-3-1229x1536.jpg 1229w, https:\/\/serbischeszentrum.at\/wp-content\/uploads\/2025\/03\/cineart.at1-3-1638x2048.jpg 1638w, https:\/\/serbischeszentrum.at\/wp-content\/uploads\/2025\/03\/cineart.at1-3-scaled.jpg 2048w\" sizes=\"(max-width: 819px) 100vw, 819px\" \/><\/figure>\n<\/div>\n\n\n\n<div class=\"wp-block-column is-layout-flow wp-block-column-is-layout-flow\" style=\"flex-basis:25%\">\n<figure class=\"wp-block-image size-large\"><img decoding=\"async\" width=\"819\" height=\"1024\" src=\"https:\/\/serbischeszentrum.at\/wp-content\/uploads\/2025\/03\/cineart.at1-7-819x1024.jpg\" alt=\"\" class=\"wp-image-19364\" srcset=\"https:\/\/serbischeszentrum.at\/wp-content\/uploads\/2025\/03\/cineart.at1-7-819x1024.jpg 819w, https:\/\/serbischeszentrum.at\/wp-content\/uploads\/2025\/03\/cineart.at1-7-240x300.jpg 240w, https:\/\/serbischeszentrum.at\/wp-content\/uploads\/2025\/03\/cineart.at1-7-768x960.jpg 768w, https:\/\/serbischeszentrum.at\/wp-content\/uploads\/2025\/03\/cineart.at1-7-1229x1536.jpg 1229w, https:\/\/serbischeszentrum.at\/wp-content\/uploads\/2025\/03\/cineart.at1-7-1638x2048.jpg 1638w, https:\/\/serbischeszentrum.at\/wp-content\/uploads\/2025\/03\/cineart.at1-7-scaled.jpg 2048w\" sizes=\"(max-width: 819px) 100vw, 819px\" \/><\/figure>\n<\/div>\n\n\n\n<div class=\"wp-block-column is-layout-flow wp-block-column-is-layout-flow\" style=\"flex-basis:25%\">\n<figure class=\"wp-block-image size-large\"><img decoding=\"async\" width=\"819\" height=\"1024\" src=\"https:\/\/serbischeszentrum.at\/wp-content\/uploads\/2025\/03\/cineart.at1-8-819x1024.jpg\" alt=\"\" class=\"wp-image-19367\" srcset=\"https:\/\/serbischeszentrum.at\/wp-content\/uploads\/2025\/03\/cineart.at1-8-819x1024.jpg 819w, https:\/\/serbischeszentrum.at\/wp-content\/uploads\/2025\/03\/cineart.at1-8-240x300.jpg 240w, https:\/\/serbischeszentrum.at\/wp-content\/uploads\/2025\/03\/cineart.at1-8-768x960.jpg 768w, https:\/\/serbischeszentrum.at\/wp-content\/uploads\/2025\/03\/cineart.at1-8-1229x1536.jpg 1229w, https:\/\/serbischeszentrum.at\/wp-content\/uploads\/2025\/03\/cineart.at1-8-1638x2048.jpg 1638w, https:\/\/serbischeszentrum.at\/wp-content\/uploads\/2025\/03\/cineart.at1-8-scaled.jpg 2048w\" sizes=\"(max-width: 819px) 100vw, 819px\" \/><\/figure>\n<\/div>\n\n\n\n<div class=\"wp-block-column is-layout-flow wp-block-column-is-layout-flow\" style=\"flex-basis:25%\">\n<figure class=\"wp-block-image size-large\"><img loading=\"lazy\" decoding=\"async\" width=\"819\" height=\"1024\" src=\"https:\/\/serbischeszentrum.at\/wp-content\/uploads\/2025\/03\/cineart.at1-13-819x1024.jpg\" alt=\"\" class=\"wp-image-19370\" srcset=\"https:\/\/serbischeszentrum.at\/wp-content\/uploads\/2025\/03\/cineart.at1-13-819x1024.jpg 819w, https:\/\/serbischeszentrum.at\/wp-content\/uploads\/2025\/03\/cineart.at1-13-240x300.jpg 240w, https:\/\/serbischeszentrum.at\/wp-content\/uploads\/2025\/03\/cineart.at1-13-768x960.jpg 768w, https:\/\/serbischeszentrum.at\/wp-content\/uploads\/2025\/03\/cineart.at1-13-1229x1536.jpg 1229w, https:\/\/serbischeszentrum.at\/wp-content\/uploads\/2025\/03\/cineart.at1-13-1638x2048.jpg 1638w, https:\/\/serbischeszentrum.at\/wp-content\/uploads\/2025\/03\/cineart.at1-13-scaled.jpg 2048w\" sizes=\"(max-width: 819px) 100vw, 819px\" \/><\/figure>\n<\/div>\n<\/div>\n\n<div class=\"wp-block-columns is-layout-flex wp-container-core-columns-is-layout-28f84493 wp-block-columns-is-layout-flex\">\n<div class=\"wp-block-column is-layout-flow wp-block-column-is-layout-flow\" style=\"flex-basis:25%\">\n<figure class=\"wp-block-image size-large\"><img loading=\"lazy\" decoding=\"async\" width=\"819\" height=\"1024\" src=\"https:\/\/serbischeszentrum.at\/wp-content\/uploads\/2025\/03\/cineart.at1-24-1-819x1024.jpg\" alt=\"\" class=\"wp-image-19376\" srcset=\"https:\/\/serbischeszentrum.at\/wp-content\/uploads\/2025\/03\/cineart.at1-24-1-819x1024.jpg 819w, https:\/\/serbischeszentrum.at\/wp-content\/uploads\/2025\/03\/cineart.at1-24-1-240x300.jpg 240w, https:\/\/serbischeszentrum.at\/wp-content\/uploads\/2025\/03\/cineart.at1-24-1-768x960.jpg 768w, https:\/\/serbischeszentrum.at\/wp-content\/uploads\/2025\/03\/cineart.at1-24-1-1229x1536.jpg 1229w, https:\/\/serbischeszentrum.at\/wp-content\/uploads\/2025\/03\/cineart.at1-24-1-1638x2048.jpg 1638w, https:\/\/serbischeszentrum.at\/wp-content\/uploads\/2025\/03\/cineart.at1-24-1-scaled.jpg 2048w\" sizes=\"(max-width: 819px) 100vw, 819px\" \/><\/figure>\n<\/div>\n\n\n\n<div class=\"wp-block-column is-layout-flow wp-block-column-is-layout-flow\" style=\"flex-basis:25%\">\n<figure class=\"wp-block-image size-large\"><img loading=\"lazy\" decoding=\"async\" width=\"819\" height=\"1024\" src=\"https:\/\/serbischeszentrum.at\/wp-content\/uploads\/2025\/03\/cineart.at1-27-819x1024.jpg\" alt=\"\" class=\"wp-image-19379\" srcset=\"https:\/\/serbischeszentrum.at\/wp-content\/uploads\/2025\/03\/cineart.at1-27-819x1024.jpg 819w, https:\/\/serbischeszentrum.at\/wp-content\/uploads\/2025\/03\/cineart.at1-27-240x300.jpg 240w, https:\/\/serbischeszentrum.at\/wp-content\/uploads\/2025\/03\/cineart.at1-27-768x960.jpg 768w, https:\/\/serbischeszentrum.at\/wp-content\/uploads\/2025\/03\/cineart.at1-27-1229x1536.jpg 1229w, https:\/\/serbischeszentrum.at\/wp-content\/uploads\/2025\/03\/cineart.at1-27-1638x2048.jpg 1638w, https:\/\/serbischeszentrum.at\/wp-content\/uploads\/2025\/03\/cineart.at1-27-scaled.jpg 2048w\" sizes=\"(max-width: 819px) 100vw, 819px\" \/><\/figure>\n<\/div>\n\n\n\n<div class=\"wp-block-column is-layout-flow wp-block-column-is-layout-flow\" style=\"flex-basis:25%\">\n<figure class=\"wp-block-image size-large\"><img loading=\"lazy\" decoding=\"async\" width=\"819\" height=\"1024\" src=\"https:\/\/serbischeszentrum.at\/wp-content\/uploads\/2025\/03\/cineart.at1-38-819x1024.jpg\" alt=\"\" class=\"wp-image-19382\" srcset=\"https:\/\/serbischeszentrum.at\/wp-content\/uploads\/2025\/03\/cineart.at1-38-819x1024.jpg 819w, https:\/\/serbischeszentrum.at\/wp-content\/uploads\/2025\/03\/cineart.at1-38-240x300.jpg 240w, https:\/\/serbischeszentrum.at\/wp-content\/uploads\/2025\/03\/cineart.at1-38-768x960.jpg 768w, https:\/\/serbischeszentrum.at\/wp-content\/uploads\/2025\/03\/cineart.at1-38-1229x1536.jpg 1229w, https:\/\/serbischeszentrum.at\/wp-content\/uploads\/2025\/03\/cineart.at1-38-1638x2048.jpg 1638w, https:\/\/serbischeszentrum.at\/wp-content\/uploads\/2025\/03\/cineart.at1-38-scaled.jpg 2048w\" sizes=\"(max-width: 819px) 100vw, 819px\" \/><\/figure>\n<\/div>\n\n\n\n<div class=\"wp-block-column is-layout-flow wp-block-column-is-layout-flow\" style=\"flex-basis:25%\">\n<figure class=\"wp-block-image size-large\"><img loading=\"lazy\" decoding=\"async\" width=\"819\" height=\"1024\" src=\"https:\/\/serbischeszentrum.at\/wp-content\/uploads\/2025\/03\/cineart.at1-41-819x1024.jpg\" alt=\"\" class=\"wp-image-19385\" srcset=\"https:\/\/serbischeszentrum.at\/wp-content\/uploads\/2025\/03\/cineart.at1-41-819x1024.jpg 819w, https:\/\/serbischeszentrum.at\/wp-content\/uploads\/2025\/03\/cineart.at1-41-240x300.jpg 240w, https:\/\/serbischeszentrum.at\/wp-content\/uploads\/2025\/03\/cineart.at1-41-768x960.jpg 768w, https:\/\/serbischeszentrum.at\/wp-content\/uploads\/2025\/03\/cineart.at1-41-1229x1536.jpg 1229w, https:\/\/serbischeszentrum.at\/wp-content\/uploads\/2025\/03\/cineart.at1-41-1638x2048.jpg 1638w, https:\/\/serbischeszentrum.at\/wp-content\/uploads\/2025\/03\/cineart.at1-41-scaled.jpg 2048w\" sizes=\"(max-width: 819px) 100vw, 819px\" \/><\/figure>\n<\/div>\n<\/div>\n\n<div class=\"wp-block-columns is-layout-flex wp-container-core-columns-is-layout-28f84493 wp-block-columns-is-layout-flex\">\n<div class=\"wp-block-column is-layout-flow wp-block-column-is-layout-flow\" style=\"flex-basis:25%\">\n<figure class=\"wp-block-image size-large\"><img loading=\"lazy\" decoding=\"async\" width=\"819\" height=\"1024\" src=\"https:\/\/serbischeszentrum.at\/wp-content\/uploads\/2025\/03\/cineart.at1-47-1-819x1024.jpg\" alt=\"\" class=\"wp-image-19391\" srcset=\"https:\/\/serbischeszentrum.at\/wp-content\/uploads\/2025\/03\/cineart.at1-47-1-819x1024.jpg 819w, https:\/\/serbischeszentrum.at\/wp-content\/uploads\/2025\/03\/cineart.at1-47-1-240x300.jpg 240w, https:\/\/serbischeszentrum.at\/wp-content\/uploads\/2025\/03\/cineart.at1-47-1-768x960.jpg 768w, https:\/\/serbischeszentrum.at\/wp-content\/uploads\/2025\/03\/cineart.at1-47-1-1229x1536.jpg 1229w, https:\/\/serbischeszentrum.at\/wp-content\/uploads\/2025\/03\/cineart.at1-47-1-1638x2048.jpg 1638w, https:\/\/serbischeszentrum.at\/wp-content\/uploads\/2025\/03\/cineart.at1-47-1-scaled.jpg 2048w\" sizes=\"(max-width: 819px) 100vw, 819px\" \/><\/figure>\n<\/div>\n\n\n\n<div class=\"wp-block-column is-layout-flow wp-block-column-is-layout-flow\" style=\"flex-basis:25%\">\n<figure class=\"wp-block-image size-large\"><img loading=\"lazy\" decoding=\"async\" width=\"819\" height=\"1024\" src=\"https:\/\/serbischeszentrum.at\/wp-content\/uploads\/2025\/03\/cineart.at1-49-819x1024.jpg\" alt=\"\" class=\"wp-image-19394\" srcset=\"https:\/\/serbischeszentrum.at\/wp-content\/uploads\/2025\/03\/cineart.at1-49-819x1024.jpg 819w, https:\/\/serbischeszentrum.at\/wp-content\/uploads\/2025\/03\/cineart.at1-49-240x300.jpg 240w, https:\/\/serbischeszentrum.at\/wp-content\/uploads\/2025\/03\/cineart.at1-49-768x960.jpg 768w, https:\/\/serbischeszentrum.at\/wp-content\/uploads\/2025\/03\/cineart.at1-49-1229x1536.jpg 1229w, https:\/\/serbischeszentrum.at\/wp-content\/uploads\/2025\/03\/cineart.at1-49-1638x2048.jpg 1638w, https:\/\/serbischeszentrum.at\/wp-content\/uploads\/2025\/03\/cineart.at1-49-scaled.jpg 2048w\" sizes=\"(max-width: 819px) 100vw, 819px\" \/><\/figure>\n<\/div>\n\n\n\n<div class=\"wp-block-column is-layout-flow wp-block-column-is-layout-flow\" style=\"flex-basis:25%\">\n<figure class=\"wp-block-image size-large\"><img loading=\"lazy\" decoding=\"async\" width=\"819\" height=\"1024\" src=\"https:\/\/serbischeszentrum.at\/wp-content\/uploads\/2025\/03\/cineart.at1-53-819x1024.jpg\" alt=\"\" class=\"wp-image-19397\" srcset=\"https:\/\/serbischeszentrum.at\/wp-content\/uploads\/2025\/03\/cineart.at1-53-819x1024.jpg 819w, https:\/\/serbischeszentrum.at\/wp-content\/uploads\/2025\/03\/cineart.at1-53-240x300.jpg 240w, https:\/\/serbischeszentrum.at\/wp-content\/uploads\/2025\/03\/cineart.at1-53-768x960.jpg 768w, https:\/\/serbischeszentrum.at\/wp-content\/uploads\/2025\/03\/cineart.at1-53-1229x1536.jpg 1229w, https:\/\/serbischeszentrum.at\/wp-content\/uploads\/2025\/03\/cineart.at1-53-1639x2048.jpg 1639w, https:\/\/serbischeszentrum.at\/wp-content\/uploads\/2025\/03\/cineart.at1-53-scaled.jpg 2048w\" sizes=\"(max-width: 819px) 100vw, 819px\" \/><\/figure>\n<\/div>\n\n\n\n<div class=\"wp-block-column is-layout-flow wp-block-column-is-layout-flow\" style=\"flex-basis:25%\">\n<figure class=\"wp-block-image size-large\"><img loading=\"lazy\" decoding=\"async\" width=\"819\" height=\"1024\" src=\"https:\/\/serbischeszentrum.at\/wp-content\/uploads\/2025\/03\/cineart.at1-56-819x1024.jpg\" alt=\"\" class=\"wp-image-19400\" srcset=\"https:\/\/serbischeszentrum.at\/wp-content\/uploads\/2025\/03\/cineart.at1-56-819x1024.jpg 819w, https:\/\/serbischeszentrum.at\/wp-content\/uploads\/2025\/03\/cineart.at1-56-240x300.jpg 240w, https:\/\/serbischeszentrum.at\/wp-content\/uploads\/2025\/03\/cineart.at1-56-768x960.jpg 768w, https:\/\/serbischeszentrum.at\/wp-content\/uploads\/2025\/03\/cineart.at1-56-1229x1536.jpg 1229w, https:\/\/serbischeszentrum.at\/wp-content\/uploads\/2025\/03\/cineart.at1-56-1639x2048.jpg 1639w, https:\/\/serbischeszentrum.at\/wp-content\/uploads\/2025\/03\/cineart.at1-56-scaled.jpg 2048w\" sizes=\"(max-width: 819px) 100vw, 819px\" \/><\/figure>\n<\/div>\n<\/div>\n\n<div class=\"wp-block-columns is-layout-flex wp-container-core-columns-is-layout-28f84493 wp-block-columns-is-layout-flex\">\n<div class=\"wp-block-column is-layout-flow wp-block-column-is-layout-flow\" style=\"flex-basis:25%\">\n<figure class=\"wp-block-image size-large\"><img loading=\"lazy\" decoding=\"async\" width=\"819\" height=\"1024\" src=\"https:\/\/serbischeszentrum.at\/wp-content\/uploads\/2025\/03\/cineart.at1-63-1-819x1024.jpg\" alt=\"\" class=\"wp-image-19406\" srcset=\"https:\/\/serbischeszentrum.at\/wp-content\/uploads\/2025\/03\/cineart.at1-63-1-819x1024.jpg 819w, https:\/\/serbischeszentrum.at\/wp-content\/uploads\/2025\/03\/cineart.at1-63-1-240x300.jpg 240w, https:\/\/serbischeszentrum.at\/wp-content\/uploads\/2025\/03\/cineart.at1-63-1-768x960.jpg 768w, https:\/\/serbischeszentrum.at\/wp-content\/uploads\/2025\/03\/cineart.at1-63-1-1229x1536.jpg 1229w, https:\/\/serbischeszentrum.at\/wp-content\/uploads\/2025\/03\/cineart.at1-63-1-1638x2048.jpg 1638w, https:\/\/serbischeszentrum.at\/wp-content\/uploads\/2025\/03\/cineart.at1-63-1-scaled.jpg 2048w\" sizes=\"(max-width: 819px) 100vw, 819px\" \/><\/figure>\n<\/div>\n\n\n\n<div class=\"wp-block-column is-layout-flow wp-block-column-is-layout-flow\" style=\"flex-basis:25%\">\n<figure class=\"wp-block-image size-large\"><img loading=\"lazy\" decoding=\"async\" width=\"819\" height=\"1024\" src=\"https:\/\/serbischeszentrum.at\/wp-content\/uploads\/2025\/03\/cineart.at1-72-819x1024.jpg\" alt=\"\" class=\"wp-image-19409\" srcset=\"https:\/\/serbischeszentrum.at\/wp-content\/uploads\/2025\/03\/cineart.at1-72-819x1024.jpg 819w, https:\/\/serbischeszentrum.at\/wp-content\/uploads\/2025\/03\/cineart.at1-72-240x300.jpg 240w, https:\/\/serbischeszentrum.at\/wp-content\/uploads\/2025\/03\/cineart.at1-72-768x960.jpg 768w, https:\/\/serbischeszentrum.at\/wp-content\/uploads\/2025\/03\/cineart.at1-72-1229x1536.jpg 1229w, https:\/\/serbischeszentrum.at\/wp-content\/uploads\/2025\/03\/cineart.at1-72-1639x2048.jpg 1639w, https:\/\/serbischeszentrum.at\/wp-content\/uploads\/2025\/03\/cineart.at1-72-scaled.jpg 2048w\" sizes=\"(max-width: 819px) 100vw, 819px\" \/><\/figure>\n<\/div>\n\n\n\n<div class=\"wp-block-column is-layout-flow wp-block-column-is-layout-flow\" style=\"flex-basis:25%\">\n<figure class=\"wp-block-image size-large\"><img loading=\"lazy\" decoding=\"async\" width=\"819\" height=\"1024\" src=\"https:\/\/serbischeszentrum.at\/wp-content\/uploads\/2025\/03\/cineart.at1-74-819x1024.jpg\" alt=\"\" class=\"wp-image-19412\" srcset=\"https:\/\/serbischeszentrum.at\/wp-content\/uploads\/2025\/03\/cineart.at1-74-819x1024.jpg 819w, https:\/\/serbischeszentrum.at\/wp-content\/uploads\/2025\/03\/cineart.at1-74-240x300.jpg 240w, https:\/\/serbischeszentrum.at\/wp-content\/uploads\/2025\/03\/cineart.at1-74-768x960.jpg 768w, https:\/\/serbischeszentrum.at\/wp-content\/uploads\/2025\/03\/cineart.at1-74-1229x1536.jpg 1229w, https:\/\/serbischeszentrum.at\/wp-content\/uploads\/2025\/03\/cineart.at1-74-1639x2048.jpg 1639w, https:\/\/serbischeszentrum.at\/wp-content\/uploads\/2025\/03\/cineart.at1-74-scaled.jpg 2048w\" sizes=\"(max-width: 819px) 100vw, 819px\" \/><\/figure>\n<\/div>\n\n\n\n<div class=\"wp-block-column is-layout-flow wp-block-column-is-layout-flow\" style=\"flex-basis:25%\">\n<figure class=\"wp-block-image size-large\"><img loading=\"lazy\" decoding=\"async\" width=\"819\" height=\"1024\" src=\"https:\/\/serbischeszentrum.at\/wp-content\/uploads\/2025\/03\/cineart.at1-79-819x1024.jpg\" alt=\"\" class=\"wp-image-19415\" srcset=\"https:\/\/serbischeszentrum.at\/wp-content\/uploads\/2025\/03\/cineart.at1-79-819x1024.jpg 819w, https:\/\/serbischeszentrum.at\/wp-content\/uploads\/2025\/03\/cineart.at1-79-240x300.jpg 240w, https:\/\/serbischeszentrum.at\/wp-content\/uploads\/2025\/03\/cineart.at1-79-768x960.jpg 768w, https:\/\/serbischeszentrum.at\/wp-content\/uploads\/2025\/03\/cineart.at1-79-1229x1536.jpg 1229w, https:\/\/serbischeszentrum.at\/wp-content\/uploads\/2025\/03\/cineart.at1-79-1638x2048.jpg 1638w, https:\/\/serbischeszentrum.at\/wp-content\/uploads\/2025\/03\/cineart.at1-79-scaled.jpg 2048w\" sizes=\"(max-width: 819px) 100vw, 819px\" \/><\/figure>\n<\/div>\n<\/div>\n\n<div class=\"wp-block-columns is-layout-flex wp-container-core-columns-is-layout-28f84493 wp-block-columns-is-layout-flex\">\n<div class=\"wp-block-column is-layout-flow wp-block-column-is-layout-flow\" style=\"flex-basis:33.34%\">\n<figure class=\"wp-block-image size-large\"><img loading=\"lazy\" decoding=\"async\" width=\"1024\" height=\"683\" src=\"https:\/\/serbischeszentrum.at\/wp-content\/uploads\/2025\/03\/cineart.at1-58-1-1024x683.jpg\" alt=\"\" class=\"wp-image-19427\" srcset=\"https:\/\/serbischeszentrum.at\/wp-content\/uploads\/2025\/03\/cineart.at1-58-1-1024x683.jpg 1024w, https:\/\/serbischeszentrum.at\/wp-content\/uploads\/2025\/03\/cineart.at1-58-1-300x200.jpg 300w, https:\/\/serbischeszentrum.at\/wp-content\/uploads\/2025\/03\/cineart.at1-58-1-768x512.jpg 768w, https:\/\/serbischeszentrum.at\/wp-content\/uploads\/2025\/03\/cineart.at1-58-1-1536x1024.jpg 1536w, https:\/\/serbischeszentrum.at\/wp-content\/uploads\/2025\/03\/cineart.at1-58-1-2048x1365.jpg 2048w\" sizes=\"(max-width: 1024px) 100vw, 1024px\" \/><\/figure>\n<\/div>\n\n\n\n<div class=\"wp-block-column is-layout-flow wp-block-column-is-layout-flow\" style=\"flex-basis:33.33%\">\n<figure class=\"wp-block-image size-large\"><img loading=\"lazy\" decoding=\"async\" width=\"1024\" height=\"683\" src=\"https:\/\/serbischeszentrum.at\/wp-content\/uploads\/2025\/03\/cineart.at1-61-1024x683.jpg\" alt=\"\" class=\"wp-image-19424\" srcset=\"https:\/\/serbischeszentrum.at\/wp-content\/uploads\/2025\/03\/cineart.at1-61-1024x683.jpg 1024w, https:\/\/serbischeszentrum.at\/wp-content\/uploads\/2025\/03\/cineart.at1-61-300x200.jpg 300w, https:\/\/serbischeszentrum.at\/wp-content\/uploads\/2025\/03\/cineart.at1-61-768x512.jpg 768w, https:\/\/serbischeszentrum.at\/wp-content\/uploads\/2025\/03\/cineart.at1-61-1536x1024.jpg 1536w, https:\/\/serbischeszentrum.at\/wp-content\/uploads\/2025\/03\/cineart.at1-61-2048x1365.jpg 2048w\" sizes=\"(max-width: 1024px) 100vw, 1024px\" \/><\/figure>\n<\/div>\n\n\n\n<div class=\"wp-block-column is-layout-flow wp-block-column-is-layout-flow\" style=\"flex-basis:33.33%\">\n<figure class=\"wp-block-image size-large\"><img loading=\"lazy\" decoding=\"async\" width=\"1024\" height=\"683\" src=\"https:\/\/serbischeszentrum.at\/wp-content\/uploads\/2025\/03\/cineart.at1-75-1024x683.jpg\" alt=\"\" class=\"wp-image-19430\" srcset=\"https:\/\/serbischeszentrum.at\/wp-content\/uploads\/2025\/03\/cineart.at1-75-1024x683.jpg 1024w, https:\/\/serbischeszentrum.at\/wp-content\/uploads\/2025\/03\/cineart.at1-75-300x200.jpg 300w, https:\/\/serbischeszentrum.at\/wp-content\/uploads\/2025\/03\/cineart.at1-75-768x512.jpg 768w, https:\/\/serbischeszentrum.at\/wp-content\/uploads\/2025\/03\/cineart.at1-75-1536x1024.jpg 1536w, https:\/\/serbischeszentrum.at\/wp-content\/uploads\/2025\/03\/cineart.at1-75-2048x1365.jpg 2048w\" sizes=\"(max-width: 1024px) 100vw, 1024px\" \/><\/figure>\n<\/div>\n<\/div>\n\n<div class=\"wp-block-columns is-layout-flex wp-container-core-columns-is-layout-28f84493 wp-block-columns-is-layout-flex\">\n<div class=\"wp-block-column is-layout-flow wp-block-column-is-layout-flow\" style=\"flex-basis:50%\">\n<figure class=\"wp-block-image size-large\"><img loading=\"lazy\" decoding=\"async\" width=\"1024\" height=\"683\" src=\"https:\/\/serbischeszentrum.at\/wp-content\/uploads\/2025\/03\/cineart.at1-81-1-1024x683.jpg\" alt=\"\" class=\"wp-image-19436\" srcset=\"https:\/\/serbischeszentrum.at\/wp-content\/uploads\/2025\/03\/cineart.at1-81-1-1024x683.jpg 1024w, https:\/\/serbischeszentrum.at\/wp-content\/uploads\/2025\/03\/cineart.at1-81-1-300x200.jpg 300w, https:\/\/serbischeszentrum.at\/wp-content\/uploads\/2025\/03\/cineart.at1-81-1-768x512.jpg 768w, https:\/\/serbischeszentrum.at\/wp-content\/uploads\/2025\/03\/cineart.at1-81-1-1536x1024.jpg 1536w, https:\/\/serbischeszentrum.at\/wp-content\/uploads\/2025\/03\/cineart.at1-81-1-2048x1365.jpg 2048w\" sizes=\"(max-width: 1024px) 100vw, 1024px\" \/><\/figure>\n<\/div>\n\n\n\n<div class=\"wp-block-column is-layout-flow wp-block-column-is-layout-flow\" style=\"flex-basis:50%\">\n<figure class=\"wp-block-image size-large\"><img loading=\"lazy\" decoding=\"async\" width=\"1024\" height=\"683\" src=\"https:\/\/serbischeszentrum.at\/wp-content\/uploads\/2025\/03\/cineart.at1-83-1-1024x683.jpg\" alt=\"\" class=\"wp-image-19439\" srcset=\"https:\/\/serbischeszentrum.at\/wp-content\/uploads\/2025\/03\/cineart.at1-83-1-1024x683.jpg 1024w, https:\/\/serbischeszentrum.at\/wp-content\/uploads\/2025\/03\/cineart.at1-83-1-300x200.jpg 300w, https:\/\/serbischeszentrum.at\/wp-content\/uploads\/2025\/03\/cineart.at1-83-1-768x512.jpg 768w, https:\/\/serbischeszentrum.at\/wp-content\/uploads\/2025\/03\/cineart.at1-83-1-1536x1024.jpg 1536w, https:\/\/serbischeszentrum.at\/wp-content\/uploads\/2025\/03\/cineart.at1-83-1-2048x1365.jpg 2048w\" sizes=\"(max-width: 1024px) 100vw, 1024px\" \/><\/figure>\n<\/div>\n<\/div>\n","protected":false},"excerpt":{"rendered":"<p>Am 07.03.2025 haben wir alle im Rhythmus der Musik getanzt, die der ewige Junge, unser lieber Vlada Divljan, geschaffen hat. Die Kultureinrichtung WUK in Wien war ausverkauft und die G\u00e4ste von Emotionen \u00fcberw\u00e4ltigt, w\u00e4hrend die legend\u00e4ren Hits \u201eOna to zna\u201c, \u201eMalena\u201c, \u201eOdnesi me\u201c, \u201eSamo jednu ljubav imam\u201c und alle anderen reihum gespielt wurden, die alle [&hellip;]<\/p>\n","protected":false},"author":4,"featured_media":19187,"comment_status":"open","ping_status":"open","sticky":false,"template":"","format":"standard","meta":{"_acf_changed":false,"footnotes":""},"categories":[41],"tags":[],"class_list":["post-19191","post","type-post","status-publish","format-standard","has-post-thumbnail","hentry","category-ereignisse"],"acf":[],"yoast_head":"<!-- This site is optimized with the Yoast SEO plugin v27.4 - https:\/\/yoast.com\/product\/yoast-seo-wordpress\/ -->\n<title>Konzert zu Ehren von Vlada Divljan - NeVladina Organizacija + Konstrakta - Srpski centar<\/title>\n<meta name=\"robots\" content=\"index, follow, max-snippet:-1, max-image-preview:large, max-video-preview:-1\" \/>\n<link rel=\"canonical\" href=\"https:\/\/serbischeszentrum.at\/de\/konzert-zu-ehren-von-vlada-divljan-nevladina-organizacija-konstrakta\/\" \/>\n<meta property=\"og:locale\" content=\"de_DE\" \/>\n<meta property=\"og:type\" content=\"article\" \/>\n<meta property=\"og:title\" content=\"Konzert zu Ehren von Vlada Divljan - NeVladina Organizacija + Konstrakta - Srpski centar\" \/>\n<meta property=\"og:description\" content=\"Am 07.03.2025 haben wir alle im Rhythmus der Musik getanzt, die der ewige Junge, unser lieber Vlada Divljan, geschaffen hat. Die Kultureinrichtung WUK in Wien war ausverkauft und die G\u00e4ste von Emotionen \u00fcberw\u00e4ltigt, w\u00e4hrend die legend\u00e4ren Hits \u201eOna to zna\u201c, \u201eMalena\u201c, \u201eOdnesi me\u201c, \u201eSamo jednu ljubav imam\u201c und alle anderen reihum gespielt wurden, die alle [&hellip;]\" \/>\n<meta property=\"og:url\" content=\"https:\/\/serbischeszentrum.at\/de\/konzert-zu-ehren-von-vlada-divljan-nevladina-organizacija-konstrakta\/\" \/>\n<meta property=\"og:site_name\" content=\"Srpski centar\" \/>\n<meta property=\"article:publisher\" content=\"https:\/\/www.facebook.com\/serbischeszentrum\" \/>\n<meta property=\"article:published_time\" content=\"2025-03-08T13:02:09+00:00\" \/>\n<meta property=\"article:modified_time\" content=\"2025-11-26T11:40:03+00:00\" \/>\n<meta property=\"og:image\" content=\"https:\/\/serbischeszentrum.at\/wp-content\/uploads\/2025\/03\/cineart.at1-83-scaled.jpg\" \/>\n\t<meta property=\"og:image:width\" content=\"2560\" \/>\n\t<meta property=\"og:image:height\" content=\"1707\" \/>\n\t<meta property=\"og:image:type\" content=\"image\/jpeg\" \/>\n<meta name=\"author\" content=\"Srpski Centar\" \/>\n<meta name=\"twitter:card\" content=\"summary_large_image\" \/>\n<meta name=\"twitter:label1\" content=\"Verfasst von\" \/>\n\t<meta name=\"twitter:data1\" content=\"Srpski Centar\" \/>\n\t<meta name=\"twitter:label2\" content=\"Gesch\u00e4tzte Lesezeit\" \/>\n\t<meta name=\"twitter:data2\" content=\"1\u00a0Minute\" \/>\n<script type=\"application\/ld+json\" class=\"yoast-schema-graph\">{\"@context\":\"https:\\\/\\\/schema.org\",\"@graph\":[{\"@type\":\"Article\",\"@id\":\"https:\\\/\\\/serbischeszentrum.at\\\/de\\\/konzert-zu-ehren-von-vlada-divljan-nevladina-organizacija-konstrakta\\\/#article\",\"isPartOf\":{\"@id\":\"https:\\\/\\\/serbischeszentrum.at\\\/de\\\/konzert-zu-ehren-von-vlada-divljan-nevladina-organizacija-konstrakta\\\/\"},\"author\":{\"name\":\"Srpski Centar\",\"@id\":\"https:\\\/\\\/serbischeszentrum.at\\\/de\\\/#\\\/schema\\\/person\\\/be01c441f818a4b25a16c206ccac7e38\"},\"headline\":\"Konzert zu Ehren von Vlada Divljan &#8211; NeVladina Organizacija + Konstrakta\",\"datePublished\":\"2025-03-08T13:02:09+00:00\",\"dateModified\":\"2025-11-26T11:40:03+00:00\",\"mainEntityOfPage\":{\"@id\":\"https:\\\/\\\/serbischeszentrum.at\\\/de\\\/konzert-zu-ehren-von-vlada-divljan-nevladina-organizacija-konstrakta\\\/\"},\"wordCount\":143,\"commentCount\":0,\"publisher\":{\"@id\":\"https:\\\/\\\/serbischeszentrum.at\\\/de\\\/#organization\"},\"image\":{\"@id\":\"https:\\\/\\\/serbischeszentrum.at\\\/de\\\/konzert-zu-ehren-von-vlada-divljan-nevladina-organizacija-konstrakta\\\/#primaryimage\"},\"thumbnailUrl\":\"https:\\\/\\\/serbischeszentrum.at\\\/wp-content\\\/uploads\\\/2025\\\/03\\\/cineart.at1-83-scaled.jpg\",\"articleSection\":[\"Ereignisse\"],\"inLanguage\":\"de\",\"potentialAction\":[{\"@type\":\"CommentAction\",\"name\":\"Comment\",\"target\":[\"https:\\\/\\\/serbischeszentrum.at\\\/de\\\/konzert-zu-ehren-von-vlada-divljan-nevladina-organizacija-konstrakta\\\/#respond\"]}]},{\"@type\":\"WebPage\",\"@id\":\"https:\\\/\\\/serbischeszentrum.at\\\/de\\\/konzert-zu-ehren-von-vlada-divljan-nevladina-organizacija-konstrakta\\\/\",\"url\":\"https:\\\/\\\/serbischeszentrum.at\\\/de\\\/konzert-zu-ehren-von-vlada-divljan-nevladina-organizacija-konstrakta\\\/\",\"name\":\"Konzert zu Ehren von Vlada Divljan - NeVladina Organizacija + Konstrakta - Srpski centar\",\"isPartOf\":{\"@id\":\"https:\\\/\\\/serbischeszentrum.at\\\/de\\\/#website\"},\"primaryImageOfPage\":{\"@id\":\"https:\\\/\\\/serbischeszentrum.at\\\/de\\\/konzert-zu-ehren-von-vlada-divljan-nevladina-organizacija-konstrakta\\\/#primaryimage\"},\"image\":{\"@id\":\"https:\\\/\\\/serbischeszentrum.at\\\/de\\\/konzert-zu-ehren-von-vlada-divljan-nevladina-organizacija-konstrakta\\\/#primaryimage\"},\"thumbnailUrl\":\"https:\\\/\\\/serbischeszentrum.at\\\/wp-content\\\/uploads\\\/2025\\\/03\\\/cineart.at1-83-scaled.jpg\",\"datePublished\":\"2025-03-08T13:02:09+00:00\",\"dateModified\":\"2025-11-26T11:40:03+00:00\",\"breadcrumb\":{\"@id\":\"https:\\\/\\\/serbischeszentrum.at\\\/de\\\/konzert-zu-ehren-von-vlada-divljan-nevladina-organizacija-konstrakta\\\/#breadcrumb\"},\"inLanguage\":\"de\",\"potentialAction\":[{\"@type\":\"ReadAction\",\"target\":[\"https:\\\/\\\/serbischeszentrum.at\\\/de\\\/konzert-zu-ehren-von-vlada-divljan-nevladina-organizacija-konstrakta\\\/\"]}]},{\"@type\":\"ImageObject\",\"inLanguage\":\"de\",\"@id\":\"https:\\\/\\\/serbischeszentrum.at\\\/de\\\/konzert-zu-ehren-von-vlada-divljan-nevladina-organizacija-konstrakta\\\/#primaryimage\",\"url\":\"https:\\\/\\\/serbischeszentrum.at\\\/wp-content\\\/uploads\\\/2025\\\/03\\\/cineart.at1-83-scaled.jpg\",\"contentUrl\":\"https:\\\/\\\/serbischeszentrum.at\\\/wp-content\\\/uploads\\\/2025\\\/03\\\/cineart.at1-83-scaled.jpg\",\"width\":2560,\"height\":1707},{\"@type\":\"BreadcrumbList\",\"@id\":\"https:\\\/\\\/serbischeszentrum.at\\\/de\\\/konzert-zu-ehren-von-vlada-divljan-nevladina-organizacija-konstrakta\\\/#breadcrumb\",\"itemListElement\":[{\"@type\":\"ListItem\",\"position\":1,\"name\":\"Home\",\"item\":\"https:\\\/\\\/serbischeszentrum.at\\\/de\\\/\"},{\"@type\":\"ListItem\",\"position\":2,\"name\":\"Konzert zu Ehren von Vlada Divljan &#8211; NeVladina Organizacija + Konstrakta\"}]},{\"@type\":\"WebSite\",\"@id\":\"https:\\\/\\\/serbischeszentrum.at\\\/de\\\/#website\",\"url\":\"https:\\\/\\\/serbischeszentrum.at\\\/de\\\/\",\"name\":\"Srpski centar\",\"description\":\"Platforma dru\u0161tvenih i kulturnih inicijativa\",\"publisher\":{\"@id\":\"https:\\\/\\\/serbischeszentrum.at\\\/de\\\/#organization\"},\"potentialAction\":[{\"@type\":\"SearchAction\",\"target\":{\"@type\":\"EntryPoint\",\"urlTemplate\":\"https:\\\/\\\/serbischeszentrum.at\\\/de\\\/?s={search_term_string}\"},\"query-input\":{\"@type\":\"PropertyValueSpecification\",\"valueRequired\":true,\"valueName\":\"search_term_string\"}}],\"inLanguage\":\"de\"},{\"@type\":\"Organization\",\"@id\":\"https:\\\/\\\/serbischeszentrum.at\\\/de\\\/#organization\",\"name\":\"Serbishes Zentrum\",\"alternateName\":\"Srpski Centar\",\"url\":\"https:\\\/\\\/serbischeszentrum.at\\\/de\\\/\",\"logo\":{\"@type\":\"ImageObject\",\"inLanguage\":\"de\",\"@id\":\"https:\\\/\\\/serbischeszentrum.at\\\/de\\\/#\\\/schema\\\/logo\\\/image\\\/\",\"url\":\"https:\\\/\\\/serbischeszentrum.at\\\/wp-content\\\/uploads\\\/2022\\\/09\\\/srpski-centar-logo-kruzni.jpg\",\"contentUrl\":\"https:\\\/\\\/serbischeszentrum.at\\\/wp-content\\\/uploads\\\/2022\\\/09\\\/srpski-centar-logo-kruzni.jpg\",\"width\":1000,\"height\":1000,\"caption\":\"Serbishes Zentrum\"},\"image\":{\"@id\":\"https:\\\/\\\/serbischeszentrum.at\\\/de\\\/#\\\/schema\\\/logo\\\/image\\\/\"},\"sameAs\":[\"https:\\\/\\\/www.facebook.com\\\/serbischeszentrum\",\"https:\\\/\\\/www.instagram.com\\\/serbischeszentrum\\\/\"]},{\"@type\":\"Person\",\"@id\":\"https:\\\/\\\/serbischeszentrum.at\\\/de\\\/#\\\/schema\\\/person\\\/be01c441f818a4b25a16c206ccac7e38\",\"name\":\"Srpski Centar\",\"image\":{\"@type\":\"ImageObject\",\"inLanguage\":\"de\",\"@id\":\"https:\\\/\\\/secure.gravatar.com\\\/avatar\\\/60c9d36e595b167fba91ae0df2220cd40fc459fe63837eeb77a264740307ceb7?s=96&d=mm&r=g\",\"url\":\"https:\\\/\\\/secure.gravatar.com\\\/avatar\\\/60c9d36e595b167fba91ae0df2220cd40fc459fe63837eeb77a264740307ceb7?s=96&d=mm&r=g\",\"contentUrl\":\"https:\\\/\\\/secure.gravatar.com\\\/avatar\\\/60c9d36e595b167fba91ae0df2220cd40fc459fe63837eeb77a264740307ceb7?s=96&d=mm&r=g\",\"caption\":\"Srpski Centar\"},\"url\":\"https:\\\/\\\/serbischeszentrum.at\\\/de\\\/author\\\/srpski-centar\\\/\"}]}<\/script>\n<!-- \/ Yoast SEO plugin. -->","yoast_head_json":{"title":"Konzert zu Ehren von Vlada Divljan - NeVladina Organizacija + Konstrakta - Srpski centar","robots":{"index":"index","follow":"follow","max-snippet":"max-snippet:-1","max-image-preview":"max-image-preview:large","max-video-preview":"max-video-preview:-1"},"canonical":"https:\/\/serbischeszentrum.at\/de\/konzert-zu-ehren-von-vlada-divljan-nevladina-organizacija-konstrakta\/","og_locale":"de_DE","og_type":"article","og_title":"Konzert zu Ehren von Vlada Divljan - NeVladina Organizacija + Konstrakta - Srpski centar","og_description":"Am 07.03.2025 haben wir alle im Rhythmus der Musik getanzt, die der ewige Junge, unser lieber Vlada Divljan, geschaffen hat. Die Kultureinrichtung WUK in Wien war ausverkauft und die G\u00e4ste von Emotionen \u00fcberw\u00e4ltigt, w\u00e4hrend die legend\u00e4ren Hits \u201eOna to zna\u201c, \u201eMalena\u201c, \u201eOdnesi me\u201c, \u201eSamo jednu ljubav imam\u201c und alle anderen reihum gespielt wurden, die alle [&hellip;]","og_url":"https:\/\/serbischeszentrum.at\/de\/konzert-zu-ehren-von-vlada-divljan-nevladina-organizacija-konstrakta\/","og_site_name":"Srpski centar","article_publisher":"https:\/\/www.facebook.com\/serbischeszentrum","article_published_time":"2025-03-08T13:02:09+00:00","article_modified_time":"2025-11-26T11:40:03+00:00","og_image":[{"width":2560,"height":1707,"url":"https:\/\/serbischeszentrum.at\/wp-content\/uploads\/2025\/03\/cineart.at1-83-scaled.jpg","type":"image\/jpeg"}],"author":"Srpski Centar","twitter_card":"summary_large_image","twitter_misc":{"Verfasst von":"Srpski Centar","Gesch\u00e4tzte Lesezeit":"1\u00a0Minute"},"schema":{"@context":"https:\/\/schema.org","@graph":[{"@type":"Article","@id":"https:\/\/serbischeszentrum.at\/de\/konzert-zu-ehren-von-vlada-divljan-nevladina-organizacija-konstrakta\/#article","isPartOf":{"@id":"https:\/\/serbischeszentrum.at\/de\/konzert-zu-ehren-von-vlada-divljan-nevladina-organizacija-konstrakta\/"},"author":{"name":"Srpski Centar","@id":"https:\/\/serbischeszentrum.at\/de\/#\/schema\/person\/be01c441f818a4b25a16c206ccac7e38"},"headline":"Konzert zu Ehren von Vlada Divljan &#8211; NeVladina Organizacija + Konstrakta","datePublished":"2025-03-08T13:02:09+00:00","dateModified":"2025-11-26T11:40:03+00:00","mainEntityOfPage":{"@id":"https:\/\/serbischeszentrum.at\/de\/konzert-zu-ehren-von-vlada-divljan-nevladina-organizacija-konstrakta\/"},"wordCount":143,"commentCount":0,"publisher":{"@id":"https:\/\/serbischeszentrum.at\/de\/#organization"},"image":{"@id":"https:\/\/serbischeszentrum.at\/de\/konzert-zu-ehren-von-vlada-divljan-nevladina-organizacija-konstrakta\/#primaryimage"},"thumbnailUrl":"https:\/\/serbischeszentrum.at\/wp-content\/uploads\/2025\/03\/cineart.at1-83-scaled.jpg","articleSection":["Ereignisse"],"inLanguage":"de","potentialAction":[{"@type":"CommentAction","name":"Comment","target":["https:\/\/serbischeszentrum.at\/de\/konzert-zu-ehren-von-vlada-divljan-nevladina-organizacija-konstrakta\/#respond"]}]},{"@type":"WebPage","@id":"https:\/\/serbischeszentrum.at\/de\/konzert-zu-ehren-von-vlada-divljan-nevladina-organizacija-konstrakta\/","url":"https:\/\/serbischeszentrum.at\/de\/konzert-zu-ehren-von-vlada-divljan-nevladina-organizacija-konstrakta\/","name":"Konzert zu Ehren von Vlada Divljan - NeVladina Organizacija + Konstrakta - Srpski centar","isPartOf":{"@id":"https:\/\/serbischeszentrum.at\/de\/#website"},"primaryImageOfPage":{"@id":"https:\/\/serbischeszentrum.at\/de\/konzert-zu-ehren-von-vlada-divljan-nevladina-organizacija-konstrakta\/#primaryimage"},"image":{"@id":"https:\/\/serbischeszentrum.at\/de\/konzert-zu-ehren-von-vlada-divljan-nevladina-organizacija-konstrakta\/#primaryimage"},"thumbnailUrl":"https:\/\/serbischeszentrum.at\/wp-content\/uploads\/2025\/03\/cineart.at1-83-scaled.jpg","datePublished":"2025-03-08T13:02:09+00:00","dateModified":"2025-11-26T11:40:03+00:00","breadcrumb":{"@id":"https:\/\/serbischeszentrum.at\/de\/konzert-zu-ehren-von-vlada-divljan-nevladina-organizacija-konstrakta\/#breadcrumb"},"inLanguage":"de","potentialAction":[{"@type":"ReadAction","target":["https:\/\/serbischeszentrum.at\/de\/konzert-zu-ehren-von-vlada-divljan-nevladina-organizacija-konstrakta\/"]}]},{"@type":"ImageObject","inLanguage":"de","@id":"https:\/\/serbischeszentrum.at\/de\/konzert-zu-ehren-von-vlada-divljan-nevladina-organizacija-konstrakta\/#primaryimage","url":"https:\/\/serbischeszentrum.at\/wp-content\/uploads\/2025\/03\/cineart.at1-83-scaled.jpg","contentUrl":"https:\/\/serbischeszentrum.at\/wp-content\/uploads\/2025\/03\/cineart.at1-83-scaled.jpg","width":2560,"height":1707},{"@type":"BreadcrumbList","@id":"https:\/\/serbischeszentrum.at\/de\/konzert-zu-ehren-von-vlada-divljan-nevladina-organizacija-konstrakta\/#breadcrumb","itemListElement":[{"@type":"ListItem","position":1,"name":"Home","item":"https:\/\/serbischeszentrum.at\/de\/"},{"@type":"ListItem","position":2,"name":"Konzert zu Ehren von Vlada Divljan &#8211; NeVladina Organizacija + Konstrakta"}]},{"@type":"WebSite","@id":"https:\/\/serbischeszentrum.at\/de\/#website","url":"https:\/\/serbischeszentrum.at\/de\/","name":"Srpski centar","description":"Platforma dru\u0161tvenih i kulturnih inicijativa","publisher":{"@id":"https:\/\/serbischeszentrum.at\/de\/#organization"},"potentialAction":[{"@type":"SearchAction","target":{"@type":"EntryPoint","urlTemplate":"https:\/\/serbischeszentrum.at\/de\/?s={search_term_string}"},"query-input":{"@type":"PropertyValueSpecification","valueRequired":true,"valueName":"search_term_string"}}],"inLanguage":"de"},{"@type":"Organization","@id":"https:\/\/serbischeszentrum.at\/de\/#organization","name":"Serbishes Zentrum","alternateName":"Srpski Centar","url":"https:\/\/serbischeszentrum.at\/de\/","logo":{"@type":"ImageObject","inLanguage":"de","@id":"https:\/\/serbischeszentrum.at\/de\/#\/schema\/logo\/image\/","url":"https:\/\/serbischeszentrum.at\/wp-content\/uploads\/2022\/09\/srpski-centar-logo-kruzni.jpg","contentUrl":"https:\/\/serbischeszentrum.at\/wp-content\/uploads\/2022\/09\/srpski-centar-logo-kruzni.jpg","width":1000,"height":1000,"caption":"Serbishes Zentrum"},"image":{"@id":"https:\/\/serbischeszentrum.at\/de\/#\/schema\/logo\/image\/"},"sameAs":["https:\/\/www.facebook.com\/serbischeszentrum","https:\/\/www.instagram.com\/serbischeszentrum\/"]},{"@type":"Person","@id":"https:\/\/serbischeszentrum.at\/de\/#\/schema\/person\/be01c441f818a4b25a16c206ccac7e38","name":"Srpski Centar","image":{"@type":"ImageObject","inLanguage":"de","@id":"https:\/\/secure.gravatar.com\/avatar\/60c9d36e595b167fba91ae0df2220cd40fc459fe63837eeb77a264740307ceb7?s=96&d=mm&r=g","url":"https:\/\/secure.gravatar.com\/avatar\/60c9d36e595b167fba91ae0df2220cd40fc459fe63837eeb77a264740307ceb7?s=96&d=mm&r=g","contentUrl":"https:\/\/secure.gravatar.com\/avatar\/60c9d36e595b167fba91ae0df2220cd40fc459fe63837eeb77a264740307ceb7?s=96&d=mm&r=g","caption":"Srpski Centar"},"url":"https:\/\/serbischeszentrum.at\/de\/author\/srpski-centar\/"}]}},"_links":{"self":[{"href":"https:\/\/serbischeszentrum.at\/de\/wp-json\/wp\/v2\/posts\/19191","targetHints":{"allow":["GET"]}}],"collection":[{"href":"https:\/\/serbischeszentrum.at\/de\/wp-json\/wp\/v2\/posts"}],"about":[{"href":"https:\/\/serbischeszentrum.at\/de\/wp-json\/wp\/v2\/types\/post"}],"author":[{"embeddable":true,"href":"https:\/\/serbischeszentrum.at\/de\/wp-json\/wp\/v2\/users\/4"}],"replies":[{"embeddable":true,"href":"https:\/\/serbischeszentrum.at\/de\/wp-json\/wp\/v2\/comments?post=19191"}],"version-history":[{"count":1,"href":"https:\/\/serbischeszentrum.at\/de\/wp-json\/wp\/v2\/posts\/19191\/revisions"}],"predecessor-version":[{"id":20733,"href":"https:\/\/serbischeszentrum.at\/de\/wp-json\/wp\/v2\/posts\/19191\/revisions\/20733"}],"wp:featuredmedia":[{"embeddable":true,"href":"https:\/\/serbischeszentrum.at\/de\/wp-json\/wp\/v2\/media\/19187"}],"wp:attachment":[{"href":"https:\/\/serbischeszentrum.at\/de\/wp-json\/wp\/v2\/media?parent=19191"}],"wp:term":[{"taxonomy":"category","embeddable":true,"href":"https:\/\/serbischeszentrum.at\/de\/wp-json\/wp\/v2\/categories?post=19191"},{"taxonomy":"post_tag","embeddable":true,"href":"https:\/\/serbischeszentrum.at\/de\/wp-json\/wp\/v2\/tags?post=19191"}],"curies":[{"name":"wp","href":"https:\/\/api.w.org\/{rel}","templated":true}]}}