{"id":18451,"date":"2024-03-28T11:54:48","date_gmt":"2024-03-28T11:54:48","guid":{"rendered":"https:\/\/serbischeszentrum.at\/marcello-und-die-trommelband-treten-in-wien-auf\/"},"modified":"2025-02-14T10:20:19","modified_gmt":"2025-02-14T10:20:19","slug":"marcello-und-die-trommelband-treten-in-wien-auf","status":"publish","type":"post","link":"https:\/\/serbischeszentrum.at\/de\/marcello-und-die-trommelband-treten-in-wien-auf\/","title":{"rendered":"Mar\u010delo und Dram treten in Wien\u00a0auf"},"content":{"rendered":"\n<p>Marko \u0160eli\u0107 &#8211; Mar\u010delo und Dram werden am 25. Mai im Replugged Club im siebten Wiener Gemeindebezirk mit einem Doppelkonzert auftreten. Der Einlass beginnt um 20 Uhr, der Konzertbeginn ist f\u00fcr 21 Uhr geplant.<\/p>\n\n<p>Nach mehreren gemeinsamen Konzerten in Belgrad kreuzen sich die Wege von Mar\u010delo, der in Begleitung seiner Band auftritt und der Indie-Rock-Gruppe Dram auf deren Tourneen.<\/p>\n\n<p>Mar\u010delo und seine Band feiern 20 Jahre seit der Ver\u00f6ffentlichung ihres ersten Albums und im Mai kann das Publikum in Wien eine musikalische Reise durch sechs Alben und zwei Jahrzehnte voller intensiver Emotionen genie\u00dfen. Auf der B\u00fchne wird Mar\u010delo von Nevena Glibeti\u0107 Nancy (Gesang), Rade Sklopi\u0107 Raid Kyu (Plattenspieler, Keyboards), Aleksandar Jovanovi\u0107 \u0160ljuka (Gesang, Keyboards), Filip Krumes (Violine), Max Kochetov (Saxophon), Aleksandar Cvetkovi\u0107 Drama (Schlagzeug und Marco Fabry (Bass) begleitet.<\/p>\n\n<p>Die in Belgrad ans\u00e4ssige Musikgruppe Dram bereitet mit kosmischen Synthesizern und energiegeladenen Gitarren einen fulminanten Auftritt und eine Energie-Explosion f\u00fcr die \u00f6sterreichische Hauptstadt vor. Das Repertoire umfasst Lieder aus zwei Alben \u2013 \u201eWe will not change the world\u201c und \u201ePrevi\u0161e svega\u201c. Die Gruppe setzt sich zusammen aus Stefan A\u0107imovi\u0107 (Gesang, Gitarre), Marko Arizanovi\u0107 (Keyboards, Hintergrundgesang), Nikola Grozdani\u0107 (Schlagzeug, Elektronik) und Petar Blagojevi\u0107 (Bassgitarre, Hintergrundgesang).<\/p>\n\n<p>Tickets k\u00f6nnen \u00fcber den Link erworben werden:&#13;\nhttps:\/\/events.eventjet.at\/e\/marcelo-i-dram-25-maj-bec-replugged\/<\/p>\n","protected":false},"excerpt":{"rendered":"<p>Mar\u010delo und Dram treten in Wien\u00a0auf<\/p>\n","protected":false},"author":4,"featured_media":18447,"comment_status":"open","ping_status":"open","sticky":false,"template":"","format":"standard","meta":{"_acf_changed":false,"footnotes":""},"categories":[41],"tags":[],"class_list":["post-18451","post","type-post","status-publish","format-standard","has-post-thumbnail","hentry","category-ereignisse"],"acf":[],"yoast_head":"<!-- This site is optimized with the Yoast SEO plugin v27.4 - https:\/\/yoast.com\/product\/yoast-seo-wordpress\/ -->\n<title>Mar\u010delo und Dram treten in Wien\u00a0auf - Srpski centar<\/title>\n<meta name=\"description\" content=\"Mar\u010delo und Dram treten in Wien\u00a0auf\" \/>\n<meta name=\"robots\" content=\"index, follow, max-snippet:-1, max-image-preview:large, max-video-preview:-1\" \/>\n<link rel=\"canonical\" href=\"https:\/\/serbischeszentrum.at\/de\/marcello-und-die-trommelband-treten-in-wien-auf\/\" \/>\n<meta property=\"og:locale\" content=\"de_DE\" \/>\n<meta property=\"og:type\" content=\"article\" \/>\n<meta property=\"og:title\" content=\"Mar\u010delo und Dram treten in Wien\u00a0auf - Srpski centar\" \/>\n<meta property=\"og:description\" content=\"Mar\u010delo und Dram treten in Wien\u00a0auf\" \/>\n<meta property=\"og:url\" content=\"https:\/\/serbischeszentrum.at\/de\/marcello-und-die-trommelband-treten-in-wien-auf\/\" \/>\n<meta property=\"og:site_name\" content=\"Srpski centar\" \/>\n<meta property=\"article:publisher\" content=\"https:\/\/www.facebook.com\/serbischeszentrum\" \/>\n<meta property=\"article:published_time\" content=\"2024-03-28T11:54:48+00:00\" \/>\n<meta property=\"article:modified_time\" content=\"2025-02-14T10:20:19+00:00\" \/>\n<meta property=\"og:image\" content=\"https:\/\/serbischeszentrum.at\/wp-content\/uploads\/2024\/03\/4-1.jpg\" \/>\n\t<meta property=\"og:image:width\" content=\"940\" \/>\n\t<meta property=\"og:image:height\" content=\"788\" \/>\n\t<meta property=\"og:image:type\" content=\"image\/jpeg\" \/>\n<meta name=\"author\" content=\"Srpski Centar\" \/>\n<meta name=\"twitter:card\" content=\"summary_large_image\" \/>\n<meta name=\"twitter:label1\" content=\"Verfasst von\" \/>\n\t<meta name=\"twitter:data1\" content=\"Srpski Centar\" \/>\n\t<meta name=\"twitter:label2\" content=\"Gesch\u00e4tzte Lesezeit\" \/>\n\t<meta name=\"twitter:data2\" content=\"2\u00a0Minuten\" \/>\n<script type=\"application\/ld+json\" class=\"yoast-schema-graph\">{\"@context\":\"https:\\\/\\\/schema.org\",\"@graph\":[{\"@type\":\"Article\",\"@id\":\"https:\\\/\\\/serbischeszentrum.at\\\/de\\\/marcello-und-die-trommelband-treten-in-wien-auf\\\/#article\",\"isPartOf\":{\"@id\":\"https:\\\/\\\/serbischeszentrum.at\\\/de\\\/marcello-und-die-trommelband-treten-in-wien-auf\\\/\"},\"author\":{\"name\":\"Srpski Centar\",\"@id\":\"https:\\\/\\\/serbischeszentrum.at\\\/de\\\/#\\\/schema\\\/person\\\/be01c441f818a4b25a16c206ccac7e38\"},\"headline\":\"Mar\u010delo und Dram treten in Wien\u00a0auf\",\"datePublished\":\"2024-03-28T11:54:48+00:00\",\"dateModified\":\"2025-02-14T10:20:19+00:00\",\"mainEntityOfPage\":{\"@id\":\"https:\\\/\\\/serbischeszentrum.at\\\/de\\\/marcello-und-die-trommelband-treten-in-wien-auf\\\/\"},\"wordCount\":223,\"commentCount\":0,\"publisher\":{\"@id\":\"https:\\\/\\\/serbischeszentrum.at\\\/de\\\/#organization\"},\"image\":{\"@id\":\"https:\\\/\\\/serbischeszentrum.at\\\/de\\\/marcello-und-die-trommelband-treten-in-wien-auf\\\/#primaryimage\"},\"thumbnailUrl\":\"https:\\\/\\\/serbischeszentrum.at\\\/wp-content\\\/uploads\\\/2024\\\/03\\\/4-1.jpg\",\"articleSection\":[\"Ereignisse\"],\"inLanguage\":\"de\",\"potentialAction\":[{\"@type\":\"CommentAction\",\"name\":\"Comment\",\"target\":[\"https:\\\/\\\/serbischeszentrum.at\\\/de\\\/marcello-und-die-trommelband-treten-in-wien-auf\\\/#respond\"]}]},{\"@type\":\"WebPage\",\"@id\":\"https:\\\/\\\/serbischeszentrum.at\\\/de\\\/marcello-und-die-trommelband-treten-in-wien-auf\\\/\",\"url\":\"https:\\\/\\\/serbischeszentrum.at\\\/de\\\/marcello-und-die-trommelband-treten-in-wien-auf\\\/\",\"name\":\"Mar\u010delo und Dram treten in Wien\u00a0auf - Srpski centar\",\"isPartOf\":{\"@id\":\"https:\\\/\\\/serbischeszentrum.at\\\/de\\\/#website\"},\"primaryImageOfPage\":{\"@id\":\"https:\\\/\\\/serbischeszentrum.at\\\/de\\\/marcello-und-die-trommelband-treten-in-wien-auf\\\/#primaryimage\"},\"image\":{\"@id\":\"https:\\\/\\\/serbischeszentrum.at\\\/de\\\/marcello-und-die-trommelband-treten-in-wien-auf\\\/#primaryimage\"},\"thumbnailUrl\":\"https:\\\/\\\/serbischeszentrum.at\\\/wp-content\\\/uploads\\\/2024\\\/03\\\/4-1.jpg\",\"datePublished\":\"2024-03-28T11:54:48+00:00\",\"dateModified\":\"2025-02-14T10:20:19+00:00\",\"description\":\"Mar\u010delo und Dram treten in Wien\u00a0auf\",\"breadcrumb\":{\"@id\":\"https:\\\/\\\/serbischeszentrum.at\\\/de\\\/marcello-und-die-trommelband-treten-in-wien-auf\\\/#breadcrumb\"},\"inLanguage\":\"de\",\"potentialAction\":[{\"@type\":\"ReadAction\",\"target\":[\"https:\\\/\\\/serbischeszentrum.at\\\/de\\\/marcello-und-die-trommelband-treten-in-wien-auf\\\/\"]}]},{\"@type\":\"ImageObject\",\"inLanguage\":\"de\",\"@id\":\"https:\\\/\\\/serbischeszentrum.at\\\/de\\\/marcello-und-die-trommelband-treten-in-wien-auf\\\/#primaryimage\",\"url\":\"https:\\\/\\\/serbischeszentrum.at\\\/wp-content\\\/uploads\\\/2024\\\/03\\\/4-1.jpg\",\"contentUrl\":\"https:\\\/\\\/serbischeszentrum.at\\\/wp-content\\\/uploads\\\/2024\\\/03\\\/4-1.jpg\",\"width\":940,\"height\":788},{\"@type\":\"BreadcrumbList\",\"@id\":\"https:\\\/\\\/serbischeszentrum.at\\\/de\\\/marcello-und-die-trommelband-treten-in-wien-auf\\\/#breadcrumb\",\"itemListElement\":[{\"@type\":\"ListItem\",\"position\":1,\"name\":\"Home\",\"item\":\"https:\\\/\\\/serbischeszentrum.at\\\/de\\\/\"},{\"@type\":\"ListItem\",\"position\":2,\"name\":\"Mar\u010delo und Dram treten in Wien\u00a0auf\"}]},{\"@type\":\"WebSite\",\"@id\":\"https:\\\/\\\/serbischeszentrum.at\\\/de\\\/#website\",\"url\":\"https:\\\/\\\/serbischeszentrum.at\\\/de\\\/\",\"name\":\"Srpski centar\",\"description\":\"Platforma dru\u0161tvenih i kulturnih inicijativa\",\"publisher\":{\"@id\":\"https:\\\/\\\/serbischeszentrum.at\\\/de\\\/#organization\"},\"potentialAction\":[{\"@type\":\"SearchAction\",\"target\":{\"@type\":\"EntryPoint\",\"urlTemplate\":\"https:\\\/\\\/serbischeszentrum.at\\\/de\\\/?s={search_term_string}\"},\"query-input\":{\"@type\":\"PropertyValueSpecification\",\"valueRequired\":true,\"valueName\":\"search_term_string\"}}],\"inLanguage\":\"de\"},{\"@type\":\"Organization\",\"@id\":\"https:\\\/\\\/serbischeszentrum.at\\\/de\\\/#organization\",\"name\":\"Serbishes Zentrum\",\"alternateName\":\"Srpski Centar\",\"url\":\"https:\\\/\\\/serbischeszentrum.at\\\/de\\\/\",\"logo\":{\"@type\":\"ImageObject\",\"inLanguage\":\"de\",\"@id\":\"https:\\\/\\\/serbischeszentrum.at\\\/de\\\/#\\\/schema\\\/logo\\\/image\\\/\",\"url\":\"https:\\\/\\\/serbischeszentrum.at\\\/wp-content\\\/uploads\\\/2022\\\/09\\\/srpski-centar-logo-kruzni.jpg\",\"contentUrl\":\"https:\\\/\\\/serbischeszentrum.at\\\/wp-content\\\/uploads\\\/2022\\\/09\\\/srpski-centar-logo-kruzni.jpg\",\"width\":1000,\"height\":1000,\"caption\":\"Serbishes Zentrum\"},\"image\":{\"@id\":\"https:\\\/\\\/serbischeszentrum.at\\\/de\\\/#\\\/schema\\\/logo\\\/image\\\/\"},\"sameAs\":[\"https:\\\/\\\/www.facebook.com\\\/serbischeszentrum\",\"https:\\\/\\\/www.instagram.com\\\/serbischeszentrum\\\/\"]},{\"@type\":\"Person\",\"@id\":\"https:\\\/\\\/serbischeszentrum.at\\\/de\\\/#\\\/schema\\\/person\\\/be01c441f818a4b25a16c206ccac7e38\",\"name\":\"Srpski Centar\",\"image\":{\"@type\":\"ImageObject\",\"inLanguage\":\"de\",\"@id\":\"https:\\\/\\\/secure.gravatar.com\\\/avatar\\\/60c9d36e595b167fba91ae0df2220cd40fc459fe63837eeb77a264740307ceb7?s=96&d=mm&r=g\",\"url\":\"https:\\\/\\\/secure.gravatar.com\\\/avatar\\\/60c9d36e595b167fba91ae0df2220cd40fc459fe63837eeb77a264740307ceb7?s=96&d=mm&r=g\",\"contentUrl\":\"https:\\\/\\\/secure.gravatar.com\\\/avatar\\\/60c9d36e595b167fba91ae0df2220cd40fc459fe63837eeb77a264740307ceb7?s=96&d=mm&r=g\",\"caption\":\"Srpski Centar\"},\"url\":\"https:\\\/\\\/serbischeszentrum.at\\\/de\\\/author\\\/srpski-centar\\\/\"}]}<\/script>\n<!-- \/ Yoast SEO plugin. -->","yoast_head_json":{"title":"Mar\u010delo und Dram treten in Wien\u00a0auf - Srpski centar","description":"Mar\u010delo und Dram treten in Wien\u00a0auf","robots":{"index":"index","follow":"follow","max-snippet":"max-snippet:-1","max-image-preview":"max-image-preview:large","max-video-preview":"max-video-preview:-1"},"canonical":"https:\/\/serbischeszentrum.at\/de\/marcello-und-die-trommelband-treten-in-wien-auf\/","og_locale":"de_DE","og_type":"article","og_title":"Mar\u010delo und Dram treten in Wien\u00a0auf - Srpski centar","og_description":"Mar\u010delo und Dram treten in Wien\u00a0auf","og_url":"https:\/\/serbischeszentrum.at\/de\/marcello-und-die-trommelband-treten-in-wien-auf\/","og_site_name":"Srpski centar","article_publisher":"https:\/\/www.facebook.com\/serbischeszentrum","article_published_time":"2024-03-28T11:54:48+00:00","article_modified_time":"2025-02-14T10:20:19+00:00","og_image":[{"width":940,"height":788,"url":"https:\/\/serbischeszentrum.at\/wp-content\/uploads\/2024\/03\/4-1.jpg","type":"image\/jpeg"}],"author":"Srpski Centar","twitter_card":"summary_large_image","twitter_misc":{"Verfasst von":"Srpski Centar","Gesch\u00e4tzte Lesezeit":"2\u00a0Minuten"},"schema":{"@context":"https:\/\/schema.org","@graph":[{"@type":"Article","@id":"https:\/\/serbischeszentrum.at\/de\/marcello-und-die-trommelband-treten-in-wien-auf\/#article","isPartOf":{"@id":"https:\/\/serbischeszentrum.at\/de\/marcello-und-die-trommelband-treten-in-wien-auf\/"},"author":{"name":"Srpski Centar","@id":"https:\/\/serbischeszentrum.at\/de\/#\/schema\/person\/be01c441f818a4b25a16c206ccac7e38"},"headline":"Mar\u010delo und Dram treten in Wien\u00a0auf","datePublished":"2024-03-28T11:54:48+00:00","dateModified":"2025-02-14T10:20:19+00:00","mainEntityOfPage":{"@id":"https:\/\/serbischeszentrum.at\/de\/marcello-und-die-trommelband-treten-in-wien-auf\/"},"wordCount":223,"commentCount":0,"publisher":{"@id":"https:\/\/serbischeszentrum.at\/de\/#organization"},"image":{"@id":"https:\/\/serbischeszentrum.at\/de\/marcello-und-die-trommelband-treten-in-wien-auf\/#primaryimage"},"thumbnailUrl":"https:\/\/serbischeszentrum.at\/wp-content\/uploads\/2024\/03\/4-1.jpg","articleSection":["Ereignisse"],"inLanguage":"de","potentialAction":[{"@type":"CommentAction","name":"Comment","target":["https:\/\/serbischeszentrum.at\/de\/marcello-und-die-trommelband-treten-in-wien-auf\/#respond"]}]},{"@type":"WebPage","@id":"https:\/\/serbischeszentrum.at\/de\/marcello-und-die-trommelband-treten-in-wien-auf\/","url":"https:\/\/serbischeszentrum.at\/de\/marcello-und-die-trommelband-treten-in-wien-auf\/","name":"Mar\u010delo und Dram treten in Wien\u00a0auf - Srpski centar","isPartOf":{"@id":"https:\/\/serbischeszentrum.at\/de\/#website"},"primaryImageOfPage":{"@id":"https:\/\/serbischeszentrum.at\/de\/marcello-und-die-trommelband-treten-in-wien-auf\/#primaryimage"},"image":{"@id":"https:\/\/serbischeszentrum.at\/de\/marcello-und-die-trommelband-treten-in-wien-auf\/#primaryimage"},"thumbnailUrl":"https:\/\/serbischeszentrum.at\/wp-content\/uploads\/2024\/03\/4-1.jpg","datePublished":"2024-03-28T11:54:48+00:00","dateModified":"2025-02-14T10:20:19+00:00","description":"Mar\u010delo und Dram treten in Wien\u00a0auf","breadcrumb":{"@id":"https:\/\/serbischeszentrum.at\/de\/marcello-und-die-trommelband-treten-in-wien-auf\/#breadcrumb"},"inLanguage":"de","potentialAction":[{"@type":"ReadAction","target":["https:\/\/serbischeszentrum.at\/de\/marcello-und-die-trommelband-treten-in-wien-auf\/"]}]},{"@type":"ImageObject","inLanguage":"de","@id":"https:\/\/serbischeszentrum.at\/de\/marcello-und-die-trommelband-treten-in-wien-auf\/#primaryimage","url":"https:\/\/serbischeszentrum.at\/wp-content\/uploads\/2024\/03\/4-1.jpg","contentUrl":"https:\/\/serbischeszentrum.at\/wp-content\/uploads\/2024\/03\/4-1.jpg","width":940,"height":788},{"@type":"BreadcrumbList","@id":"https:\/\/serbischeszentrum.at\/de\/marcello-und-die-trommelband-treten-in-wien-auf\/#breadcrumb","itemListElement":[{"@type":"ListItem","position":1,"name":"Home","item":"https:\/\/serbischeszentrum.at\/de\/"},{"@type":"ListItem","position":2,"name":"Mar\u010delo und Dram treten in Wien\u00a0auf"}]},{"@type":"WebSite","@id":"https:\/\/serbischeszentrum.at\/de\/#website","url":"https:\/\/serbischeszentrum.at\/de\/","name":"Srpski centar","description":"Platforma dru\u0161tvenih i kulturnih inicijativa","publisher":{"@id":"https:\/\/serbischeszentrum.at\/de\/#organization"},"potentialAction":[{"@type":"SearchAction","target":{"@type":"EntryPoint","urlTemplate":"https:\/\/serbischeszentrum.at\/de\/?s={search_term_string}"},"query-input":{"@type":"PropertyValueSpecification","valueRequired":true,"valueName":"search_term_string"}}],"inLanguage":"de"},{"@type":"Organization","@id":"https:\/\/serbischeszentrum.at\/de\/#organization","name":"Serbishes Zentrum","alternateName":"Srpski Centar","url":"https:\/\/serbischeszentrum.at\/de\/","logo":{"@type":"ImageObject","inLanguage":"de","@id":"https:\/\/serbischeszentrum.at\/de\/#\/schema\/logo\/image\/","url":"https:\/\/serbischeszentrum.at\/wp-content\/uploads\/2022\/09\/srpski-centar-logo-kruzni.jpg","contentUrl":"https:\/\/serbischeszentrum.at\/wp-content\/uploads\/2022\/09\/srpski-centar-logo-kruzni.jpg","width":1000,"height":1000,"caption":"Serbishes Zentrum"},"image":{"@id":"https:\/\/serbischeszentrum.at\/de\/#\/schema\/logo\/image\/"},"sameAs":["https:\/\/www.facebook.com\/serbischeszentrum","https:\/\/www.instagram.com\/serbischeszentrum\/"]},{"@type":"Person","@id":"https:\/\/serbischeszentrum.at\/de\/#\/schema\/person\/be01c441f818a4b25a16c206ccac7e38","name":"Srpski Centar","image":{"@type":"ImageObject","inLanguage":"de","@id":"https:\/\/secure.gravatar.com\/avatar\/60c9d36e595b167fba91ae0df2220cd40fc459fe63837eeb77a264740307ceb7?s=96&d=mm&r=g","url":"https:\/\/secure.gravatar.com\/avatar\/60c9d36e595b167fba91ae0df2220cd40fc459fe63837eeb77a264740307ceb7?s=96&d=mm&r=g","contentUrl":"https:\/\/secure.gravatar.com\/avatar\/60c9d36e595b167fba91ae0df2220cd40fc459fe63837eeb77a264740307ceb7?s=96&d=mm&r=g","caption":"Srpski Centar"},"url":"https:\/\/serbischeszentrum.at\/de\/author\/srpski-centar\/"}]}},"_links":{"self":[{"href":"https:\/\/serbischeszentrum.at\/de\/wp-json\/wp\/v2\/posts\/18451","targetHints":{"allow":["GET"]}}],"collection":[{"href":"https:\/\/serbischeszentrum.at\/de\/wp-json\/wp\/v2\/posts"}],"about":[{"href":"https:\/\/serbischeszentrum.at\/de\/wp-json\/wp\/v2\/types\/post"}],"author":[{"embeddable":true,"href":"https:\/\/serbischeszentrum.at\/de\/wp-json\/wp\/v2\/users\/4"}],"replies":[{"embeddable":true,"href":"https:\/\/serbischeszentrum.at\/de\/wp-json\/wp\/v2\/comments?post=18451"}],"version-history":[{"count":0,"href":"https:\/\/serbischeszentrum.at\/de\/wp-json\/wp\/v2\/posts\/18451\/revisions"}],"wp:featuredmedia":[{"embeddable":true,"href":"https:\/\/serbischeszentrum.at\/de\/wp-json\/wp\/v2\/media\/18447"}],"wp:attachment":[{"href":"https:\/\/serbischeszentrum.at\/de\/wp-json\/wp\/v2\/media?parent=18451"}],"wp:term":[{"taxonomy":"category","embeddable":true,"href":"https:\/\/serbischeszentrum.at\/de\/wp-json\/wp\/v2\/categories?post=18451"},{"taxonomy":"post_tag","embeddable":true,"href":"https:\/\/serbischeszentrum.at\/de\/wp-json\/wp\/v2\/tags?post=18451"}],"curies":[{"name":"wp","href":"https:\/\/api.w.org\/{rel}","templated":true}]}}