{"id":18238,"date":"2023-12-02T14:12:08","date_gmt":"2023-12-02T14:12:08","guid":{"rendered":"https:\/\/serbischeszentrum.at\/25-savaball\/"},"modified":"2024-02-18T20:39:57","modified_gmt":"2024-02-18T20:39:57","slug":"25-savaball","status":"publish","type":"post","link":"https:\/\/serbischeszentrum.at\/de\/25-savaball\/","title":{"rendered":"25. Savaball"},"content":{"rendered":"\n<p>Der 25. Savaball fand am 18. J\u00e4nner 2024 in zw\u00f6lf Balls\u00e4len der renommierten Wiener Hofburg statt und begeisterte 2.000 G\u00e4ste, unter anderem auch den \u00f6sterreichischen Bundeskanzler Karl Nehammer.\r\n<\/p>\n\n\n\n<p>Weitere Informationen: <a href=\"https:\/\/savaball.at\/de\/25-svetosavski-bal\/\">https:\/\/savaball.at\/de\/25-svetosavski-bal\/<\/a><\/p>\n\n\n\n<figure class=\"wp-block-image size-large\"><img fetchpriority=\"high\" decoding=\"async\" width=\"1024\" height=\"614\" src=\"https:\/\/serbischeszentrum.at\/wp-content\/uploads\/2023\/12\/SAVABALL-202410-1024x614.jpg\" alt=\"\" class=\"wp-image-18225\" srcset=\"https:\/\/serbischeszentrum.at\/wp-content\/uploads\/2023\/12\/SAVABALL-202410-1024x614.jpg 1024w, https:\/\/serbischeszentrum.at\/wp-content\/uploads\/2023\/12\/SAVABALL-202410-300x180.jpg 300w, https:\/\/serbischeszentrum.at\/wp-content\/uploads\/2023\/12\/SAVABALL-202410-768x460.jpg 768w, https:\/\/serbischeszentrum.at\/wp-content\/uploads\/2023\/12\/SAVABALL-202410-1536x920.jpg 1536w, https:\/\/serbischeszentrum.at\/wp-content\/uploads\/2023\/12\/SAVABALL-202410-2048x1227.jpg 2048w\" sizes=\"(max-width: 1024px) 100vw, 1024px\" \/><\/figure>\n","protected":false},"excerpt":{"rendered":"<p>Der 25. Savaball fand am 18. J\u00e4nner 2024 in zw\u00f6lf Balls\u00e4len der renommierten Wiener Hofburg statt und begeisterte 2.000 G\u00e4ste, unter anderem auch den \u00f6sterreichischen Bundeskanzler Karl Nehammer.<\/p>\n","protected":false},"author":4,"featured_media":18243,"comment_status":"open","ping_status":"open","sticky":false,"template":"","format":"standard","meta":{"_acf_changed":false,"footnotes":""},"categories":[41,42],"tags":[],"class_list":["post-18238","post","type-post","status-publish","format-standard","has-post-thumbnail","hentry","category-ereignisse","category-savaball"],"acf":[],"yoast_head":"<!-- This site is optimized with the Yoast SEO plugin v27.4 - https:\/\/yoast.com\/product\/yoast-seo-wordpress\/ -->\n<title>25. Savaball<\/title>\n<meta name=\"description\" content=\"Der 25. Savaball fand am 18. J\u00e4nner 2024 in zw\u00f6lf Balls\u00e4len der renommierten Wiener Hofburg statt und begeisterte 2.000 G\u00e4ste, unter anderem auch den \u00f6sterreichischen Bundeskanzler Karl Nehammer.\" \/>\n<meta name=\"robots\" content=\"index, follow, max-snippet:-1, max-image-preview:large, max-video-preview:-1\" \/>\n<link rel=\"canonical\" href=\"https:\/\/serbischeszentrum.at\/de\/25-savaball\/\" \/>\n<meta property=\"og:locale\" content=\"de_DE\" \/>\n<meta property=\"og:type\" content=\"article\" \/>\n<meta property=\"og:title\" content=\"25. Savaball\" \/>\n<meta property=\"og:description\" content=\"Der 25. Savaball fand am 18. J\u00e4nner 2024 in zw\u00f6lf Balls\u00e4len der renommierten Wiener Hofburg statt und begeisterte 2.000 G\u00e4ste, unter anderem auch den \u00f6sterreichischen Bundeskanzler Karl Nehammer.\" \/>\n<meta property=\"og:url\" content=\"https:\/\/serbischeszentrum.at\/de\/25-savaball\/\" \/>\n<meta property=\"og:site_name\" content=\"Srpski centar\" \/>\n<meta property=\"article:publisher\" content=\"https:\/\/www.facebook.com\/serbischeszentrum\" \/>\n<meta property=\"article:published_time\" content=\"2023-12-02T14:12:08+00:00\" \/>\n<meta property=\"article:modified_time\" content=\"2024-02-18T20:39:57+00:00\" \/>\n<meta property=\"og:image\" content=\"https:\/\/serbischeszentrum.at\/wp-content\/uploads\/2023\/12\/FB-Event.jpg\" \/>\n\t<meta property=\"og:image:width\" content=\"1920\" \/>\n\t<meta property=\"og:image:height\" content=\"1080\" \/>\n\t<meta property=\"og:image:type\" content=\"image\/jpeg\" \/>\n<meta name=\"author\" content=\"Srpski Centar\" \/>\n<meta name=\"twitter:card\" content=\"summary_large_image\" \/>\n<meta name=\"twitter:label1\" content=\"Verfasst von\" \/>\n\t<meta name=\"twitter:data1\" content=\"Srpski Centar\" \/>\n\t<meta name=\"twitter:label2\" content=\"Gesch\u00e4tzte Lesezeit\" \/>\n\t<meta name=\"twitter:data2\" content=\"1\u00a0Minute\" \/>\n<script type=\"application\/ld+json\" class=\"yoast-schema-graph\">{\"@context\":\"https:\\\/\\\/schema.org\",\"@graph\":[{\"@type\":\"Article\",\"@id\":\"https:\\\/\\\/serbischeszentrum.at\\\/de\\\/25-savaball\\\/#article\",\"isPartOf\":{\"@id\":\"https:\\\/\\\/serbischeszentrum.at\\\/de\\\/25-savaball\\\/\"},\"author\":{\"name\":\"Srpski Centar\",\"@id\":\"https:\\\/\\\/serbischeszentrum.at\\\/de\\\/#\\\/schema\\\/person\\\/be01c441f818a4b25a16c206ccac7e38\"},\"headline\":\"25. Savaball\",\"datePublished\":\"2023-12-02T14:12:08+00:00\",\"dateModified\":\"2024-02-18T20:39:57+00:00\",\"mainEntityOfPage\":{\"@id\":\"https:\\\/\\\/serbischeszentrum.at\\\/de\\\/25-savaball\\\/\"},\"wordCount\":36,\"commentCount\":0,\"publisher\":{\"@id\":\"https:\\\/\\\/serbischeszentrum.at\\\/de\\\/#organization\"},\"image\":{\"@id\":\"https:\\\/\\\/serbischeszentrum.at\\\/de\\\/25-savaball\\\/#primaryimage\"},\"thumbnailUrl\":\"https:\\\/\\\/serbischeszentrum.at\\\/wp-content\\\/uploads\\\/2023\\\/12\\\/FB-Event.jpg\",\"articleSection\":[\"Ereignisse\",\"Savaball\"],\"inLanguage\":\"de\",\"potentialAction\":[{\"@type\":\"CommentAction\",\"name\":\"Comment\",\"target\":[\"https:\\\/\\\/serbischeszentrum.at\\\/de\\\/25-savaball\\\/#respond\"]}]},{\"@type\":\"WebPage\",\"@id\":\"https:\\\/\\\/serbischeszentrum.at\\\/de\\\/25-savaball\\\/\",\"url\":\"https:\\\/\\\/serbischeszentrum.at\\\/de\\\/25-savaball\\\/\",\"name\":\"25. Savaball\",\"isPartOf\":{\"@id\":\"https:\\\/\\\/serbischeszentrum.at\\\/de\\\/#website\"},\"primaryImageOfPage\":{\"@id\":\"https:\\\/\\\/serbischeszentrum.at\\\/de\\\/25-savaball\\\/#primaryimage\"},\"image\":{\"@id\":\"https:\\\/\\\/serbischeszentrum.at\\\/de\\\/25-savaball\\\/#primaryimage\"},\"thumbnailUrl\":\"https:\\\/\\\/serbischeszentrum.at\\\/wp-content\\\/uploads\\\/2023\\\/12\\\/FB-Event.jpg\",\"datePublished\":\"2023-12-02T14:12:08+00:00\",\"dateModified\":\"2024-02-18T20:39:57+00:00\",\"description\":\"Der 25. Savaball fand am 18. J\u00e4nner 2024 in zw\u00f6lf Balls\u00e4len der renommierten Wiener Hofburg statt und begeisterte 2.000 G\u00e4ste, unter anderem auch den \u00f6sterreichischen Bundeskanzler Karl Nehammer.\",\"breadcrumb\":{\"@id\":\"https:\\\/\\\/serbischeszentrum.at\\\/de\\\/25-savaball\\\/#breadcrumb\"},\"inLanguage\":\"de\",\"potentialAction\":[{\"@type\":\"ReadAction\",\"target\":[\"https:\\\/\\\/serbischeszentrum.at\\\/de\\\/25-savaball\\\/\"]}]},{\"@type\":\"ImageObject\",\"inLanguage\":\"de\",\"@id\":\"https:\\\/\\\/serbischeszentrum.at\\\/de\\\/25-savaball\\\/#primaryimage\",\"url\":\"https:\\\/\\\/serbischeszentrum.at\\\/wp-content\\\/uploads\\\/2023\\\/12\\\/FB-Event.jpg\",\"contentUrl\":\"https:\\\/\\\/serbischeszentrum.at\\\/wp-content\\\/uploads\\\/2023\\\/12\\\/FB-Event.jpg\",\"width\":1920,\"height\":1080},{\"@type\":\"BreadcrumbList\",\"@id\":\"https:\\\/\\\/serbischeszentrum.at\\\/de\\\/25-savaball\\\/#breadcrumb\",\"itemListElement\":[{\"@type\":\"ListItem\",\"position\":1,\"name\":\"Home\",\"item\":\"https:\\\/\\\/serbischeszentrum.at\\\/de\\\/\"},{\"@type\":\"ListItem\",\"position\":2,\"name\":\"25. Savaball\"}]},{\"@type\":\"WebSite\",\"@id\":\"https:\\\/\\\/serbischeszentrum.at\\\/de\\\/#website\",\"url\":\"https:\\\/\\\/serbischeszentrum.at\\\/de\\\/\",\"name\":\"Srpski centar\",\"description\":\"Platforma dru\u0161tvenih i kulturnih inicijativa\",\"publisher\":{\"@id\":\"https:\\\/\\\/serbischeszentrum.at\\\/de\\\/#organization\"},\"potentialAction\":[{\"@type\":\"SearchAction\",\"target\":{\"@type\":\"EntryPoint\",\"urlTemplate\":\"https:\\\/\\\/serbischeszentrum.at\\\/de\\\/?s={search_term_string}\"},\"query-input\":{\"@type\":\"PropertyValueSpecification\",\"valueRequired\":true,\"valueName\":\"search_term_string\"}}],\"inLanguage\":\"de\"},{\"@type\":\"Organization\",\"@id\":\"https:\\\/\\\/serbischeszentrum.at\\\/de\\\/#organization\",\"name\":\"Serbishes Zentrum\",\"alternateName\":\"Srpski Centar\",\"url\":\"https:\\\/\\\/serbischeszentrum.at\\\/de\\\/\",\"logo\":{\"@type\":\"ImageObject\",\"inLanguage\":\"de\",\"@id\":\"https:\\\/\\\/serbischeszentrum.at\\\/de\\\/#\\\/schema\\\/logo\\\/image\\\/\",\"url\":\"https:\\\/\\\/serbischeszentrum.at\\\/wp-content\\\/uploads\\\/2022\\\/09\\\/srpski-centar-logo-kruzni.jpg\",\"contentUrl\":\"https:\\\/\\\/serbischeszentrum.at\\\/wp-content\\\/uploads\\\/2022\\\/09\\\/srpski-centar-logo-kruzni.jpg\",\"width\":1000,\"height\":1000,\"caption\":\"Serbishes Zentrum\"},\"image\":{\"@id\":\"https:\\\/\\\/serbischeszentrum.at\\\/de\\\/#\\\/schema\\\/logo\\\/image\\\/\"},\"sameAs\":[\"https:\\\/\\\/www.facebook.com\\\/serbischeszentrum\",\"https:\\\/\\\/www.instagram.com\\\/serbischeszentrum\\\/\"]},{\"@type\":\"Person\",\"@id\":\"https:\\\/\\\/serbischeszentrum.at\\\/de\\\/#\\\/schema\\\/person\\\/be01c441f818a4b25a16c206ccac7e38\",\"name\":\"Srpski Centar\",\"image\":{\"@type\":\"ImageObject\",\"inLanguage\":\"de\",\"@id\":\"https:\\\/\\\/secure.gravatar.com\\\/avatar\\\/60c9d36e595b167fba91ae0df2220cd40fc459fe63837eeb77a264740307ceb7?s=96&d=mm&r=g\",\"url\":\"https:\\\/\\\/secure.gravatar.com\\\/avatar\\\/60c9d36e595b167fba91ae0df2220cd40fc459fe63837eeb77a264740307ceb7?s=96&d=mm&r=g\",\"contentUrl\":\"https:\\\/\\\/secure.gravatar.com\\\/avatar\\\/60c9d36e595b167fba91ae0df2220cd40fc459fe63837eeb77a264740307ceb7?s=96&d=mm&r=g\",\"caption\":\"Srpski Centar\"},\"url\":\"https:\\\/\\\/serbischeszentrum.at\\\/de\\\/author\\\/srpski-centar\\\/\"}]}<\/script>\n<!-- \/ Yoast SEO plugin. -->","yoast_head_json":{"title":"25. Savaball","description":"Der 25. Savaball fand am 18. J\u00e4nner 2024 in zw\u00f6lf Balls\u00e4len der renommierten Wiener Hofburg statt und begeisterte 2.000 G\u00e4ste, unter anderem auch den \u00f6sterreichischen Bundeskanzler Karl Nehammer.","robots":{"index":"index","follow":"follow","max-snippet":"max-snippet:-1","max-image-preview":"max-image-preview:large","max-video-preview":"max-video-preview:-1"},"canonical":"https:\/\/serbischeszentrum.at\/de\/25-savaball\/","og_locale":"de_DE","og_type":"article","og_title":"25. Savaball","og_description":"Der 25. Savaball fand am 18. J\u00e4nner 2024 in zw\u00f6lf Balls\u00e4len der renommierten Wiener Hofburg statt und begeisterte 2.000 G\u00e4ste, unter anderem auch den \u00f6sterreichischen Bundeskanzler Karl Nehammer.","og_url":"https:\/\/serbischeszentrum.at\/de\/25-savaball\/","og_site_name":"Srpski centar","article_publisher":"https:\/\/www.facebook.com\/serbischeszentrum","article_published_time":"2023-12-02T14:12:08+00:00","article_modified_time":"2024-02-18T20:39:57+00:00","og_image":[{"width":1920,"height":1080,"url":"https:\/\/serbischeszentrum.at\/wp-content\/uploads\/2023\/12\/FB-Event.jpg","type":"image\/jpeg"}],"author":"Srpski Centar","twitter_card":"summary_large_image","twitter_misc":{"Verfasst von":"Srpski Centar","Gesch\u00e4tzte Lesezeit":"1\u00a0Minute"},"schema":{"@context":"https:\/\/schema.org","@graph":[{"@type":"Article","@id":"https:\/\/serbischeszentrum.at\/de\/25-savaball\/#article","isPartOf":{"@id":"https:\/\/serbischeszentrum.at\/de\/25-savaball\/"},"author":{"name":"Srpski Centar","@id":"https:\/\/serbischeszentrum.at\/de\/#\/schema\/person\/be01c441f818a4b25a16c206ccac7e38"},"headline":"25. Savaball","datePublished":"2023-12-02T14:12:08+00:00","dateModified":"2024-02-18T20:39:57+00:00","mainEntityOfPage":{"@id":"https:\/\/serbischeszentrum.at\/de\/25-savaball\/"},"wordCount":36,"commentCount":0,"publisher":{"@id":"https:\/\/serbischeszentrum.at\/de\/#organization"},"image":{"@id":"https:\/\/serbischeszentrum.at\/de\/25-savaball\/#primaryimage"},"thumbnailUrl":"https:\/\/serbischeszentrum.at\/wp-content\/uploads\/2023\/12\/FB-Event.jpg","articleSection":["Ereignisse","Savaball"],"inLanguage":"de","potentialAction":[{"@type":"CommentAction","name":"Comment","target":["https:\/\/serbischeszentrum.at\/de\/25-savaball\/#respond"]}]},{"@type":"WebPage","@id":"https:\/\/serbischeszentrum.at\/de\/25-savaball\/","url":"https:\/\/serbischeszentrum.at\/de\/25-savaball\/","name":"25. Savaball","isPartOf":{"@id":"https:\/\/serbischeszentrum.at\/de\/#website"},"primaryImageOfPage":{"@id":"https:\/\/serbischeszentrum.at\/de\/25-savaball\/#primaryimage"},"image":{"@id":"https:\/\/serbischeszentrum.at\/de\/25-savaball\/#primaryimage"},"thumbnailUrl":"https:\/\/serbischeszentrum.at\/wp-content\/uploads\/2023\/12\/FB-Event.jpg","datePublished":"2023-12-02T14:12:08+00:00","dateModified":"2024-02-18T20:39:57+00:00","description":"Der 25. Savaball fand am 18. J\u00e4nner 2024 in zw\u00f6lf Balls\u00e4len der renommierten Wiener Hofburg statt und begeisterte 2.000 G\u00e4ste, unter anderem auch den \u00f6sterreichischen Bundeskanzler Karl Nehammer.","breadcrumb":{"@id":"https:\/\/serbischeszentrum.at\/de\/25-savaball\/#breadcrumb"},"inLanguage":"de","potentialAction":[{"@type":"ReadAction","target":["https:\/\/serbischeszentrum.at\/de\/25-savaball\/"]}]},{"@type":"ImageObject","inLanguage":"de","@id":"https:\/\/serbischeszentrum.at\/de\/25-savaball\/#primaryimage","url":"https:\/\/serbischeszentrum.at\/wp-content\/uploads\/2023\/12\/FB-Event.jpg","contentUrl":"https:\/\/serbischeszentrum.at\/wp-content\/uploads\/2023\/12\/FB-Event.jpg","width":1920,"height":1080},{"@type":"BreadcrumbList","@id":"https:\/\/serbischeszentrum.at\/de\/25-savaball\/#breadcrumb","itemListElement":[{"@type":"ListItem","position":1,"name":"Home","item":"https:\/\/serbischeszentrum.at\/de\/"},{"@type":"ListItem","position":2,"name":"25. Savaball"}]},{"@type":"WebSite","@id":"https:\/\/serbischeszentrum.at\/de\/#website","url":"https:\/\/serbischeszentrum.at\/de\/","name":"Srpski centar","description":"Platforma dru\u0161tvenih i kulturnih inicijativa","publisher":{"@id":"https:\/\/serbischeszentrum.at\/de\/#organization"},"potentialAction":[{"@type":"SearchAction","target":{"@type":"EntryPoint","urlTemplate":"https:\/\/serbischeszentrum.at\/de\/?s={search_term_string}"},"query-input":{"@type":"PropertyValueSpecification","valueRequired":true,"valueName":"search_term_string"}}],"inLanguage":"de"},{"@type":"Organization","@id":"https:\/\/serbischeszentrum.at\/de\/#organization","name":"Serbishes Zentrum","alternateName":"Srpski Centar","url":"https:\/\/serbischeszentrum.at\/de\/","logo":{"@type":"ImageObject","inLanguage":"de","@id":"https:\/\/serbischeszentrum.at\/de\/#\/schema\/logo\/image\/","url":"https:\/\/serbischeszentrum.at\/wp-content\/uploads\/2022\/09\/srpski-centar-logo-kruzni.jpg","contentUrl":"https:\/\/serbischeszentrum.at\/wp-content\/uploads\/2022\/09\/srpski-centar-logo-kruzni.jpg","width":1000,"height":1000,"caption":"Serbishes Zentrum"},"image":{"@id":"https:\/\/serbischeszentrum.at\/de\/#\/schema\/logo\/image\/"},"sameAs":["https:\/\/www.facebook.com\/serbischeszentrum","https:\/\/www.instagram.com\/serbischeszentrum\/"]},{"@type":"Person","@id":"https:\/\/serbischeszentrum.at\/de\/#\/schema\/person\/be01c441f818a4b25a16c206ccac7e38","name":"Srpski Centar","image":{"@type":"ImageObject","inLanguage":"de","@id":"https:\/\/secure.gravatar.com\/avatar\/60c9d36e595b167fba91ae0df2220cd40fc459fe63837eeb77a264740307ceb7?s=96&d=mm&r=g","url":"https:\/\/secure.gravatar.com\/avatar\/60c9d36e595b167fba91ae0df2220cd40fc459fe63837eeb77a264740307ceb7?s=96&d=mm&r=g","contentUrl":"https:\/\/secure.gravatar.com\/avatar\/60c9d36e595b167fba91ae0df2220cd40fc459fe63837eeb77a264740307ceb7?s=96&d=mm&r=g","caption":"Srpski Centar"},"url":"https:\/\/serbischeszentrum.at\/de\/author\/srpski-centar\/"}]}},"_links":{"self":[{"href":"https:\/\/serbischeszentrum.at\/de\/wp-json\/wp\/v2\/posts\/18238","targetHints":{"allow":["GET"]}}],"collection":[{"href":"https:\/\/serbischeszentrum.at\/de\/wp-json\/wp\/v2\/posts"}],"about":[{"href":"https:\/\/serbischeszentrum.at\/de\/wp-json\/wp\/v2\/types\/post"}],"author":[{"embeddable":true,"href":"https:\/\/serbischeszentrum.at\/de\/wp-json\/wp\/v2\/users\/4"}],"replies":[{"embeddable":true,"href":"https:\/\/serbischeszentrum.at\/de\/wp-json\/wp\/v2\/comments?post=18238"}],"version-history":[{"count":0,"href":"https:\/\/serbischeszentrum.at\/de\/wp-json\/wp\/v2\/posts\/18238\/revisions"}],"wp:featuredmedia":[{"embeddable":true,"href":"https:\/\/serbischeszentrum.at\/de\/wp-json\/wp\/v2\/media\/18243"}],"wp:attachment":[{"href":"https:\/\/serbischeszentrum.at\/de\/wp-json\/wp\/v2\/media?parent=18238"}],"wp:term":[{"taxonomy":"category","embeddable":true,"href":"https:\/\/serbischeszentrum.at\/de\/wp-json\/wp\/v2\/categories?post=18238"},{"taxonomy":"post_tag","embeddable":true,"href":"https:\/\/serbischeszentrum.at\/de\/wp-json\/wp\/v2\/tags?post=18238"}],"curies":[{"name":"wp","href":"https:\/\/api.w.org\/{rel}","templated":true}]}}