{"id":17970,"date":"2023-09-05T13:36:57","date_gmt":"2023-09-05T13:36:57","guid":{"rendered":"https:\/\/serbischeszentrum.at\/ausstellung-durch-virtual-reality\/"},"modified":"2023-09-20T16:59:44","modified_gmt":"2023-09-20T16:59:44","slug":"ausstellung-durch-virtual-reality","status":"publish","type":"post","link":"https:\/\/serbischeszentrum.at\/de\/ausstellung-durch-virtual-reality\/","title":{"rendered":"Ausstellung durch Virtual Reality"},"content":{"rendered":"\n<p>Wir haben das Vergn\u00fcgen, Sie zu einem unvergesslichen Erlebnis serbischer Kultur einzuladen, das im Rahmen des Serbischen Zentrums (Lindengasse 61-63, Wien) am 16. September 2023 stattfinden wird. Dieses besondere Programm erm\u00f6glicht es Ihnen, in die zauberhafte Welt der serbischen Kunst mithilfe von VR-Brillen einzutauchen und einen 360-Grad-Blick auf Poesie, Szenen, Tanz, Schauspiel, Lieder und andere Kunstwerke zu erleben, die von den Mitgliedern des Serbischen Zentrums vorbereitet wurden.&#13;\n<\/p>\n\n<p>Unsere immersive Installation wird es Ihnen erm\u00f6glichen, sich zu f\u00fchlen, als w\u00e4ren Sie ein Teil der Kunstwerke selbst, und Sie k\u00f6nnen jeden Aspekt und die Tiefe der serbischen Kunst erkunden. Ob Sie Kunstliebhaber sind oder einfach nur die serbische Kultur auf neue Weise kennenlernen m\u00f6chten, dieses Erlebnis kann Sie faszinieren und inspirieren.<\/p>\n\n<p>Schlie\u00dfen Sie sich uns am 16. September 2023 an und lassen Sie sich von der VR-Technologie auf eine Reise durch die serbische Kultur wie nie zuvor mitnehmen. Wir erwarten Sie gespannt und freuen uns darauf, gemeinsam die Horizonte der serbischen Kunst zu erweitern.<\/p>\n\n<figure class=\"wp-block-image size-large\"><img fetchpriority=\"high\" decoding=\"async\" width=\"1024\" height=\"506\" src=\"https:\/\/serbischeszentrum.at\/wp-content\/uploads\/2023\/09\/vr2-1024x506.png\" alt=\"\" class=\"wp-image-17966\" srcset=\"https:\/\/serbischeszentrum.at\/wp-content\/uploads\/2023\/09\/vr2-1024x506.png 1024w, https:\/\/serbischeszentrum.at\/wp-content\/uploads\/2023\/09\/vr2-300x148.png 300w, https:\/\/serbischeszentrum.at\/wp-content\/uploads\/2023\/09\/vr2-768x379.png 768w, https:\/\/serbischeszentrum.at\/wp-content\/uploads\/2023\/09\/vr2-1536x759.png 1536w, https:\/\/serbischeszentrum.at\/wp-content\/uploads\/2023\/09\/vr2-2048x1012.png 2048w\" sizes=\"(max-width: 1024px) 100vw, 1024px\" \/><\/figure>\n","protected":false},"excerpt":{"rendered":"<p>Wir haben das Vergn\u00fcgen, Sie zu einem unvergesslichen Erlebnis serbischer Kultur einzuladen, das im Rahmen des Serbischen Zentrums (Lindengasse 61-63, Wien) am 16. September 2023 stattfinden wird. Dieses besondere Programm erm\u00f6glicht es Ihnen, in die zauberhafte Welt der serbischen Kunst mithilfe von VR-Brillen einzutauchen und einen 360-Grad-Blick auf Poesie, Szenen, Tanz, Schauspiel, Lieder und andere Kunstwerke zu erleben, die von den Mitgliedern des Serbischen Zentrums vorbereitet wurden.<\/p>\n","protected":false},"author":4,"featured_media":17963,"comment_status":"open","ping_status":"open","sticky":false,"template":"","format":"standard","meta":{"_acf_changed":false,"footnotes":""},"categories":[41],"tags":[],"class_list":["post-17970","post","type-post","status-publish","format-standard","has-post-thumbnail","hentry","category-ereignisse"],"acf":[],"yoast_head":"<!-- This site is optimized with the Yoast SEO plugin v27.4 - https:\/\/yoast.com\/product\/yoast-seo-wordpress\/ -->\n<title>Ausstellung durch Virtual Reality - Srpski centar<\/title>\n<meta name=\"robots\" content=\"index, follow, max-snippet:-1, max-image-preview:large, max-video-preview:-1\" \/>\n<link rel=\"canonical\" href=\"https:\/\/serbischeszentrum.at\/de\/ausstellung-durch-virtual-reality\/\" \/>\n<meta property=\"og:locale\" content=\"de_DE\" \/>\n<meta property=\"og:type\" content=\"article\" \/>\n<meta property=\"og:title\" content=\"Ausstellung durch Virtual Reality - Srpski centar\" \/>\n<meta property=\"og:description\" content=\"Wir haben das Vergn\u00fcgen, Sie zu einem unvergesslichen Erlebnis serbischer Kultur einzuladen, das im Rahmen des Serbischen Zentrums (Lindengasse 61-63, Wien) am 16. September 2023 stattfinden wird. Dieses besondere Programm erm\u00f6glicht es Ihnen, in die zauberhafte Welt der serbischen Kunst mithilfe von VR-Brillen einzutauchen und einen 360-Grad-Blick auf Poesie, Szenen, Tanz, Schauspiel, Lieder und andere Kunstwerke zu erleben, die von den Mitgliedern des Serbischen Zentrums vorbereitet wurden.\" \/>\n<meta property=\"og:url\" content=\"https:\/\/serbischeszentrum.at\/de\/ausstellung-durch-virtual-reality\/\" \/>\n<meta property=\"og:site_name\" content=\"Srpski centar\" \/>\n<meta property=\"article:publisher\" content=\"https:\/\/www.facebook.com\/serbischeszentrum\" \/>\n<meta property=\"article:published_time\" content=\"2023-09-05T13:36:57+00:00\" \/>\n<meta property=\"article:modified_time\" content=\"2023-09-20T16:59:44+00:00\" \/>\n<meta property=\"og:image\" content=\"https:\/\/serbischeszentrum.at\/wp-content\/uploads\/2023\/09\/vr1-scaled-e1694439352819.jpg\" \/>\n\t<meta property=\"og:image:width\" content=\"2560\" \/>\n\t<meta property=\"og:image:height\" content=\"1364\" \/>\n\t<meta property=\"og:image:type\" content=\"image\/jpeg\" \/>\n<meta name=\"author\" content=\"Srpski Centar\" \/>\n<meta name=\"twitter:card\" content=\"summary_large_image\" \/>\n<meta name=\"twitter:label1\" content=\"Verfasst von\" \/>\n\t<meta name=\"twitter:data1\" content=\"Srpski Centar\" \/>\n\t<meta name=\"twitter:label2\" content=\"Gesch\u00e4tzte Lesezeit\" \/>\n\t<meta name=\"twitter:data2\" content=\"1\u00a0Minute\" \/>\n<script type=\"application\/ld+json\" class=\"yoast-schema-graph\">{\"@context\":\"https:\\\/\\\/schema.org\",\"@graph\":[{\"@type\":\"Article\",\"@id\":\"https:\\\/\\\/serbischeszentrum.at\\\/de\\\/ausstellung-durch-virtual-reality\\\/#article\",\"isPartOf\":{\"@id\":\"https:\\\/\\\/serbischeszentrum.at\\\/de\\\/ausstellung-durch-virtual-reality\\\/\"},\"author\":{\"name\":\"Srpski Centar\",\"@id\":\"https:\\\/\\\/serbischeszentrum.at\\\/de\\\/#\\\/schema\\\/person\\\/be01c441f818a4b25a16c206ccac7e38\"},\"headline\":\"Ausstellung durch Virtual Reality\",\"datePublished\":\"2023-09-05T13:36:57+00:00\",\"dateModified\":\"2023-09-20T16:59:44+00:00\",\"mainEntityOfPage\":{\"@id\":\"https:\\\/\\\/serbischeszentrum.at\\\/de\\\/ausstellung-durch-virtual-reality\\\/\"},\"wordCount\":170,\"commentCount\":0,\"publisher\":{\"@id\":\"https:\\\/\\\/serbischeszentrum.at\\\/de\\\/#organization\"},\"image\":{\"@id\":\"https:\\\/\\\/serbischeszentrum.at\\\/de\\\/ausstellung-durch-virtual-reality\\\/#primaryimage\"},\"thumbnailUrl\":\"https:\\\/\\\/serbischeszentrum.at\\\/wp-content\\\/uploads\\\/2023\\\/09\\\/vr1-scaled-e1694439352819.jpg\",\"articleSection\":[\"Ereignisse\"],\"inLanguage\":\"de\",\"potentialAction\":[{\"@type\":\"CommentAction\",\"name\":\"Comment\",\"target\":[\"https:\\\/\\\/serbischeszentrum.at\\\/de\\\/ausstellung-durch-virtual-reality\\\/#respond\"]}]},{\"@type\":\"WebPage\",\"@id\":\"https:\\\/\\\/serbischeszentrum.at\\\/de\\\/ausstellung-durch-virtual-reality\\\/\",\"url\":\"https:\\\/\\\/serbischeszentrum.at\\\/de\\\/ausstellung-durch-virtual-reality\\\/\",\"name\":\"Ausstellung durch Virtual Reality - Srpski centar\",\"isPartOf\":{\"@id\":\"https:\\\/\\\/serbischeszentrum.at\\\/de\\\/#website\"},\"primaryImageOfPage\":{\"@id\":\"https:\\\/\\\/serbischeszentrum.at\\\/de\\\/ausstellung-durch-virtual-reality\\\/#primaryimage\"},\"image\":{\"@id\":\"https:\\\/\\\/serbischeszentrum.at\\\/de\\\/ausstellung-durch-virtual-reality\\\/#primaryimage\"},\"thumbnailUrl\":\"https:\\\/\\\/serbischeszentrum.at\\\/wp-content\\\/uploads\\\/2023\\\/09\\\/vr1-scaled-e1694439352819.jpg\",\"datePublished\":\"2023-09-05T13:36:57+00:00\",\"dateModified\":\"2023-09-20T16:59:44+00:00\",\"breadcrumb\":{\"@id\":\"https:\\\/\\\/serbischeszentrum.at\\\/de\\\/ausstellung-durch-virtual-reality\\\/#breadcrumb\"},\"inLanguage\":\"de\",\"potentialAction\":[{\"@type\":\"ReadAction\",\"target\":[\"https:\\\/\\\/serbischeszentrum.at\\\/de\\\/ausstellung-durch-virtual-reality\\\/\"]}]},{\"@type\":\"ImageObject\",\"inLanguage\":\"de\",\"@id\":\"https:\\\/\\\/serbischeszentrum.at\\\/de\\\/ausstellung-durch-virtual-reality\\\/#primaryimage\",\"url\":\"https:\\\/\\\/serbischeszentrum.at\\\/wp-content\\\/uploads\\\/2023\\\/09\\\/vr1-scaled-e1694439352819.jpg\",\"contentUrl\":\"https:\\\/\\\/serbischeszentrum.at\\\/wp-content\\\/uploads\\\/2023\\\/09\\\/vr1-scaled-e1694439352819.jpg\",\"width\":2560,\"height\":1364},{\"@type\":\"BreadcrumbList\",\"@id\":\"https:\\\/\\\/serbischeszentrum.at\\\/de\\\/ausstellung-durch-virtual-reality\\\/#breadcrumb\",\"itemListElement\":[{\"@type\":\"ListItem\",\"position\":1,\"name\":\"Home\",\"item\":\"https:\\\/\\\/serbischeszentrum.at\\\/de\\\/\"},{\"@type\":\"ListItem\",\"position\":2,\"name\":\"Ausstellung durch Virtual Reality\"}]},{\"@type\":\"WebSite\",\"@id\":\"https:\\\/\\\/serbischeszentrum.at\\\/de\\\/#website\",\"url\":\"https:\\\/\\\/serbischeszentrum.at\\\/de\\\/\",\"name\":\"Srpski centar\",\"description\":\"Platforma dru\u0161tvenih i kulturnih inicijativa\",\"publisher\":{\"@id\":\"https:\\\/\\\/serbischeszentrum.at\\\/de\\\/#organization\"},\"potentialAction\":[{\"@type\":\"SearchAction\",\"target\":{\"@type\":\"EntryPoint\",\"urlTemplate\":\"https:\\\/\\\/serbischeszentrum.at\\\/de\\\/?s={search_term_string}\"},\"query-input\":{\"@type\":\"PropertyValueSpecification\",\"valueRequired\":true,\"valueName\":\"search_term_string\"}}],\"inLanguage\":\"de\"},{\"@type\":\"Organization\",\"@id\":\"https:\\\/\\\/serbischeszentrum.at\\\/de\\\/#organization\",\"name\":\"Serbishes Zentrum\",\"alternateName\":\"Srpski Centar\",\"url\":\"https:\\\/\\\/serbischeszentrum.at\\\/de\\\/\",\"logo\":{\"@type\":\"ImageObject\",\"inLanguage\":\"de\",\"@id\":\"https:\\\/\\\/serbischeszentrum.at\\\/de\\\/#\\\/schema\\\/logo\\\/image\\\/\",\"url\":\"https:\\\/\\\/serbischeszentrum.at\\\/wp-content\\\/uploads\\\/2022\\\/09\\\/srpski-centar-logo-kruzni.jpg\",\"contentUrl\":\"https:\\\/\\\/serbischeszentrum.at\\\/wp-content\\\/uploads\\\/2022\\\/09\\\/srpski-centar-logo-kruzni.jpg\",\"width\":1000,\"height\":1000,\"caption\":\"Serbishes Zentrum\"},\"image\":{\"@id\":\"https:\\\/\\\/serbischeszentrum.at\\\/de\\\/#\\\/schema\\\/logo\\\/image\\\/\"},\"sameAs\":[\"https:\\\/\\\/www.facebook.com\\\/serbischeszentrum\",\"https:\\\/\\\/www.instagram.com\\\/serbischeszentrum\\\/\"]},{\"@type\":\"Person\",\"@id\":\"https:\\\/\\\/serbischeszentrum.at\\\/de\\\/#\\\/schema\\\/person\\\/be01c441f818a4b25a16c206ccac7e38\",\"name\":\"Srpski Centar\",\"image\":{\"@type\":\"ImageObject\",\"inLanguage\":\"de\",\"@id\":\"https:\\\/\\\/secure.gravatar.com\\\/avatar\\\/60c9d36e595b167fba91ae0df2220cd40fc459fe63837eeb77a264740307ceb7?s=96&d=mm&r=g\",\"url\":\"https:\\\/\\\/secure.gravatar.com\\\/avatar\\\/60c9d36e595b167fba91ae0df2220cd40fc459fe63837eeb77a264740307ceb7?s=96&d=mm&r=g\",\"contentUrl\":\"https:\\\/\\\/secure.gravatar.com\\\/avatar\\\/60c9d36e595b167fba91ae0df2220cd40fc459fe63837eeb77a264740307ceb7?s=96&d=mm&r=g\",\"caption\":\"Srpski Centar\"},\"url\":\"https:\\\/\\\/serbischeszentrum.at\\\/de\\\/author\\\/srpski-centar\\\/\"}]}<\/script>\n<!-- \/ Yoast SEO plugin. -->","yoast_head_json":{"title":"Ausstellung durch Virtual Reality - Srpski centar","robots":{"index":"index","follow":"follow","max-snippet":"max-snippet:-1","max-image-preview":"max-image-preview:large","max-video-preview":"max-video-preview:-1"},"canonical":"https:\/\/serbischeszentrum.at\/de\/ausstellung-durch-virtual-reality\/","og_locale":"de_DE","og_type":"article","og_title":"Ausstellung durch Virtual Reality - Srpski centar","og_description":"Wir haben das Vergn\u00fcgen, Sie zu einem unvergesslichen Erlebnis serbischer Kultur einzuladen, das im Rahmen des Serbischen Zentrums (Lindengasse 61-63, Wien) am 16. September 2023 stattfinden wird. Dieses besondere Programm erm\u00f6glicht es Ihnen, in die zauberhafte Welt der serbischen Kunst mithilfe von VR-Brillen einzutauchen und einen 360-Grad-Blick auf Poesie, Szenen, Tanz, Schauspiel, Lieder und andere Kunstwerke zu erleben, die von den Mitgliedern des Serbischen Zentrums vorbereitet wurden.","og_url":"https:\/\/serbischeszentrum.at\/de\/ausstellung-durch-virtual-reality\/","og_site_name":"Srpski centar","article_publisher":"https:\/\/www.facebook.com\/serbischeszentrum","article_published_time":"2023-09-05T13:36:57+00:00","article_modified_time":"2023-09-20T16:59:44+00:00","og_image":[{"width":2560,"height":1364,"url":"https:\/\/serbischeszentrum.at\/wp-content\/uploads\/2023\/09\/vr1-scaled-e1694439352819.jpg","type":"image\/jpeg"}],"author":"Srpski Centar","twitter_card":"summary_large_image","twitter_misc":{"Verfasst von":"Srpski Centar","Gesch\u00e4tzte Lesezeit":"1\u00a0Minute"},"schema":{"@context":"https:\/\/schema.org","@graph":[{"@type":"Article","@id":"https:\/\/serbischeszentrum.at\/de\/ausstellung-durch-virtual-reality\/#article","isPartOf":{"@id":"https:\/\/serbischeszentrum.at\/de\/ausstellung-durch-virtual-reality\/"},"author":{"name":"Srpski Centar","@id":"https:\/\/serbischeszentrum.at\/de\/#\/schema\/person\/be01c441f818a4b25a16c206ccac7e38"},"headline":"Ausstellung durch Virtual Reality","datePublished":"2023-09-05T13:36:57+00:00","dateModified":"2023-09-20T16:59:44+00:00","mainEntityOfPage":{"@id":"https:\/\/serbischeszentrum.at\/de\/ausstellung-durch-virtual-reality\/"},"wordCount":170,"commentCount":0,"publisher":{"@id":"https:\/\/serbischeszentrum.at\/de\/#organization"},"image":{"@id":"https:\/\/serbischeszentrum.at\/de\/ausstellung-durch-virtual-reality\/#primaryimage"},"thumbnailUrl":"https:\/\/serbischeszentrum.at\/wp-content\/uploads\/2023\/09\/vr1-scaled-e1694439352819.jpg","articleSection":["Ereignisse"],"inLanguage":"de","potentialAction":[{"@type":"CommentAction","name":"Comment","target":["https:\/\/serbischeszentrum.at\/de\/ausstellung-durch-virtual-reality\/#respond"]}]},{"@type":"WebPage","@id":"https:\/\/serbischeszentrum.at\/de\/ausstellung-durch-virtual-reality\/","url":"https:\/\/serbischeszentrum.at\/de\/ausstellung-durch-virtual-reality\/","name":"Ausstellung durch Virtual Reality - Srpski centar","isPartOf":{"@id":"https:\/\/serbischeszentrum.at\/de\/#website"},"primaryImageOfPage":{"@id":"https:\/\/serbischeszentrum.at\/de\/ausstellung-durch-virtual-reality\/#primaryimage"},"image":{"@id":"https:\/\/serbischeszentrum.at\/de\/ausstellung-durch-virtual-reality\/#primaryimage"},"thumbnailUrl":"https:\/\/serbischeszentrum.at\/wp-content\/uploads\/2023\/09\/vr1-scaled-e1694439352819.jpg","datePublished":"2023-09-05T13:36:57+00:00","dateModified":"2023-09-20T16:59:44+00:00","breadcrumb":{"@id":"https:\/\/serbischeszentrum.at\/de\/ausstellung-durch-virtual-reality\/#breadcrumb"},"inLanguage":"de","potentialAction":[{"@type":"ReadAction","target":["https:\/\/serbischeszentrum.at\/de\/ausstellung-durch-virtual-reality\/"]}]},{"@type":"ImageObject","inLanguage":"de","@id":"https:\/\/serbischeszentrum.at\/de\/ausstellung-durch-virtual-reality\/#primaryimage","url":"https:\/\/serbischeszentrum.at\/wp-content\/uploads\/2023\/09\/vr1-scaled-e1694439352819.jpg","contentUrl":"https:\/\/serbischeszentrum.at\/wp-content\/uploads\/2023\/09\/vr1-scaled-e1694439352819.jpg","width":2560,"height":1364},{"@type":"BreadcrumbList","@id":"https:\/\/serbischeszentrum.at\/de\/ausstellung-durch-virtual-reality\/#breadcrumb","itemListElement":[{"@type":"ListItem","position":1,"name":"Home","item":"https:\/\/serbischeszentrum.at\/de\/"},{"@type":"ListItem","position":2,"name":"Ausstellung durch Virtual Reality"}]},{"@type":"WebSite","@id":"https:\/\/serbischeszentrum.at\/de\/#website","url":"https:\/\/serbischeszentrum.at\/de\/","name":"Srpski centar","description":"Platforma dru\u0161tvenih i kulturnih inicijativa","publisher":{"@id":"https:\/\/serbischeszentrum.at\/de\/#organization"},"potentialAction":[{"@type":"SearchAction","target":{"@type":"EntryPoint","urlTemplate":"https:\/\/serbischeszentrum.at\/de\/?s={search_term_string}"},"query-input":{"@type":"PropertyValueSpecification","valueRequired":true,"valueName":"search_term_string"}}],"inLanguage":"de"},{"@type":"Organization","@id":"https:\/\/serbischeszentrum.at\/de\/#organization","name":"Serbishes Zentrum","alternateName":"Srpski Centar","url":"https:\/\/serbischeszentrum.at\/de\/","logo":{"@type":"ImageObject","inLanguage":"de","@id":"https:\/\/serbischeszentrum.at\/de\/#\/schema\/logo\/image\/","url":"https:\/\/serbischeszentrum.at\/wp-content\/uploads\/2022\/09\/srpski-centar-logo-kruzni.jpg","contentUrl":"https:\/\/serbischeszentrum.at\/wp-content\/uploads\/2022\/09\/srpski-centar-logo-kruzni.jpg","width":1000,"height":1000,"caption":"Serbishes Zentrum"},"image":{"@id":"https:\/\/serbischeszentrum.at\/de\/#\/schema\/logo\/image\/"},"sameAs":["https:\/\/www.facebook.com\/serbischeszentrum","https:\/\/www.instagram.com\/serbischeszentrum\/"]},{"@type":"Person","@id":"https:\/\/serbischeszentrum.at\/de\/#\/schema\/person\/be01c441f818a4b25a16c206ccac7e38","name":"Srpski Centar","image":{"@type":"ImageObject","inLanguage":"de","@id":"https:\/\/secure.gravatar.com\/avatar\/60c9d36e595b167fba91ae0df2220cd40fc459fe63837eeb77a264740307ceb7?s=96&d=mm&r=g","url":"https:\/\/secure.gravatar.com\/avatar\/60c9d36e595b167fba91ae0df2220cd40fc459fe63837eeb77a264740307ceb7?s=96&d=mm&r=g","contentUrl":"https:\/\/secure.gravatar.com\/avatar\/60c9d36e595b167fba91ae0df2220cd40fc459fe63837eeb77a264740307ceb7?s=96&d=mm&r=g","caption":"Srpski Centar"},"url":"https:\/\/serbischeszentrum.at\/de\/author\/srpski-centar\/"}]}},"_links":{"self":[{"href":"https:\/\/serbischeszentrum.at\/de\/wp-json\/wp\/v2\/posts\/17970","targetHints":{"allow":["GET"]}}],"collection":[{"href":"https:\/\/serbischeszentrum.at\/de\/wp-json\/wp\/v2\/posts"}],"about":[{"href":"https:\/\/serbischeszentrum.at\/de\/wp-json\/wp\/v2\/types\/post"}],"author":[{"embeddable":true,"href":"https:\/\/serbischeszentrum.at\/de\/wp-json\/wp\/v2\/users\/4"}],"replies":[{"embeddable":true,"href":"https:\/\/serbischeszentrum.at\/de\/wp-json\/wp\/v2\/comments?post=17970"}],"version-history":[{"count":0,"href":"https:\/\/serbischeszentrum.at\/de\/wp-json\/wp\/v2\/posts\/17970\/revisions"}],"wp:featuredmedia":[{"embeddable":true,"href":"https:\/\/serbischeszentrum.at\/de\/wp-json\/wp\/v2\/media\/17963"}],"wp:attachment":[{"href":"https:\/\/serbischeszentrum.at\/de\/wp-json\/wp\/v2\/media?parent=17970"}],"wp:term":[{"taxonomy":"category","embeddable":true,"href":"https:\/\/serbischeszentrum.at\/de\/wp-json\/wp\/v2\/categories?post=17970"},{"taxonomy":"post_tag","embeddable":true,"href":"https:\/\/serbischeszentrum.at\/de\/wp-json\/wp\/v2\/tags?post=17970"}],"curies":[{"name":"wp","href":"https:\/\/api.w.org\/{rel}","templated":true}]}}