{"id":17808,"date":"2023-04-18T17:16:23","date_gmt":"2023-04-18T17:16:23","guid":{"rendered":"https:\/\/serbischeszentrum.at\/humetnost-2023\/"},"modified":"2023-10-25T16:36:17","modified_gmt":"2023-10-25T16:36:17","slug":"humetnost-2023","status":"publish","type":"post","link":"https:\/\/serbischeszentrum.at\/de\/humetnost-2023\/","title":{"rendered":"Humetnost 2023"},"content":{"rendered":"\n<p>Das Serbische Zentrum organisiert auch dieses Jahr sein humanit\u00e4res Projekt Humetnost. Das Ziel dieser Veranstaltung ist erneut die Sammlung von finanziellen Mitteln f\u00fcr Kinder und Jugendliche aus dem Kosovo und Metochien. \r\n<\/p>\n\n\n\n<p>Die Veranstaltung Humetnost 2023 wird im Zuge des Projekts Kinderfreude organisiert und mit den an diesem Tag gesammelten Spenden soll ausschlie\u00dflich den j\u00fcngsten Bewohnerinnen und Bewohnern in Kosovo und Metochien geholfen werden. <\/p>\n\n\n\n<p>Das Ziel der Veranstaltung ist es einerseits den G\u00e4sten aufzuzeigen, mit welchen Herausforderungen Kinder und Jugendliche in Kosovo und Metochien zu k\u00e4mpfen haben und andererseits Spenden zu sammeln, mit denen das Serbische Zentrum die j\u00fcngsten Bewohner in der Region unterst\u00fctzen m\u00f6chte, einen Teil dieser Herausforderungen zu bew\u00e4ltigen.<\/p>\n\n\n\n<p> Auch dieses Jahr wird Humetnost 2023 eine Vielzahl an Kindern versammeln, die aktiv an dieser Veranstaltung teilnehmen und zu einem besonderen Abend machen werden. Die teilnehmenden Kinder werden auch ein deutliches Zeichen an ihre gleichaltrigen Freunde senden, dass diese nicht allein sind und auf ihre Unterst\u00fctzung z\u00e4hlen k\u00f6nnen. Neben dem Serbischen Zentrum werden sich erneut viele weitere Vereine an der Organisation dieser Veranstaltung beteiligen, um sie zu etwas ganz Besonderem zu machen.<\/p>\n\n\n\n<p> Die gesamten gesammelten Mittel werden anschlie\u00dfend pers\u00f6nlich durch Mitglieder des Serbischen Zentrums an Kinder und Jugendlichen in Kosovska Mitrovica \u00fcbergeben.<\/p>\n","protected":false},"excerpt":{"rendered":"<p>Das Serbische Zentrum organisiert auch dieses Jahr sein humanit\u00e4res Projekt Humetnost.<\/p>\n","protected":false},"author":1,"featured_media":17805,"comment_status":"open","ping_status":"open","sticky":false,"template":"","format":"standard","meta":{"_acf_changed":false,"footnotes":""},"categories":[41,40],"tags":[],"class_list":["post-17808","post","type-post","status-publish","format-standard","has-post-thumbnail","hentry","category-ereignisse","category-wohltatige-arbeit"],"acf":[],"yoast_head":"<!-- This site is optimized with the Yoast SEO plugin v27.4 - https:\/\/yoast.com\/product\/yoast-seo-wordpress\/ -->\n<title>Humetnost 2023<\/title>\n<meta name=\"description\" content=\"Das Serbische Zentrum organisiert auch dieses Jahr sein humanit\u00e4res Projekt Humetnost.\" \/>\n<meta name=\"robots\" content=\"index, follow, max-snippet:-1, max-image-preview:large, max-video-preview:-1\" \/>\n<link rel=\"canonical\" href=\"https:\/\/serbischeszentrum.at\/de\/humetnost-2023\/\" \/>\n<meta property=\"og:locale\" content=\"de_DE\" \/>\n<meta property=\"og:type\" content=\"article\" \/>\n<meta property=\"og:title\" content=\"Humetnost 2023\" \/>\n<meta property=\"og:description\" content=\"Das Serbische Zentrum organisiert auch dieses Jahr sein humanit\u00e4res Projekt Humetnost.\" \/>\n<meta property=\"og:url\" content=\"https:\/\/serbischeszentrum.at\/de\/humetnost-2023\/\" \/>\n<meta property=\"og:site_name\" content=\"Srpski centar\" \/>\n<meta property=\"article:publisher\" content=\"https:\/\/www.facebook.com\/serbischeszentrum\" \/>\n<meta property=\"article:published_time\" content=\"2023-04-18T17:16:23+00:00\" \/>\n<meta property=\"article:modified_time\" content=\"2023-10-25T16:36:17+00:00\" \/>\n<meta property=\"og:image\" content=\"https:\/\/serbischeszentrum.at\/wp-content\/uploads\/2023\/04\/humetnost-2.jpeg\" \/>\n\t<meta property=\"og:image:width\" content=\"1080\" \/>\n\t<meta property=\"og:image:height\" content=\"1080\" \/>\n\t<meta property=\"og:image:type\" content=\"image\/jpeg\" \/>\n<meta name=\"author\" content=\"Jovan\" \/>\n<meta name=\"twitter:card\" content=\"summary_large_image\" \/>\n<meta name=\"twitter:label1\" content=\"Verfasst von\" \/>\n\t<meta name=\"twitter:data1\" content=\"Jovan\" \/>\n\t<meta name=\"twitter:label2\" content=\"Gesch\u00e4tzte Lesezeit\" \/>\n\t<meta name=\"twitter:data2\" content=\"1\u00a0Minute\" \/>\n<script type=\"application\/ld+json\" class=\"yoast-schema-graph\">{\"@context\":\"https:\\\/\\\/schema.org\",\"@graph\":[{\"@type\":\"Article\",\"@id\":\"https:\\\/\\\/serbischeszentrum.at\\\/de\\\/humetnost-2023\\\/#article\",\"isPartOf\":{\"@id\":\"https:\\\/\\\/serbischeszentrum.at\\\/de\\\/humetnost-2023\\\/\"},\"author\":{\"name\":\"Jovan\",\"@id\":\"https:\\\/\\\/serbischeszentrum.at\\\/de\\\/#\\\/schema\\\/person\\\/8e729006f685e411cdc165f7963682e4\"},\"headline\":\"Humetnost 2023\",\"datePublished\":\"2023-04-18T17:16:23+00:00\",\"dateModified\":\"2023-10-25T16:36:17+00:00\",\"mainEntityOfPage\":{\"@id\":\"https:\\\/\\\/serbischeszentrum.at\\\/de\\\/humetnost-2023\\\/\"},\"wordCount\":216,\"commentCount\":0,\"publisher\":{\"@id\":\"https:\\\/\\\/serbischeszentrum.at\\\/de\\\/#organization\"},\"image\":{\"@id\":\"https:\\\/\\\/serbischeszentrum.at\\\/de\\\/humetnost-2023\\\/#primaryimage\"},\"thumbnailUrl\":\"https:\\\/\\\/serbischeszentrum.at\\\/wp-content\\\/uploads\\\/2023\\\/04\\\/humetnost-2.jpeg\",\"articleSection\":[\"Ereignisse\",\"Wohlt\u00e4tige Arbeit\"],\"inLanguage\":\"de\",\"potentialAction\":[{\"@type\":\"CommentAction\",\"name\":\"Comment\",\"target\":[\"https:\\\/\\\/serbischeszentrum.at\\\/de\\\/humetnost-2023\\\/#respond\"]}]},{\"@type\":\"WebPage\",\"@id\":\"https:\\\/\\\/serbischeszentrum.at\\\/de\\\/humetnost-2023\\\/\",\"url\":\"https:\\\/\\\/serbischeszentrum.at\\\/de\\\/humetnost-2023\\\/\",\"name\":\"Humetnost 2023\",\"isPartOf\":{\"@id\":\"https:\\\/\\\/serbischeszentrum.at\\\/de\\\/#website\"},\"primaryImageOfPage\":{\"@id\":\"https:\\\/\\\/serbischeszentrum.at\\\/de\\\/humetnost-2023\\\/#primaryimage\"},\"image\":{\"@id\":\"https:\\\/\\\/serbischeszentrum.at\\\/de\\\/humetnost-2023\\\/#primaryimage\"},\"thumbnailUrl\":\"https:\\\/\\\/serbischeszentrum.at\\\/wp-content\\\/uploads\\\/2023\\\/04\\\/humetnost-2.jpeg\",\"datePublished\":\"2023-04-18T17:16:23+00:00\",\"dateModified\":\"2023-10-25T16:36:17+00:00\",\"description\":\"Das Serbische Zentrum organisiert auch dieses Jahr sein humanit\u00e4res Projekt Humetnost.\",\"breadcrumb\":{\"@id\":\"https:\\\/\\\/serbischeszentrum.at\\\/de\\\/humetnost-2023\\\/#breadcrumb\"},\"inLanguage\":\"de\",\"potentialAction\":[{\"@type\":\"ReadAction\",\"target\":[\"https:\\\/\\\/serbischeszentrum.at\\\/de\\\/humetnost-2023\\\/\"]}]},{\"@type\":\"ImageObject\",\"inLanguage\":\"de\",\"@id\":\"https:\\\/\\\/serbischeszentrum.at\\\/de\\\/humetnost-2023\\\/#primaryimage\",\"url\":\"https:\\\/\\\/serbischeszentrum.at\\\/wp-content\\\/uploads\\\/2023\\\/04\\\/humetnost-2.jpeg\",\"contentUrl\":\"https:\\\/\\\/serbischeszentrum.at\\\/wp-content\\\/uploads\\\/2023\\\/04\\\/humetnost-2.jpeg\",\"width\":1080,\"height\":1080},{\"@type\":\"BreadcrumbList\",\"@id\":\"https:\\\/\\\/serbischeszentrum.at\\\/de\\\/humetnost-2023\\\/#breadcrumb\",\"itemListElement\":[{\"@type\":\"ListItem\",\"position\":1,\"name\":\"Home\",\"item\":\"https:\\\/\\\/serbischeszentrum.at\\\/de\\\/\"},{\"@type\":\"ListItem\",\"position\":2,\"name\":\"Humetnost 2023\"}]},{\"@type\":\"WebSite\",\"@id\":\"https:\\\/\\\/serbischeszentrum.at\\\/de\\\/#website\",\"url\":\"https:\\\/\\\/serbischeszentrum.at\\\/de\\\/\",\"name\":\"Srpski centar\",\"description\":\"Platforma dru\u0161tvenih i kulturnih inicijativa\",\"publisher\":{\"@id\":\"https:\\\/\\\/serbischeszentrum.at\\\/de\\\/#organization\"},\"potentialAction\":[{\"@type\":\"SearchAction\",\"target\":{\"@type\":\"EntryPoint\",\"urlTemplate\":\"https:\\\/\\\/serbischeszentrum.at\\\/de\\\/?s={search_term_string}\"},\"query-input\":{\"@type\":\"PropertyValueSpecification\",\"valueRequired\":true,\"valueName\":\"search_term_string\"}}],\"inLanguage\":\"de\"},{\"@type\":\"Organization\",\"@id\":\"https:\\\/\\\/serbischeszentrum.at\\\/de\\\/#organization\",\"name\":\"Serbishes Zentrum\",\"alternateName\":\"Srpski Centar\",\"url\":\"https:\\\/\\\/serbischeszentrum.at\\\/de\\\/\",\"logo\":{\"@type\":\"ImageObject\",\"inLanguage\":\"de\",\"@id\":\"https:\\\/\\\/serbischeszentrum.at\\\/de\\\/#\\\/schema\\\/logo\\\/image\\\/\",\"url\":\"https:\\\/\\\/serbischeszentrum.at\\\/wp-content\\\/uploads\\\/2022\\\/09\\\/srpski-centar-logo-kruzni.jpg\",\"contentUrl\":\"https:\\\/\\\/serbischeszentrum.at\\\/wp-content\\\/uploads\\\/2022\\\/09\\\/srpski-centar-logo-kruzni.jpg\",\"width\":1000,\"height\":1000,\"caption\":\"Serbishes Zentrum\"},\"image\":{\"@id\":\"https:\\\/\\\/serbischeszentrum.at\\\/de\\\/#\\\/schema\\\/logo\\\/image\\\/\"},\"sameAs\":[\"https:\\\/\\\/www.facebook.com\\\/serbischeszentrum\",\"https:\\\/\\\/www.instagram.com\\\/serbischeszentrum\\\/\"]},{\"@type\":\"Person\",\"@id\":\"https:\\\/\\\/serbischeszentrum.at\\\/de\\\/#\\\/schema\\\/person\\\/8e729006f685e411cdc165f7963682e4\",\"name\":\"Jovan\",\"image\":{\"@type\":\"ImageObject\",\"inLanguage\":\"de\",\"@id\":\"https:\\\/\\\/secure.gravatar.com\\\/avatar\\\/10370f1dc9d2d41dac697fdb1f91e164fb897f8db027d8028cc267128c7bcb61?s=96&d=mm&r=g\",\"url\":\"https:\\\/\\\/secure.gravatar.com\\\/avatar\\\/10370f1dc9d2d41dac697fdb1f91e164fb897f8db027d8028cc267128c7bcb61?s=96&d=mm&r=g\",\"contentUrl\":\"https:\\\/\\\/secure.gravatar.com\\\/avatar\\\/10370f1dc9d2d41dac697fdb1f91e164fb897f8db027d8028cc267128c7bcb61?s=96&d=mm&r=g\",\"caption\":\"Jovan\"},\"sameAs\":[\"https:\\\/\\\/serbischeszentrum.at\"],\"url\":\"https:\\\/\\\/serbischeszentrum.at\\\/de\\\/author\\\/admin\\\/\"}]}<\/script>\n<!-- \/ Yoast SEO plugin. -->","yoast_head_json":{"title":"Humetnost 2023","description":"Das Serbische Zentrum organisiert auch dieses Jahr sein humanit\u00e4res Projekt Humetnost.","robots":{"index":"index","follow":"follow","max-snippet":"max-snippet:-1","max-image-preview":"max-image-preview:large","max-video-preview":"max-video-preview:-1"},"canonical":"https:\/\/serbischeszentrum.at\/de\/humetnost-2023\/","og_locale":"de_DE","og_type":"article","og_title":"Humetnost 2023","og_description":"Das Serbische Zentrum organisiert auch dieses Jahr sein humanit\u00e4res Projekt Humetnost.","og_url":"https:\/\/serbischeszentrum.at\/de\/humetnost-2023\/","og_site_name":"Srpski centar","article_publisher":"https:\/\/www.facebook.com\/serbischeszentrum","article_published_time":"2023-04-18T17:16:23+00:00","article_modified_time":"2023-10-25T16:36:17+00:00","og_image":[{"width":1080,"height":1080,"url":"https:\/\/serbischeszentrum.at\/wp-content\/uploads\/2023\/04\/humetnost-2.jpeg","type":"image\/jpeg"}],"author":"Jovan","twitter_card":"summary_large_image","twitter_misc":{"Verfasst von":"Jovan","Gesch\u00e4tzte Lesezeit":"1\u00a0Minute"},"schema":{"@context":"https:\/\/schema.org","@graph":[{"@type":"Article","@id":"https:\/\/serbischeszentrum.at\/de\/humetnost-2023\/#article","isPartOf":{"@id":"https:\/\/serbischeszentrum.at\/de\/humetnost-2023\/"},"author":{"name":"Jovan","@id":"https:\/\/serbischeszentrum.at\/de\/#\/schema\/person\/8e729006f685e411cdc165f7963682e4"},"headline":"Humetnost 2023","datePublished":"2023-04-18T17:16:23+00:00","dateModified":"2023-10-25T16:36:17+00:00","mainEntityOfPage":{"@id":"https:\/\/serbischeszentrum.at\/de\/humetnost-2023\/"},"wordCount":216,"commentCount":0,"publisher":{"@id":"https:\/\/serbischeszentrum.at\/de\/#organization"},"image":{"@id":"https:\/\/serbischeszentrum.at\/de\/humetnost-2023\/#primaryimage"},"thumbnailUrl":"https:\/\/serbischeszentrum.at\/wp-content\/uploads\/2023\/04\/humetnost-2.jpeg","articleSection":["Ereignisse","Wohlt\u00e4tige Arbeit"],"inLanguage":"de","potentialAction":[{"@type":"CommentAction","name":"Comment","target":["https:\/\/serbischeszentrum.at\/de\/humetnost-2023\/#respond"]}]},{"@type":"WebPage","@id":"https:\/\/serbischeszentrum.at\/de\/humetnost-2023\/","url":"https:\/\/serbischeszentrum.at\/de\/humetnost-2023\/","name":"Humetnost 2023","isPartOf":{"@id":"https:\/\/serbischeszentrum.at\/de\/#website"},"primaryImageOfPage":{"@id":"https:\/\/serbischeszentrum.at\/de\/humetnost-2023\/#primaryimage"},"image":{"@id":"https:\/\/serbischeszentrum.at\/de\/humetnost-2023\/#primaryimage"},"thumbnailUrl":"https:\/\/serbischeszentrum.at\/wp-content\/uploads\/2023\/04\/humetnost-2.jpeg","datePublished":"2023-04-18T17:16:23+00:00","dateModified":"2023-10-25T16:36:17+00:00","description":"Das Serbische Zentrum organisiert auch dieses Jahr sein humanit\u00e4res Projekt Humetnost.","breadcrumb":{"@id":"https:\/\/serbischeszentrum.at\/de\/humetnost-2023\/#breadcrumb"},"inLanguage":"de","potentialAction":[{"@type":"ReadAction","target":["https:\/\/serbischeszentrum.at\/de\/humetnost-2023\/"]}]},{"@type":"ImageObject","inLanguage":"de","@id":"https:\/\/serbischeszentrum.at\/de\/humetnost-2023\/#primaryimage","url":"https:\/\/serbischeszentrum.at\/wp-content\/uploads\/2023\/04\/humetnost-2.jpeg","contentUrl":"https:\/\/serbischeszentrum.at\/wp-content\/uploads\/2023\/04\/humetnost-2.jpeg","width":1080,"height":1080},{"@type":"BreadcrumbList","@id":"https:\/\/serbischeszentrum.at\/de\/humetnost-2023\/#breadcrumb","itemListElement":[{"@type":"ListItem","position":1,"name":"Home","item":"https:\/\/serbischeszentrum.at\/de\/"},{"@type":"ListItem","position":2,"name":"Humetnost 2023"}]},{"@type":"WebSite","@id":"https:\/\/serbischeszentrum.at\/de\/#website","url":"https:\/\/serbischeszentrum.at\/de\/","name":"Srpski centar","description":"Platforma dru\u0161tvenih i kulturnih inicijativa","publisher":{"@id":"https:\/\/serbischeszentrum.at\/de\/#organization"},"potentialAction":[{"@type":"SearchAction","target":{"@type":"EntryPoint","urlTemplate":"https:\/\/serbischeszentrum.at\/de\/?s={search_term_string}"},"query-input":{"@type":"PropertyValueSpecification","valueRequired":true,"valueName":"search_term_string"}}],"inLanguage":"de"},{"@type":"Organization","@id":"https:\/\/serbischeszentrum.at\/de\/#organization","name":"Serbishes Zentrum","alternateName":"Srpski Centar","url":"https:\/\/serbischeszentrum.at\/de\/","logo":{"@type":"ImageObject","inLanguage":"de","@id":"https:\/\/serbischeszentrum.at\/de\/#\/schema\/logo\/image\/","url":"https:\/\/serbischeszentrum.at\/wp-content\/uploads\/2022\/09\/srpski-centar-logo-kruzni.jpg","contentUrl":"https:\/\/serbischeszentrum.at\/wp-content\/uploads\/2022\/09\/srpski-centar-logo-kruzni.jpg","width":1000,"height":1000,"caption":"Serbishes Zentrum"},"image":{"@id":"https:\/\/serbischeszentrum.at\/de\/#\/schema\/logo\/image\/"},"sameAs":["https:\/\/www.facebook.com\/serbischeszentrum","https:\/\/www.instagram.com\/serbischeszentrum\/"]},{"@type":"Person","@id":"https:\/\/serbischeszentrum.at\/de\/#\/schema\/person\/8e729006f685e411cdc165f7963682e4","name":"Jovan","image":{"@type":"ImageObject","inLanguage":"de","@id":"https:\/\/secure.gravatar.com\/avatar\/10370f1dc9d2d41dac697fdb1f91e164fb897f8db027d8028cc267128c7bcb61?s=96&d=mm&r=g","url":"https:\/\/secure.gravatar.com\/avatar\/10370f1dc9d2d41dac697fdb1f91e164fb897f8db027d8028cc267128c7bcb61?s=96&d=mm&r=g","contentUrl":"https:\/\/secure.gravatar.com\/avatar\/10370f1dc9d2d41dac697fdb1f91e164fb897f8db027d8028cc267128c7bcb61?s=96&d=mm&r=g","caption":"Jovan"},"sameAs":["https:\/\/serbischeszentrum.at"],"url":"https:\/\/serbischeszentrum.at\/de\/author\/admin\/"}]}},"_links":{"self":[{"href":"https:\/\/serbischeszentrum.at\/de\/wp-json\/wp\/v2\/posts\/17808","targetHints":{"allow":["GET"]}}],"collection":[{"href":"https:\/\/serbischeszentrum.at\/de\/wp-json\/wp\/v2\/posts"}],"about":[{"href":"https:\/\/serbischeszentrum.at\/de\/wp-json\/wp\/v2\/types\/post"}],"author":[{"embeddable":true,"href":"https:\/\/serbischeszentrum.at\/de\/wp-json\/wp\/v2\/users\/1"}],"replies":[{"embeddable":true,"href":"https:\/\/serbischeszentrum.at\/de\/wp-json\/wp\/v2\/comments?post=17808"}],"version-history":[{"count":0,"href":"https:\/\/serbischeszentrum.at\/de\/wp-json\/wp\/v2\/posts\/17808\/revisions"}],"wp:featuredmedia":[{"embeddable":true,"href":"https:\/\/serbischeszentrum.at\/de\/wp-json\/wp\/v2\/media\/17805"}],"wp:attachment":[{"href":"https:\/\/serbischeszentrum.at\/de\/wp-json\/wp\/v2\/media?parent=17808"}],"wp:term":[{"taxonomy":"category","embeddable":true,"href":"https:\/\/serbischeszentrum.at\/de\/wp-json\/wp\/v2\/categories?post=17808"},{"taxonomy":"post_tag","embeddable":true,"href":"https:\/\/serbischeszentrum.at\/de\/wp-json\/wp\/v2\/tags?post=17808"}],"curies":[{"name":"wp","href":"https:\/\/api.w.org\/{rel}","templated":true}]}}