{"id":17580,"date":"2022-11-25T08:20:24","date_gmt":"2022-11-25T08:20:24","guid":{"rendered":"https:\/\/serbischeszentrum.at\/24-savaball\/"},"modified":"2023-12-02T16:46:05","modified_gmt":"2023-12-02T16:46:05","slug":"24-savaball","status":"publish","type":"post","link":"https:\/\/serbischeszentrum.at\/de\/24-savaball\/","title":{"rendered":"24. Savaball"},"content":{"rendered":"\n<p>Nach einer zweij\u00e4hrigen, pandemiebedingten Unterbrechung, hat der Savaball die Location gewechselt und findet am 10.02.2023 zum ersten Mal in der Wiener Hofburg statt.<\/p>\n\n<p>Hier finden Sie die aktuellsten Informationen zum bevorstehenden 24. Savaball: <a href=\"https:\/\/savaball.at\/de\/aktuelles\/\">https:\/\/savaball.at\/de\/aktuelles\/<\/a>.<\/p>\n\n<p>Ballkarten k\u00f6nnen elektronisch \u00fcber die Ball-Website erworben werden: <a href=\"https:\/\/savaball.at\/de\/ballkarten\/\">https:\/\/savaball.at\/de\/ballkarten\/<\/a>.<\/p>\n\n<p>Bei Fragen zum Kartenvorverkauf sowie zu Tischreservierungen&#13;\nwenden Sie sich bitte an das Ballb\u00fcro:<\/p>\n\n<p>Srpski centar \u2013 Serbisches Zentrum<\/p>\n\n<p>E-Mail: tickets@savaball.at<\/p>\n\n<p>Telefon: +43 660 518 03 03 (10:00 \u2013 15:00)<\/p>\n\n<p>Telefon: +43 677 629 40 110 (15:00 \u2013 19:00)<\/p>\n\n<p>Das Ballb\u00fcro erreichen Sie telefonisch zu folgenden Zeiten: Montag bis Donnerstag: 10.00 bis 19.00 Uhr.<\/p>\n\n<p>Karten k\u00f6nnen auch im Ballb\u00fcro in den R\u00e4umlichkeiten des Serbischen Zentrums in der Lindengasse 61-63\/2\/V, 1070 Wien erworben werden.<\/p>\n\n<p>Der Kartenkauf ist zu folgenden Zeiten m\u00f6glich (nur Barzahlung):&#13;\n&#13;\nMittwoch: 16.00 bis 20.00 Uhr&#13;\n&#13;\nTelefon: +43 660 77 80 290.<\/p>\n\n<p> <\/p>\n\n<p>F\u00fcr den Erwerb von Eintrittskarten f\u00fcr Studenten (Jahrgang 1995 oder j\u00fcnger; Eintritt nur gegen Vorlage eines g\u00fcltigen Studierendenausweises m\u00f6glich) bitte die Studentenorganisationen OSSI-Wien (<a href=\"mailto:prijava@ossaw.at\">prijava@ossaw.at<\/a>) oder ASSA (<a href=\"mailto:info@assa-network.org\">info@assa-network.org<\/a>) per E-Mail kontaktieren.<\/p>\n\n<p> <\/p>\n\n<figure class=\"wp-block-image size-full\"><img fetchpriority=\"high\" decoding=\"async\" width=\"1200\" height=\"719\" src=\"https:\/\/serbischeszentrum.at\/wp-content\/uploads\/2022\/11\/Hofburg-sa-sajta.webp\" alt=\"\" class=\"wp-image-17567\" srcset=\"https:\/\/serbischeszentrum.at\/wp-content\/uploads\/2022\/11\/Hofburg-sa-sajta.webp 1200w, https:\/\/serbischeszentrum.at\/wp-content\/uploads\/2022\/11\/Hofburg-sa-sajta-300x180.webp 300w, https:\/\/serbischeszentrum.at\/wp-content\/uploads\/2022\/11\/Hofburg-sa-sajta-1024x614.webp 1024w, https:\/\/serbischeszentrum.at\/wp-content\/uploads\/2022\/11\/Hofburg-sa-sajta-768x460.webp 768w\" sizes=\"(max-width: 1200px) 100vw, 1200px\" \/><\/figure>\n","protected":false},"excerpt":{"rendered":"<p>Nach einer zweij\u00e4hrigen, pandemiebedingten Unterbrechung, hat der Savaball die Location gewechselt und findet am 10.02.2023 zum ersten Mal in der Wiener Hofburg statt.<\/p>\n","protected":false},"author":1,"featured_media":17573,"comment_status":"open","ping_status":"open","sticky":false,"template":"","format":"standard","meta":{"_acf_changed":false,"footnotes":""},"categories":[42],"tags":[],"class_list":["post-17580","post","type-post","status-publish","format-standard","has-post-thumbnail","hentry","category-savaball"],"acf":[],"yoast_head":"<!-- This site is optimized with the Yoast SEO plugin v27.4 - https:\/\/yoast.com\/product\/yoast-seo-wordpress\/ -->\n<title>24. Savaball<\/title>\n<meta name=\"description\" content=\"Nach einer zweij\u00e4hrigen, pandemiebedingten Unterbrechung, hat der Savaball die Location gewechselt und findet am 10.02.2023 zum ersten Mal in der Wiener Hofburg statt.\" \/>\n<meta name=\"robots\" content=\"index, follow, max-snippet:-1, max-image-preview:large, max-video-preview:-1\" \/>\n<link rel=\"canonical\" href=\"https:\/\/serbischeszentrum.at\/de\/24-savaball\/\" \/>\n<meta property=\"og:locale\" content=\"de_DE\" \/>\n<meta property=\"og:type\" content=\"article\" \/>\n<meta property=\"og:title\" content=\"24. Savaball\" \/>\n<meta property=\"og:description\" content=\"Nach einer zweij\u00e4hrigen, pandemiebedingten Unterbrechung, hat der Savaball die Location gewechselt und findet am 10.02.2023 zum ersten Mal in der Wiener Hofburg statt.\" \/>\n<meta property=\"og:url\" content=\"https:\/\/serbischeszentrum.at\/de\/24-savaball\/\" \/>\n<meta property=\"og:site_name\" content=\"Srpski centar\" \/>\n<meta property=\"article:publisher\" content=\"https:\/\/www.facebook.com\/serbischeszentrum\" \/>\n<meta property=\"article:published_time\" content=\"2022-11-25T08:20:24+00:00\" \/>\n<meta property=\"article:modified_time\" content=\"2023-12-02T16:46:05+00:00\" \/>\n<meta property=\"og:image\" content=\"https:\/\/serbischeszentrum.at\/wp-content\/uploads\/2022\/11\/Savaball-Assets.webp\" \/>\n\t<meta property=\"og:image:width\" content=\"1350\" \/>\n\t<meta property=\"og:image:height\" content=\"1080\" \/>\n\t<meta property=\"og:image:type\" content=\"image\/webp\" \/>\n<meta name=\"author\" content=\"Jovan\" \/>\n<meta name=\"twitter:card\" content=\"summary_large_image\" \/>\n<meta name=\"twitter:label1\" content=\"Verfasst von\" \/>\n\t<meta name=\"twitter:data1\" content=\"Jovan\" \/>\n\t<meta name=\"twitter:label2\" content=\"Gesch\u00e4tzte Lesezeit\" \/>\n\t<meta name=\"twitter:data2\" content=\"1\u00a0Minute\" \/>\n<script type=\"application\/ld+json\" class=\"yoast-schema-graph\">{\"@context\":\"https:\\\/\\\/schema.org\",\"@graph\":[{\"@type\":\"Article\",\"@id\":\"https:\\\/\\\/serbischeszentrum.at\\\/de\\\/24-savaball\\\/#article\",\"isPartOf\":{\"@id\":\"https:\\\/\\\/serbischeszentrum.at\\\/de\\\/24-savaball\\\/\"},\"author\":{\"name\":\"Jovan\",\"@id\":\"https:\\\/\\\/serbischeszentrum.at\\\/de\\\/#\\\/schema\\\/person\\\/8e729006f685e411cdc165f7963682e4\"},\"headline\":\"24. Savaball\",\"datePublished\":\"2022-11-25T08:20:24+00:00\",\"dateModified\":\"2023-12-02T16:46:05+00:00\",\"mainEntityOfPage\":{\"@id\":\"https:\\\/\\\/serbischeszentrum.at\\\/de\\\/24-savaball\\\/\"},\"wordCount\":165,\"commentCount\":0,\"publisher\":{\"@id\":\"https:\\\/\\\/serbischeszentrum.at\\\/de\\\/#organization\"},\"image\":{\"@id\":\"https:\\\/\\\/serbischeszentrum.at\\\/de\\\/24-savaball\\\/#primaryimage\"},\"thumbnailUrl\":\"https:\\\/\\\/serbischeszentrum.at\\\/wp-content\\\/uploads\\\/2022\\\/11\\\/Savaball-Assets.webp\",\"articleSection\":[\"Savaball\"],\"inLanguage\":\"de\",\"potentialAction\":[{\"@type\":\"CommentAction\",\"name\":\"Comment\",\"target\":[\"https:\\\/\\\/serbischeszentrum.at\\\/de\\\/24-savaball\\\/#respond\"]}]},{\"@type\":\"WebPage\",\"@id\":\"https:\\\/\\\/serbischeszentrum.at\\\/de\\\/24-savaball\\\/\",\"url\":\"https:\\\/\\\/serbischeszentrum.at\\\/de\\\/24-savaball\\\/\",\"name\":\"24. Savaball\",\"isPartOf\":{\"@id\":\"https:\\\/\\\/serbischeszentrum.at\\\/de\\\/#website\"},\"primaryImageOfPage\":{\"@id\":\"https:\\\/\\\/serbischeszentrum.at\\\/de\\\/24-savaball\\\/#primaryimage\"},\"image\":{\"@id\":\"https:\\\/\\\/serbischeszentrum.at\\\/de\\\/24-savaball\\\/#primaryimage\"},\"thumbnailUrl\":\"https:\\\/\\\/serbischeszentrum.at\\\/wp-content\\\/uploads\\\/2022\\\/11\\\/Savaball-Assets.webp\",\"datePublished\":\"2022-11-25T08:20:24+00:00\",\"dateModified\":\"2023-12-02T16:46:05+00:00\",\"description\":\"Nach einer zweij\u00e4hrigen, pandemiebedingten Unterbrechung, hat der Savaball die Location gewechselt und findet am 10.02.2023 zum ersten Mal in der Wiener Hofburg statt.\",\"breadcrumb\":{\"@id\":\"https:\\\/\\\/serbischeszentrum.at\\\/de\\\/24-savaball\\\/#breadcrumb\"},\"inLanguage\":\"de\",\"potentialAction\":[{\"@type\":\"ReadAction\",\"target\":[\"https:\\\/\\\/serbischeszentrum.at\\\/de\\\/24-savaball\\\/\"]}]},{\"@type\":\"ImageObject\",\"inLanguage\":\"de\",\"@id\":\"https:\\\/\\\/serbischeszentrum.at\\\/de\\\/24-savaball\\\/#primaryimage\",\"url\":\"https:\\\/\\\/serbischeszentrum.at\\\/wp-content\\\/uploads\\\/2022\\\/11\\\/Savaball-Assets.webp\",\"contentUrl\":\"https:\\\/\\\/serbischeszentrum.at\\\/wp-content\\\/uploads\\\/2022\\\/11\\\/Savaball-Assets.webp\",\"width\":1350,\"height\":1080,\"caption\":\"Savaball 2023 Hofburg Vienna\"},{\"@type\":\"BreadcrumbList\",\"@id\":\"https:\\\/\\\/serbischeszentrum.at\\\/de\\\/24-savaball\\\/#breadcrumb\",\"itemListElement\":[{\"@type\":\"ListItem\",\"position\":1,\"name\":\"Home\",\"item\":\"https:\\\/\\\/serbischeszentrum.at\\\/de\\\/\"},{\"@type\":\"ListItem\",\"position\":2,\"name\":\"24. Savaball\"}]},{\"@type\":\"WebSite\",\"@id\":\"https:\\\/\\\/serbischeszentrum.at\\\/de\\\/#website\",\"url\":\"https:\\\/\\\/serbischeszentrum.at\\\/de\\\/\",\"name\":\"Srpski centar\",\"description\":\"Platforma dru\u0161tvenih i kulturnih inicijativa\",\"publisher\":{\"@id\":\"https:\\\/\\\/serbischeszentrum.at\\\/de\\\/#organization\"},\"potentialAction\":[{\"@type\":\"SearchAction\",\"target\":{\"@type\":\"EntryPoint\",\"urlTemplate\":\"https:\\\/\\\/serbischeszentrum.at\\\/de\\\/?s={search_term_string}\"},\"query-input\":{\"@type\":\"PropertyValueSpecification\",\"valueRequired\":true,\"valueName\":\"search_term_string\"}}],\"inLanguage\":\"de\"},{\"@type\":\"Organization\",\"@id\":\"https:\\\/\\\/serbischeszentrum.at\\\/de\\\/#organization\",\"name\":\"Serbishes Zentrum\",\"alternateName\":\"Srpski Centar\",\"url\":\"https:\\\/\\\/serbischeszentrum.at\\\/de\\\/\",\"logo\":{\"@type\":\"ImageObject\",\"inLanguage\":\"de\",\"@id\":\"https:\\\/\\\/serbischeszentrum.at\\\/de\\\/#\\\/schema\\\/logo\\\/image\\\/\",\"url\":\"https:\\\/\\\/serbischeszentrum.at\\\/wp-content\\\/uploads\\\/2022\\\/09\\\/srpski-centar-logo-kruzni.jpg\",\"contentUrl\":\"https:\\\/\\\/serbischeszentrum.at\\\/wp-content\\\/uploads\\\/2022\\\/09\\\/srpski-centar-logo-kruzni.jpg\",\"width\":1000,\"height\":1000,\"caption\":\"Serbishes Zentrum\"},\"image\":{\"@id\":\"https:\\\/\\\/serbischeszentrum.at\\\/de\\\/#\\\/schema\\\/logo\\\/image\\\/\"},\"sameAs\":[\"https:\\\/\\\/www.facebook.com\\\/serbischeszentrum\",\"https:\\\/\\\/www.instagram.com\\\/serbischeszentrum\\\/\"]},{\"@type\":\"Person\",\"@id\":\"https:\\\/\\\/serbischeszentrum.at\\\/de\\\/#\\\/schema\\\/person\\\/8e729006f685e411cdc165f7963682e4\",\"name\":\"Jovan\",\"image\":{\"@type\":\"ImageObject\",\"inLanguage\":\"de\",\"@id\":\"https:\\\/\\\/secure.gravatar.com\\\/avatar\\\/10370f1dc9d2d41dac697fdb1f91e164fb897f8db027d8028cc267128c7bcb61?s=96&d=mm&r=g\",\"url\":\"https:\\\/\\\/secure.gravatar.com\\\/avatar\\\/10370f1dc9d2d41dac697fdb1f91e164fb897f8db027d8028cc267128c7bcb61?s=96&d=mm&r=g\",\"contentUrl\":\"https:\\\/\\\/secure.gravatar.com\\\/avatar\\\/10370f1dc9d2d41dac697fdb1f91e164fb897f8db027d8028cc267128c7bcb61?s=96&d=mm&r=g\",\"caption\":\"Jovan\"},\"sameAs\":[\"https:\\\/\\\/serbischeszentrum.at\"],\"url\":\"https:\\\/\\\/serbischeszentrum.at\\\/de\\\/author\\\/admin\\\/\"}]}<\/script>\n<!-- \/ Yoast SEO plugin. -->","yoast_head_json":{"title":"24. Savaball","description":"Nach einer zweij\u00e4hrigen, pandemiebedingten Unterbrechung, hat der Savaball die Location gewechselt und findet am 10.02.2023 zum ersten Mal in der Wiener Hofburg statt.","robots":{"index":"index","follow":"follow","max-snippet":"max-snippet:-1","max-image-preview":"max-image-preview:large","max-video-preview":"max-video-preview:-1"},"canonical":"https:\/\/serbischeszentrum.at\/de\/24-savaball\/","og_locale":"de_DE","og_type":"article","og_title":"24. Savaball","og_description":"Nach einer zweij\u00e4hrigen, pandemiebedingten Unterbrechung, hat der Savaball die Location gewechselt und findet am 10.02.2023 zum ersten Mal in der Wiener Hofburg statt.","og_url":"https:\/\/serbischeszentrum.at\/de\/24-savaball\/","og_site_name":"Srpski centar","article_publisher":"https:\/\/www.facebook.com\/serbischeszentrum","article_published_time":"2022-11-25T08:20:24+00:00","article_modified_time":"2023-12-02T16:46:05+00:00","og_image":[{"width":1350,"height":1080,"url":"https:\/\/serbischeszentrum.at\/wp-content\/uploads\/2022\/11\/Savaball-Assets.webp","type":"image\/webp"}],"author":"Jovan","twitter_card":"summary_large_image","twitter_misc":{"Verfasst von":"Jovan","Gesch\u00e4tzte Lesezeit":"1\u00a0Minute"},"schema":{"@context":"https:\/\/schema.org","@graph":[{"@type":"Article","@id":"https:\/\/serbischeszentrum.at\/de\/24-savaball\/#article","isPartOf":{"@id":"https:\/\/serbischeszentrum.at\/de\/24-savaball\/"},"author":{"name":"Jovan","@id":"https:\/\/serbischeszentrum.at\/de\/#\/schema\/person\/8e729006f685e411cdc165f7963682e4"},"headline":"24. Savaball","datePublished":"2022-11-25T08:20:24+00:00","dateModified":"2023-12-02T16:46:05+00:00","mainEntityOfPage":{"@id":"https:\/\/serbischeszentrum.at\/de\/24-savaball\/"},"wordCount":165,"commentCount":0,"publisher":{"@id":"https:\/\/serbischeszentrum.at\/de\/#organization"},"image":{"@id":"https:\/\/serbischeszentrum.at\/de\/24-savaball\/#primaryimage"},"thumbnailUrl":"https:\/\/serbischeszentrum.at\/wp-content\/uploads\/2022\/11\/Savaball-Assets.webp","articleSection":["Savaball"],"inLanguage":"de","potentialAction":[{"@type":"CommentAction","name":"Comment","target":["https:\/\/serbischeszentrum.at\/de\/24-savaball\/#respond"]}]},{"@type":"WebPage","@id":"https:\/\/serbischeszentrum.at\/de\/24-savaball\/","url":"https:\/\/serbischeszentrum.at\/de\/24-savaball\/","name":"24. Savaball","isPartOf":{"@id":"https:\/\/serbischeszentrum.at\/de\/#website"},"primaryImageOfPage":{"@id":"https:\/\/serbischeszentrum.at\/de\/24-savaball\/#primaryimage"},"image":{"@id":"https:\/\/serbischeszentrum.at\/de\/24-savaball\/#primaryimage"},"thumbnailUrl":"https:\/\/serbischeszentrum.at\/wp-content\/uploads\/2022\/11\/Savaball-Assets.webp","datePublished":"2022-11-25T08:20:24+00:00","dateModified":"2023-12-02T16:46:05+00:00","description":"Nach einer zweij\u00e4hrigen, pandemiebedingten Unterbrechung, hat der Savaball die Location gewechselt und findet am 10.02.2023 zum ersten Mal in der Wiener Hofburg statt.","breadcrumb":{"@id":"https:\/\/serbischeszentrum.at\/de\/24-savaball\/#breadcrumb"},"inLanguage":"de","potentialAction":[{"@type":"ReadAction","target":["https:\/\/serbischeszentrum.at\/de\/24-savaball\/"]}]},{"@type":"ImageObject","inLanguage":"de","@id":"https:\/\/serbischeszentrum.at\/de\/24-savaball\/#primaryimage","url":"https:\/\/serbischeszentrum.at\/wp-content\/uploads\/2022\/11\/Savaball-Assets.webp","contentUrl":"https:\/\/serbischeszentrum.at\/wp-content\/uploads\/2022\/11\/Savaball-Assets.webp","width":1350,"height":1080,"caption":"Savaball 2023 Hofburg Vienna"},{"@type":"BreadcrumbList","@id":"https:\/\/serbischeszentrum.at\/de\/24-savaball\/#breadcrumb","itemListElement":[{"@type":"ListItem","position":1,"name":"Home","item":"https:\/\/serbischeszentrum.at\/de\/"},{"@type":"ListItem","position":2,"name":"24. Savaball"}]},{"@type":"WebSite","@id":"https:\/\/serbischeszentrum.at\/de\/#website","url":"https:\/\/serbischeszentrum.at\/de\/","name":"Srpski centar","description":"Platforma dru\u0161tvenih i kulturnih inicijativa","publisher":{"@id":"https:\/\/serbischeszentrum.at\/de\/#organization"},"potentialAction":[{"@type":"SearchAction","target":{"@type":"EntryPoint","urlTemplate":"https:\/\/serbischeszentrum.at\/de\/?s={search_term_string}"},"query-input":{"@type":"PropertyValueSpecification","valueRequired":true,"valueName":"search_term_string"}}],"inLanguage":"de"},{"@type":"Organization","@id":"https:\/\/serbischeszentrum.at\/de\/#organization","name":"Serbishes Zentrum","alternateName":"Srpski Centar","url":"https:\/\/serbischeszentrum.at\/de\/","logo":{"@type":"ImageObject","inLanguage":"de","@id":"https:\/\/serbischeszentrum.at\/de\/#\/schema\/logo\/image\/","url":"https:\/\/serbischeszentrum.at\/wp-content\/uploads\/2022\/09\/srpski-centar-logo-kruzni.jpg","contentUrl":"https:\/\/serbischeszentrum.at\/wp-content\/uploads\/2022\/09\/srpski-centar-logo-kruzni.jpg","width":1000,"height":1000,"caption":"Serbishes Zentrum"},"image":{"@id":"https:\/\/serbischeszentrum.at\/de\/#\/schema\/logo\/image\/"},"sameAs":["https:\/\/www.facebook.com\/serbischeszentrum","https:\/\/www.instagram.com\/serbischeszentrum\/"]},{"@type":"Person","@id":"https:\/\/serbischeszentrum.at\/de\/#\/schema\/person\/8e729006f685e411cdc165f7963682e4","name":"Jovan","image":{"@type":"ImageObject","inLanguage":"de","@id":"https:\/\/secure.gravatar.com\/avatar\/10370f1dc9d2d41dac697fdb1f91e164fb897f8db027d8028cc267128c7bcb61?s=96&d=mm&r=g","url":"https:\/\/secure.gravatar.com\/avatar\/10370f1dc9d2d41dac697fdb1f91e164fb897f8db027d8028cc267128c7bcb61?s=96&d=mm&r=g","contentUrl":"https:\/\/secure.gravatar.com\/avatar\/10370f1dc9d2d41dac697fdb1f91e164fb897f8db027d8028cc267128c7bcb61?s=96&d=mm&r=g","caption":"Jovan"},"sameAs":["https:\/\/serbischeszentrum.at"],"url":"https:\/\/serbischeszentrum.at\/de\/author\/admin\/"}]}},"_links":{"self":[{"href":"https:\/\/serbischeszentrum.at\/de\/wp-json\/wp\/v2\/posts\/17580","targetHints":{"allow":["GET"]}}],"collection":[{"href":"https:\/\/serbischeszentrum.at\/de\/wp-json\/wp\/v2\/posts"}],"about":[{"href":"https:\/\/serbischeszentrum.at\/de\/wp-json\/wp\/v2\/types\/post"}],"author":[{"embeddable":true,"href":"https:\/\/serbischeszentrum.at\/de\/wp-json\/wp\/v2\/users\/1"}],"replies":[{"embeddable":true,"href":"https:\/\/serbischeszentrum.at\/de\/wp-json\/wp\/v2\/comments?post=17580"}],"version-history":[{"count":0,"href":"https:\/\/serbischeszentrum.at\/de\/wp-json\/wp\/v2\/posts\/17580\/revisions"}],"wp:featuredmedia":[{"embeddable":true,"href":"https:\/\/serbischeszentrum.at\/de\/wp-json\/wp\/v2\/media\/17573"}],"wp:attachment":[{"href":"https:\/\/serbischeszentrum.at\/de\/wp-json\/wp\/v2\/media?parent=17580"}],"wp:term":[{"taxonomy":"category","embeddable":true,"href":"https:\/\/serbischeszentrum.at\/de\/wp-json\/wp\/v2\/categories?post=17580"},{"taxonomy":"post_tag","embeddable":true,"href":"https:\/\/serbischeszentrum.at\/de\/wp-json\/wp\/v2\/tags?post=17580"}],"curies":[{"name":"wp","href":"https:\/\/api.w.org\/{rel}","templated":true}]}}