{"id":15333,"date":"2022-10-07T11:38:00","date_gmt":"2022-10-07T11:38:00","guid":{"rendered":"https:\/\/serbischeszentrum.at\/filmvorstellung-30-godine-mature-omeu\/"},"modified":"2022-11-22T10:41:46","modified_gmt":"2022-11-22T10:41:46","slug":"filmvorstellung-30-godine-mature-omeu","status":"publish","type":"post","link":"https:\/\/serbischeszentrum.at\/de\/filmvorstellung-30-godine-mature-omeu\/","title":{"rendered":"\u201e30 godina mature\u201c"},"content":{"rendered":"\n<p>Am Freitag, den 07.10.2022, feierte der Dokumentarfilm \u201e30 godina mature\u201c von Regisseur Du\u0161an Gaji\u0107 Wien-Premiere und wurde unter der Organisation des Serbischen Zentrums im TOP Kino gezeigt.<\/p>\n\n<p>Bevor das Licht im Kinosaal ausging, wandte sich der Regisseur des Films, der zu diesem Anlass in die \u00f6sterreichische Hauptstadt gereist war, mit einleitenden Worten an das Publikum. Nach der Vorf\u00fchrung hatte das Publikum nach einem Interview mit Gaji\u0107, in direkten Austausch mit dem Regisseur zu treten und nahm die M\u00f6glichkeit auch durch pers\u00f6nliche Anekdoten dankend an.<\/p>\n\n<p>Der Film f\u00fchrt anhand von Erinnerungen der Absolventen des 8. Belgrader Gymnasiums aus dem Jahr 1989 durch die Geschichte Serbiens der letzten 30 Jahre.<\/p>\n\n<p>Einer dieser Absolventen ist der Regisseur des Films selbst, Du\u0161an Gaji\u0107. 30 Jahre nach seiner abgelegten Matura erz\u00e4hlt er seiner Tochter, die in Br\u00fcssel geboren und aufgewachsen ist, anhand eines Albums mit alten Fotos von den Ereignissen, die seine Jugend gepr\u00e4gt und die heutige Gesellschaft des Landes, wie wir sie alle kennen, gepr\u00e4gt haben. Seine Erz\u00e4hlung wird mit den Erfahrungen seiner alten Schulfreunde, von denen viele nach dem Schulabschluss beachtliche Erfolge erzielen, verwoben. Nach drei Jahrzehnten stellen sich die wiedervereinten Maturanten in Belgrad eine Reihe wichtiger Fragen, die sie selbst und ihr Herkunftsland betreffen.<\/p>\n\n<div class=\"wp-block-group is-nowrap is-layout-flex wp-container-core-group-is-layout-6c531013 wp-block-group-is-layout-flex\">\n<figure class=\"wp-block-gallery has-nested-images columns-5 is-cropped wp-block-gallery-1 is-layout-flex wp-block-gallery-is-layout-flex\">\n<figure class=\"wp-block-image size-full\"><a href=\"https:\/\/serbischeszentrum.at\/wp-content\/uploads\/2022\/10\/30-godina-mature16.webp\"><img fetchpriority=\"high\" decoding=\"async\" width=\"1200\" height=\"675\" data-id=\"17284\" src=\"https:\/\/serbischeszentrum.at\/wp-content\/uploads\/2022\/10\/30-godina-mature16.webp\" alt=\"\" class=\"wp-image-17284\" srcset=\"https:\/\/serbischeszentrum.at\/wp-content\/uploads\/2022\/10\/30-godina-mature16.webp 1200w, https:\/\/serbischeszentrum.at\/wp-content\/uploads\/2022\/10\/30-godina-mature16-300x169.webp 300w, https:\/\/serbischeszentrum.at\/wp-content\/uploads\/2022\/10\/30-godina-mature16-1024x576.webp 1024w, https:\/\/serbischeszentrum.at\/wp-content\/uploads\/2022\/10\/30-godina-mature16-768x432.webp 768w\" sizes=\"(max-width: 1200px) 100vw, 1200px\" \/><\/a><\/figure>\n\n\n\n<figure class=\"wp-block-image size-full\"><a href=\"https:\/\/serbischeszentrum.at\/wp-content\/uploads\/2022\/10\/30-godina-mature14.webp\"><img decoding=\"async\" width=\"1200\" height=\"673\" data-id=\"17278\" src=\"https:\/\/serbischeszentrum.at\/wp-content\/uploads\/2022\/10\/30-godina-mature14.webp\" alt=\"\" class=\"wp-image-17278\" srcset=\"https:\/\/serbischeszentrum.at\/wp-content\/uploads\/2022\/10\/30-godina-mature14.webp 1200w, https:\/\/serbischeszentrum.at\/wp-content\/uploads\/2022\/10\/30-godina-mature14-300x168.webp 300w, https:\/\/serbischeszentrum.at\/wp-content\/uploads\/2022\/10\/30-godina-mature14-1024x574.webp 1024w, https:\/\/serbischeszentrum.at\/wp-content\/uploads\/2022\/10\/30-godina-mature14-768x431.webp 768w\" sizes=\"(max-width: 1200px) 100vw, 1200px\" \/><\/a><\/figure>\n\n\n\n<figure class=\"wp-block-image size-full\"><a href=\"https:\/\/serbischeszentrum.at\/wp-content\/uploads\/2022\/10\/30-godina-mature17.webp\"><img decoding=\"async\" width=\"1200\" height=\"675\" data-id=\"17287\" src=\"https:\/\/serbischeszentrum.at\/wp-content\/uploads\/2022\/10\/30-godina-mature17.webp\" alt=\"\" class=\"wp-image-17287\" srcset=\"https:\/\/serbischeszentrum.at\/wp-content\/uploads\/2022\/10\/30-godina-mature17.webp 1200w, https:\/\/serbischeszentrum.at\/wp-content\/uploads\/2022\/10\/30-godina-mature17-300x169.webp 300w, https:\/\/serbischeszentrum.at\/wp-content\/uploads\/2022\/10\/30-godina-mature17-1024x576.webp 1024w, https:\/\/serbischeszentrum.at\/wp-content\/uploads\/2022\/10\/30-godina-mature17-768x432.webp 768w\" sizes=\"(max-width: 1200px) 100vw, 1200px\" \/><\/a><\/figure>\n\n\n\n<figure class=\"wp-block-image size-full\"><a href=\"https:\/\/serbischeszentrum.at\/wp-content\/uploads\/2022\/10\/30-godina-mature15.webp\"><img loading=\"lazy\" decoding=\"async\" width=\"1200\" height=\"675\" data-id=\"17281\" src=\"https:\/\/serbischeszentrum.at\/wp-content\/uploads\/2022\/10\/30-godina-mature15.webp\" alt=\"\" class=\"wp-image-17281\" srcset=\"https:\/\/serbischeszentrum.at\/wp-content\/uploads\/2022\/10\/30-godina-mature15.webp 1200w, https:\/\/serbischeszentrum.at\/wp-content\/uploads\/2022\/10\/30-godina-mature15-300x169.webp 300w, https:\/\/serbischeszentrum.at\/wp-content\/uploads\/2022\/10\/30-godina-mature15-1024x576.webp 1024w, https:\/\/serbischeszentrum.at\/wp-content\/uploads\/2022\/10\/30-godina-mature15-768x432.webp 768w\" sizes=\"(max-width: 1200px) 100vw, 1200px\" \/><\/a><\/figure>\n\n\n\n<figure class=\"wp-block-image size-full\"><a href=\"https:\/\/serbischeszentrum.at\/wp-content\/uploads\/2022\/10\/30-godina-mature0.webp\"><img loading=\"lazy\" decoding=\"async\" width=\"1200\" height=\"675\" data-id=\"17236\" src=\"https:\/\/serbischeszentrum.at\/wp-content\/uploads\/2022\/10\/30-godina-mature0.webp\" alt=\"\" class=\"wp-image-17236\" srcset=\"https:\/\/serbischeszentrum.at\/wp-content\/uploads\/2022\/10\/30-godina-mature0.webp 1200w, https:\/\/serbischeszentrum.at\/wp-content\/uploads\/2022\/10\/30-godina-mature0-300x169.webp 300w, https:\/\/serbischeszentrum.at\/wp-content\/uploads\/2022\/10\/30-godina-mature0-1024x576.webp 1024w, https:\/\/serbischeszentrum.at\/wp-content\/uploads\/2022\/10\/30-godina-mature0-768x432.webp 768w\" sizes=\"(max-width: 1200px) 100vw, 1200px\" \/><\/a><\/figure>\n\n\n\n<figure class=\"wp-block-image size-full\"><a href=\"https:\/\/serbischeszentrum.at\/wp-content\/uploads\/2022\/10\/30-godina-mature13.webp\"><img loading=\"lazy\" decoding=\"async\" width=\"1200\" height=\"675\" data-id=\"17275\" src=\"https:\/\/serbischeszentrum.at\/wp-content\/uploads\/2022\/10\/30-godina-mature13.webp\" alt=\"\" class=\"wp-image-17275\" srcset=\"https:\/\/serbischeszentrum.at\/wp-content\/uploads\/2022\/10\/30-godina-mature13.webp 1200w, https:\/\/serbischeszentrum.at\/wp-content\/uploads\/2022\/10\/30-godina-mature13-300x169.webp 300w, https:\/\/serbischeszentrum.at\/wp-content\/uploads\/2022\/10\/30-godina-mature13-1024x576.webp 1024w, https:\/\/serbischeszentrum.at\/wp-content\/uploads\/2022\/10\/30-godina-mature13-768x432.webp 768w\" sizes=\"(max-width: 1200px) 100vw, 1200px\" \/><\/a><\/figure>\n\n\n\n<figure class=\"wp-block-image size-full\"><a href=\"https:\/\/serbischeszentrum.at\/wp-content\/uploads\/2022\/10\/30-godina-mature12.webp\"><img loading=\"lazy\" decoding=\"async\" width=\"675\" height=\"1200\" data-id=\"17272\" src=\"https:\/\/serbischeszentrum.at\/wp-content\/uploads\/2022\/10\/30-godina-mature12.webp\" alt=\"\" class=\"wp-image-17272\" srcset=\"https:\/\/serbischeszentrum.at\/wp-content\/uploads\/2022\/10\/30-godina-mature12.webp 675w, https:\/\/serbischeszentrum.at\/wp-content\/uploads\/2022\/10\/30-godina-mature12-169x300.webp 169w, https:\/\/serbischeszentrum.at\/wp-content\/uploads\/2022\/10\/30-godina-mature12-576x1024.webp 576w\" sizes=\"(max-width: 675px) 100vw, 675px\" \/><\/a><\/figure>\n\n\n\n<figure class=\"wp-block-image size-full\"><a href=\"https:\/\/serbischeszentrum.at\/wp-content\/uploads\/2022\/10\/30-godina-mature11.webp\"><img loading=\"lazy\" decoding=\"async\" width=\"806\" height=\"605\" data-id=\"17269\" src=\"https:\/\/serbischeszentrum.at\/wp-content\/uploads\/2022\/10\/30-godina-mature11.webp\" alt=\"\" class=\"wp-image-17269\" srcset=\"https:\/\/serbischeszentrum.at\/wp-content\/uploads\/2022\/10\/30-godina-mature11.webp 806w, https:\/\/serbischeszentrum.at\/wp-content\/uploads\/2022\/10\/30-godina-mature11-300x225.webp 300w, https:\/\/serbischeszentrum.at\/wp-content\/uploads\/2022\/10\/30-godina-mature11-768x576.webp 768w\" sizes=\"(max-width: 806px) 100vw, 806px\" \/><\/a><\/figure>\n\n\n\n<figure class=\"wp-block-image size-full\"><a href=\"https:\/\/serbischeszentrum.at\/wp-content\/uploads\/2022\/10\/30-godina-mature10.webp\"><img loading=\"lazy\" decoding=\"async\" width=\"675\" height=\"1200\" data-id=\"17266\" src=\"https:\/\/serbischeszentrum.at\/wp-content\/uploads\/2022\/10\/30-godina-mature10.webp\" alt=\"\" class=\"wp-image-17266\" srcset=\"https:\/\/serbischeszentrum.at\/wp-content\/uploads\/2022\/10\/30-godina-mature10.webp 675w, https:\/\/serbischeszentrum.at\/wp-content\/uploads\/2022\/10\/30-godina-mature10-169x300.webp 169w, https:\/\/serbischeszentrum.at\/wp-content\/uploads\/2022\/10\/30-godina-mature10-576x1024.webp 576w\" sizes=\"(max-width: 675px) 100vw, 675px\" \/><\/a><\/figure>\n\n\n\n<figure class=\"wp-block-image size-full\"><a href=\"https:\/\/serbischeszentrum.at\/wp-content\/uploads\/2022\/10\/30-godina-mature9.webp\"><img loading=\"lazy\" decoding=\"async\" width=\"1200\" height=\"675\" data-id=\"17263\" src=\"https:\/\/serbischeszentrum.at\/wp-content\/uploads\/2022\/10\/30-godina-mature9.webp\" alt=\"\" class=\"wp-image-17263\" srcset=\"https:\/\/serbischeszentrum.at\/wp-content\/uploads\/2022\/10\/30-godina-mature9.webp 1200w, https:\/\/serbischeszentrum.at\/wp-content\/uploads\/2022\/10\/30-godina-mature9-300x169.webp 300w, https:\/\/serbischeszentrum.at\/wp-content\/uploads\/2022\/10\/30-godina-mature9-1024x576.webp 1024w, https:\/\/serbischeszentrum.at\/wp-content\/uploads\/2022\/10\/30-godina-mature9-768x432.webp 768w\" sizes=\"(max-width: 1200px) 100vw, 1200px\" \/><\/a><\/figure>\n\n\n\n<figure class=\"wp-block-image size-full\"><a href=\"https:\/\/serbischeszentrum.at\/wp-content\/uploads\/2022\/10\/30-godina-mature8.webp\"><img loading=\"lazy\" decoding=\"async\" width=\"806\" height=\"605\" data-id=\"17260\" src=\"https:\/\/serbischeszentrum.at\/wp-content\/uploads\/2022\/10\/30-godina-mature8.webp\" alt=\"\" class=\"wp-image-17260\" srcset=\"https:\/\/serbischeszentrum.at\/wp-content\/uploads\/2022\/10\/30-godina-mature8.webp 806w, https:\/\/serbischeszentrum.at\/wp-content\/uploads\/2022\/10\/30-godina-mature8-300x225.webp 300w, https:\/\/serbischeszentrum.at\/wp-content\/uploads\/2022\/10\/30-godina-mature8-768x576.webp 768w\" sizes=\"(max-width: 806px) 100vw, 806px\" \/><\/a><\/figure>\n\n\n\n<figure class=\"wp-block-image size-full\"><a href=\"https:\/\/serbischeszentrum.at\/wp-content\/uploads\/2022\/10\/30-godina-mature7.webp\"><img loading=\"lazy\" decoding=\"async\" width=\"806\" height=\"605\" data-id=\"17257\" src=\"https:\/\/serbischeszentrum.at\/wp-content\/uploads\/2022\/10\/30-godina-mature7.webp\" alt=\"\" class=\"wp-image-17257\" srcset=\"https:\/\/serbischeszentrum.at\/wp-content\/uploads\/2022\/10\/30-godina-mature7.webp 806w, https:\/\/serbischeszentrum.at\/wp-content\/uploads\/2022\/10\/30-godina-mature7-300x225.webp 300w, https:\/\/serbischeszentrum.at\/wp-content\/uploads\/2022\/10\/30-godina-mature7-768x576.webp 768w\" sizes=\"(max-width: 806px) 100vw, 806px\" \/><\/a><\/figure>\n\n\n\n<figure class=\"wp-block-image size-full\"><a href=\"https:\/\/serbischeszentrum.at\/wp-content\/uploads\/2022\/10\/30-godina-mature6.webp\"><img loading=\"lazy\" decoding=\"async\" width=\"806\" height=\"605\" data-id=\"17254\" src=\"https:\/\/serbischeszentrum.at\/wp-content\/uploads\/2022\/10\/30-godina-mature6.webp\" alt=\"\" class=\"wp-image-17254\" srcset=\"https:\/\/serbischeszentrum.at\/wp-content\/uploads\/2022\/10\/30-godina-mature6.webp 806w, https:\/\/serbischeszentrum.at\/wp-content\/uploads\/2022\/10\/30-godina-mature6-300x225.webp 300w, https:\/\/serbischeszentrum.at\/wp-content\/uploads\/2022\/10\/30-godina-mature6-768x576.webp 768w\" sizes=\"(max-width: 806px) 100vw, 806px\" \/><\/a><\/figure>\n\n\n\n<figure class=\"wp-block-image size-full\"><a href=\"https:\/\/serbischeszentrum.at\/wp-content\/uploads\/2022\/10\/30-godina-mature5.webp\"><img loading=\"lazy\" decoding=\"async\" width=\"1200\" height=\"675\" data-id=\"17251\" src=\"https:\/\/serbischeszentrum.at\/wp-content\/uploads\/2022\/10\/30-godina-mature5.webp\" alt=\"\" class=\"wp-image-17251\" srcset=\"https:\/\/serbischeszentrum.at\/wp-content\/uploads\/2022\/10\/30-godina-mature5.webp 1200w, https:\/\/serbischeszentrum.at\/wp-content\/uploads\/2022\/10\/30-godina-mature5-300x169.webp 300w, https:\/\/serbischeszentrum.at\/wp-content\/uploads\/2022\/10\/30-godina-mature5-1024x576.webp 1024w, https:\/\/serbischeszentrum.at\/wp-content\/uploads\/2022\/10\/30-godina-mature5-768x432.webp 768w\" sizes=\"(max-width: 1200px) 100vw, 1200px\" \/><\/a><\/figure>\n\n\n\n<figure class=\"wp-block-image size-full\"><a href=\"https:\/\/serbischeszentrum.at\/wp-content\/uploads\/2022\/10\/30-godina-mature4.webp\"><img loading=\"lazy\" decoding=\"async\" width=\"1200\" height=\"675\" data-id=\"17248\" src=\"https:\/\/serbischeszentrum.at\/wp-content\/uploads\/2022\/10\/30-godina-mature4.webp\" alt=\"\" class=\"wp-image-17248\" srcset=\"https:\/\/serbischeszentrum.at\/wp-content\/uploads\/2022\/10\/30-godina-mature4.webp 1200w, https:\/\/serbischeszentrum.at\/wp-content\/uploads\/2022\/10\/30-godina-mature4-300x169.webp 300w, https:\/\/serbischeszentrum.at\/wp-content\/uploads\/2022\/10\/30-godina-mature4-1024x576.webp 1024w, https:\/\/serbischeszentrum.at\/wp-content\/uploads\/2022\/10\/30-godina-mature4-768x432.webp 768w\" sizes=\"(max-width: 1200px) 100vw, 1200px\" \/><\/a><\/figure>\n\n\n\n<figure class=\"wp-block-image size-full\"><a href=\"https:\/\/serbischeszentrum.at\/wp-content\/uploads\/2022\/10\/30-godina-mature3.webp\"><img loading=\"lazy\" decoding=\"async\" width=\"1200\" height=\"675\" data-id=\"17245\" src=\"https:\/\/serbischeszentrum.at\/wp-content\/uploads\/2022\/10\/30-godina-mature3.webp\" alt=\"\" class=\"wp-image-17245\" srcset=\"https:\/\/serbischeszentrum.at\/wp-content\/uploads\/2022\/10\/30-godina-mature3.webp 1200w, https:\/\/serbischeszentrum.at\/wp-content\/uploads\/2022\/10\/30-godina-mature3-300x169.webp 300w, https:\/\/serbischeszentrum.at\/wp-content\/uploads\/2022\/10\/30-godina-mature3-1024x576.webp 1024w, https:\/\/serbischeszentrum.at\/wp-content\/uploads\/2022\/10\/30-godina-mature3-768x432.webp 768w\" sizes=\"(max-width: 1200px) 100vw, 1200px\" \/><\/a><\/figure>\n\n\n\n<figure class=\"wp-block-image size-full\"><a href=\"https:\/\/serbischeszentrum.at\/wp-content\/uploads\/2022\/10\/30-godina-mature2.webp\"><img loading=\"lazy\" decoding=\"async\" width=\"1200\" height=\"675\" data-id=\"17242\" src=\"https:\/\/serbischeszentrum.at\/wp-content\/uploads\/2022\/10\/30-godina-mature2.webp\" alt=\"\" class=\"wp-image-17242\" srcset=\"https:\/\/serbischeszentrum.at\/wp-content\/uploads\/2022\/10\/30-godina-mature2.webp 1200w, https:\/\/serbischeszentrum.at\/wp-content\/uploads\/2022\/10\/30-godina-mature2-300x169.webp 300w, https:\/\/serbischeszentrum.at\/wp-content\/uploads\/2022\/10\/30-godina-mature2-1024x576.webp 1024w, https:\/\/serbischeszentrum.at\/wp-content\/uploads\/2022\/10\/30-godina-mature2-768x432.webp 768w\" sizes=\"(max-width: 1200px) 100vw, 1200px\" \/><\/a><\/figure>\n\n\n\n<figure class=\"wp-block-image size-full\"><a href=\"https:\/\/serbischeszentrum.at\/wp-content\/uploads\/2022\/10\/30-godina-mature1.webp\"><img loading=\"lazy\" decoding=\"async\" width=\"1200\" height=\"675\" data-id=\"17239\" src=\"https:\/\/serbischeszentrum.at\/wp-content\/uploads\/2022\/10\/30-godina-mature1.webp\" alt=\"\" class=\"wp-image-17239\" srcset=\"https:\/\/serbischeszentrum.at\/wp-content\/uploads\/2022\/10\/30-godina-mature1.webp 1200w, https:\/\/serbischeszentrum.at\/wp-content\/uploads\/2022\/10\/30-godina-mature1-300x169.webp 300w, https:\/\/serbischeszentrum.at\/wp-content\/uploads\/2022\/10\/30-godina-mature1-1024x576.webp 1024w, https:\/\/serbischeszentrum.at\/wp-content\/uploads\/2022\/10\/30-godina-mature1-768x432.webp 768w\" sizes=\"(max-width: 1200px) 100vw, 1200px\" \/><\/a><\/figure>\n<\/figure>\n<\/div>\n","protected":false},"excerpt":{"rendered":"<p>Die Vorstellung des Dokumentarfilms \u201e30 godina mature\u201c findet am 7.10.2022 im TOP Kino statt.<\/p>\n","protected":false},"author":1,"featured_media":17279,"comment_status":"open","ping_status":"open","sticky":false,"template":"","format":"standard","meta":{"_acf_changed":false,"footnotes":""},"categories":[41],"tags":[],"class_list":["post-15333","post","type-post","status-publish","format-standard","has-post-thumbnail","hentry","category-ereignisse"],"acf":[],"yoast_head":"<!-- This site is optimized with the Yoast SEO plugin v27.4 - https:\/\/yoast.com\/product\/yoast-seo-wordpress\/ -->\n<title>\u201e30 godina mature\u201c - Srpski centar<\/title>\n<meta name=\"robots\" content=\"index, follow, max-snippet:-1, max-image-preview:large, max-video-preview:-1\" \/>\n<link rel=\"canonical\" href=\"https:\/\/serbischeszentrum.at\/de\/filmvorstellung-30-godine-mature-omeu\/\" \/>\n<meta property=\"og:locale\" content=\"de_DE\" \/>\n<meta property=\"og:type\" content=\"article\" \/>\n<meta property=\"og:title\" content=\"\u201e30 godina mature\u201c - Srpski centar\" \/>\n<meta property=\"og:description\" content=\"Die Vorstellung des Dokumentarfilms \u201e30 godina mature\u201c findet am 7.10.2022 im TOP Kino statt.\" \/>\n<meta property=\"og:url\" content=\"https:\/\/serbischeszentrum.at\/de\/filmvorstellung-30-godine-mature-omeu\/\" \/>\n<meta property=\"og:site_name\" content=\"Srpski centar\" \/>\n<meta property=\"article:publisher\" content=\"https:\/\/www.facebook.com\/serbischeszentrum\" \/>\n<meta property=\"article:published_time\" content=\"2022-10-07T11:38:00+00:00\" \/>\n<meta property=\"article:modified_time\" content=\"2022-11-22T10:41:46+00:00\" \/>\n<meta property=\"og:image\" content=\"https:\/\/serbischeszentrum.at\/wp-content\/uploads\/2022\/10\/30-godina-mature14.webp\" \/>\n\t<meta property=\"og:image:width\" content=\"1200\" \/>\n\t<meta property=\"og:image:height\" content=\"673\" \/>\n\t<meta property=\"og:image:type\" content=\"image\/webp\" \/>\n<meta name=\"author\" content=\"Jovan\" \/>\n<meta name=\"twitter:card\" content=\"summary_large_image\" \/>\n<meta name=\"twitter:label1\" content=\"Verfasst von\" \/>\n\t<meta name=\"twitter:data1\" content=\"Jovan\" \/>\n\t<meta name=\"twitter:label2\" content=\"Gesch\u00e4tzte Lesezeit\" \/>\n\t<meta name=\"twitter:data2\" content=\"5\u00a0Minuten\" \/>\n<script type=\"application\/ld+json\" class=\"yoast-schema-graph\">{\"@context\":\"https:\\\/\\\/schema.org\",\"@graph\":[{\"@type\":\"Article\",\"@id\":\"https:\\\/\\\/serbischeszentrum.at\\\/de\\\/filmvorstellung-30-godine-mature-omeu\\\/#article\",\"isPartOf\":{\"@id\":\"https:\\\/\\\/serbischeszentrum.at\\\/de\\\/filmvorstellung-30-godine-mature-omeu\\\/\"},\"author\":{\"name\":\"Jovan\",\"@id\":\"https:\\\/\\\/serbischeszentrum.at\\\/de\\\/#\\\/schema\\\/person\\\/8e729006f685e411cdc165f7963682e4\"},\"headline\":\"\u201e30 godina mature\u201c\",\"datePublished\":\"2022-10-07T11:38:00+00:00\",\"dateModified\":\"2022-11-22T10:41:46+00:00\",\"mainEntityOfPage\":{\"@id\":\"https:\\\/\\\/serbischeszentrum.at\\\/de\\\/filmvorstellung-30-godine-mature-omeu\\\/\"},\"wordCount\":209,\"commentCount\":0,\"publisher\":{\"@id\":\"https:\\\/\\\/serbischeszentrum.at\\\/de\\\/#organization\"},\"image\":{\"@id\":\"https:\\\/\\\/serbischeszentrum.at\\\/de\\\/filmvorstellung-30-godine-mature-omeu\\\/#primaryimage\"},\"thumbnailUrl\":\"https:\\\/\\\/serbischeszentrum.at\\\/wp-content\\\/uploads\\\/2022\\\/10\\\/30-godina-mature14.webp\",\"articleSection\":[\"Ereignisse\"],\"inLanguage\":\"de\",\"potentialAction\":[{\"@type\":\"CommentAction\",\"name\":\"Comment\",\"target\":[\"https:\\\/\\\/serbischeszentrum.at\\\/de\\\/filmvorstellung-30-godine-mature-omeu\\\/#respond\"]}]},{\"@type\":\"WebPage\",\"@id\":\"https:\\\/\\\/serbischeszentrum.at\\\/de\\\/filmvorstellung-30-godine-mature-omeu\\\/\",\"url\":\"https:\\\/\\\/serbischeszentrum.at\\\/de\\\/filmvorstellung-30-godine-mature-omeu\\\/\",\"name\":\"\u201e30 godina mature\u201c - Srpski centar\",\"isPartOf\":{\"@id\":\"https:\\\/\\\/serbischeszentrum.at\\\/de\\\/#website\"},\"primaryImageOfPage\":{\"@id\":\"https:\\\/\\\/serbischeszentrum.at\\\/de\\\/filmvorstellung-30-godine-mature-omeu\\\/#primaryimage\"},\"image\":{\"@id\":\"https:\\\/\\\/serbischeszentrum.at\\\/de\\\/filmvorstellung-30-godine-mature-omeu\\\/#primaryimage\"},\"thumbnailUrl\":\"https:\\\/\\\/serbischeszentrum.at\\\/wp-content\\\/uploads\\\/2022\\\/10\\\/30-godina-mature14.webp\",\"datePublished\":\"2022-10-07T11:38:00+00:00\",\"dateModified\":\"2022-11-22T10:41:46+00:00\",\"breadcrumb\":{\"@id\":\"https:\\\/\\\/serbischeszentrum.at\\\/de\\\/filmvorstellung-30-godine-mature-omeu\\\/#breadcrumb\"},\"inLanguage\":\"de\",\"potentialAction\":[{\"@type\":\"ReadAction\",\"target\":[\"https:\\\/\\\/serbischeszentrum.at\\\/de\\\/filmvorstellung-30-godine-mature-omeu\\\/\"]}]},{\"@type\":\"ImageObject\",\"inLanguage\":\"de\",\"@id\":\"https:\\\/\\\/serbischeszentrum.at\\\/de\\\/filmvorstellung-30-godine-mature-omeu\\\/#primaryimage\",\"url\":\"https:\\\/\\\/serbischeszentrum.at\\\/wp-content\\\/uploads\\\/2022\\\/10\\\/30-godina-mature14.webp\",\"contentUrl\":\"https:\\\/\\\/serbischeszentrum.at\\\/wp-content\\\/uploads\\\/2022\\\/10\\\/30-godina-mature14.webp\",\"width\":1200,\"height\":673},{\"@type\":\"BreadcrumbList\",\"@id\":\"https:\\\/\\\/serbischeszentrum.at\\\/de\\\/filmvorstellung-30-godine-mature-omeu\\\/#breadcrumb\",\"itemListElement\":[{\"@type\":\"ListItem\",\"position\":1,\"name\":\"Home\",\"item\":\"https:\\\/\\\/serbischeszentrum.at\\\/de\\\/\"},{\"@type\":\"ListItem\",\"position\":2,\"name\":\"\u201e30 godina mature\u201c\"}]},{\"@type\":\"WebSite\",\"@id\":\"https:\\\/\\\/serbischeszentrum.at\\\/de\\\/#website\",\"url\":\"https:\\\/\\\/serbischeszentrum.at\\\/de\\\/\",\"name\":\"Srpski centar\",\"description\":\"Platforma dru\u0161tvenih i kulturnih inicijativa\",\"publisher\":{\"@id\":\"https:\\\/\\\/serbischeszentrum.at\\\/de\\\/#organization\"},\"potentialAction\":[{\"@type\":\"SearchAction\",\"target\":{\"@type\":\"EntryPoint\",\"urlTemplate\":\"https:\\\/\\\/serbischeszentrum.at\\\/de\\\/?s={search_term_string}\"},\"query-input\":{\"@type\":\"PropertyValueSpecification\",\"valueRequired\":true,\"valueName\":\"search_term_string\"}}],\"inLanguage\":\"de\"},{\"@type\":\"Organization\",\"@id\":\"https:\\\/\\\/serbischeszentrum.at\\\/de\\\/#organization\",\"name\":\"Serbishes Zentrum\",\"alternateName\":\"Srpski Centar\",\"url\":\"https:\\\/\\\/serbischeszentrum.at\\\/de\\\/\",\"logo\":{\"@type\":\"ImageObject\",\"inLanguage\":\"de\",\"@id\":\"https:\\\/\\\/serbischeszentrum.at\\\/de\\\/#\\\/schema\\\/logo\\\/image\\\/\",\"url\":\"https:\\\/\\\/serbischeszentrum.at\\\/wp-content\\\/uploads\\\/2022\\\/09\\\/srpski-centar-logo-kruzni.jpg\",\"contentUrl\":\"https:\\\/\\\/serbischeszentrum.at\\\/wp-content\\\/uploads\\\/2022\\\/09\\\/srpski-centar-logo-kruzni.jpg\",\"width\":1000,\"height\":1000,\"caption\":\"Serbishes Zentrum\"},\"image\":{\"@id\":\"https:\\\/\\\/serbischeszentrum.at\\\/de\\\/#\\\/schema\\\/logo\\\/image\\\/\"},\"sameAs\":[\"https:\\\/\\\/www.facebook.com\\\/serbischeszentrum\",\"https:\\\/\\\/www.instagram.com\\\/serbischeszentrum\\\/\"]},{\"@type\":\"Person\",\"@id\":\"https:\\\/\\\/serbischeszentrum.at\\\/de\\\/#\\\/schema\\\/person\\\/8e729006f685e411cdc165f7963682e4\",\"name\":\"Jovan\",\"image\":{\"@type\":\"ImageObject\",\"inLanguage\":\"de\",\"@id\":\"https:\\\/\\\/secure.gravatar.com\\\/avatar\\\/10370f1dc9d2d41dac697fdb1f91e164fb897f8db027d8028cc267128c7bcb61?s=96&d=mm&r=g\",\"url\":\"https:\\\/\\\/secure.gravatar.com\\\/avatar\\\/10370f1dc9d2d41dac697fdb1f91e164fb897f8db027d8028cc267128c7bcb61?s=96&d=mm&r=g\",\"contentUrl\":\"https:\\\/\\\/secure.gravatar.com\\\/avatar\\\/10370f1dc9d2d41dac697fdb1f91e164fb897f8db027d8028cc267128c7bcb61?s=96&d=mm&r=g\",\"caption\":\"Jovan\"},\"sameAs\":[\"https:\\\/\\\/serbischeszentrum.at\"],\"url\":\"https:\\\/\\\/serbischeszentrum.at\\\/de\\\/author\\\/admin\\\/\"}]}<\/script>\n<!-- \/ Yoast SEO plugin. -->","yoast_head_json":{"title":"\u201e30 godina mature\u201c - Srpski centar","robots":{"index":"index","follow":"follow","max-snippet":"max-snippet:-1","max-image-preview":"max-image-preview:large","max-video-preview":"max-video-preview:-1"},"canonical":"https:\/\/serbischeszentrum.at\/de\/filmvorstellung-30-godine-mature-omeu\/","og_locale":"de_DE","og_type":"article","og_title":"\u201e30 godina mature\u201c - Srpski centar","og_description":"Die Vorstellung des Dokumentarfilms \u201e30 godina mature\u201c findet am 7.10.2022 im TOP Kino statt.","og_url":"https:\/\/serbischeszentrum.at\/de\/filmvorstellung-30-godine-mature-omeu\/","og_site_name":"Srpski centar","article_publisher":"https:\/\/www.facebook.com\/serbischeszentrum","article_published_time":"2022-10-07T11:38:00+00:00","article_modified_time":"2022-11-22T10:41:46+00:00","og_image":[{"width":1200,"height":673,"url":"https:\/\/serbischeszentrum.at\/wp-content\/uploads\/2022\/10\/30-godina-mature14.webp","type":"image\/webp"}],"author":"Jovan","twitter_card":"summary_large_image","twitter_misc":{"Verfasst von":"Jovan","Gesch\u00e4tzte Lesezeit":"5\u00a0Minuten"},"schema":{"@context":"https:\/\/schema.org","@graph":[{"@type":"Article","@id":"https:\/\/serbischeszentrum.at\/de\/filmvorstellung-30-godine-mature-omeu\/#article","isPartOf":{"@id":"https:\/\/serbischeszentrum.at\/de\/filmvorstellung-30-godine-mature-omeu\/"},"author":{"name":"Jovan","@id":"https:\/\/serbischeszentrum.at\/de\/#\/schema\/person\/8e729006f685e411cdc165f7963682e4"},"headline":"\u201e30 godina mature\u201c","datePublished":"2022-10-07T11:38:00+00:00","dateModified":"2022-11-22T10:41:46+00:00","mainEntityOfPage":{"@id":"https:\/\/serbischeszentrum.at\/de\/filmvorstellung-30-godine-mature-omeu\/"},"wordCount":209,"commentCount":0,"publisher":{"@id":"https:\/\/serbischeszentrum.at\/de\/#organization"},"image":{"@id":"https:\/\/serbischeszentrum.at\/de\/filmvorstellung-30-godine-mature-omeu\/#primaryimage"},"thumbnailUrl":"https:\/\/serbischeszentrum.at\/wp-content\/uploads\/2022\/10\/30-godina-mature14.webp","articleSection":["Ereignisse"],"inLanguage":"de","potentialAction":[{"@type":"CommentAction","name":"Comment","target":["https:\/\/serbischeszentrum.at\/de\/filmvorstellung-30-godine-mature-omeu\/#respond"]}]},{"@type":"WebPage","@id":"https:\/\/serbischeszentrum.at\/de\/filmvorstellung-30-godine-mature-omeu\/","url":"https:\/\/serbischeszentrum.at\/de\/filmvorstellung-30-godine-mature-omeu\/","name":"\u201e30 godina mature\u201c - Srpski centar","isPartOf":{"@id":"https:\/\/serbischeszentrum.at\/de\/#website"},"primaryImageOfPage":{"@id":"https:\/\/serbischeszentrum.at\/de\/filmvorstellung-30-godine-mature-omeu\/#primaryimage"},"image":{"@id":"https:\/\/serbischeszentrum.at\/de\/filmvorstellung-30-godine-mature-omeu\/#primaryimage"},"thumbnailUrl":"https:\/\/serbischeszentrum.at\/wp-content\/uploads\/2022\/10\/30-godina-mature14.webp","datePublished":"2022-10-07T11:38:00+00:00","dateModified":"2022-11-22T10:41:46+00:00","breadcrumb":{"@id":"https:\/\/serbischeszentrum.at\/de\/filmvorstellung-30-godine-mature-omeu\/#breadcrumb"},"inLanguage":"de","potentialAction":[{"@type":"ReadAction","target":["https:\/\/serbischeszentrum.at\/de\/filmvorstellung-30-godine-mature-omeu\/"]}]},{"@type":"ImageObject","inLanguage":"de","@id":"https:\/\/serbischeszentrum.at\/de\/filmvorstellung-30-godine-mature-omeu\/#primaryimage","url":"https:\/\/serbischeszentrum.at\/wp-content\/uploads\/2022\/10\/30-godina-mature14.webp","contentUrl":"https:\/\/serbischeszentrum.at\/wp-content\/uploads\/2022\/10\/30-godina-mature14.webp","width":1200,"height":673},{"@type":"BreadcrumbList","@id":"https:\/\/serbischeszentrum.at\/de\/filmvorstellung-30-godine-mature-omeu\/#breadcrumb","itemListElement":[{"@type":"ListItem","position":1,"name":"Home","item":"https:\/\/serbischeszentrum.at\/de\/"},{"@type":"ListItem","position":2,"name":"\u201e30 godina mature\u201c"}]},{"@type":"WebSite","@id":"https:\/\/serbischeszentrum.at\/de\/#website","url":"https:\/\/serbischeszentrum.at\/de\/","name":"Srpski centar","description":"Platforma dru\u0161tvenih i kulturnih inicijativa","publisher":{"@id":"https:\/\/serbischeszentrum.at\/de\/#organization"},"potentialAction":[{"@type":"SearchAction","target":{"@type":"EntryPoint","urlTemplate":"https:\/\/serbischeszentrum.at\/de\/?s={search_term_string}"},"query-input":{"@type":"PropertyValueSpecification","valueRequired":true,"valueName":"search_term_string"}}],"inLanguage":"de"},{"@type":"Organization","@id":"https:\/\/serbischeszentrum.at\/de\/#organization","name":"Serbishes Zentrum","alternateName":"Srpski Centar","url":"https:\/\/serbischeszentrum.at\/de\/","logo":{"@type":"ImageObject","inLanguage":"de","@id":"https:\/\/serbischeszentrum.at\/de\/#\/schema\/logo\/image\/","url":"https:\/\/serbischeszentrum.at\/wp-content\/uploads\/2022\/09\/srpski-centar-logo-kruzni.jpg","contentUrl":"https:\/\/serbischeszentrum.at\/wp-content\/uploads\/2022\/09\/srpski-centar-logo-kruzni.jpg","width":1000,"height":1000,"caption":"Serbishes Zentrum"},"image":{"@id":"https:\/\/serbischeszentrum.at\/de\/#\/schema\/logo\/image\/"},"sameAs":["https:\/\/www.facebook.com\/serbischeszentrum","https:\/\/www.instagram.com\/serbischeszentrum\/"]},{"@type":"Person","@id":"https:\/\/serbischeszentrum.at\/de\/#\/schema\/person\/8e729006f685e411cdc165f7963682e4","name":"Jovan","image":{"@type":"ImageObject","inLanguage":"de","@id":"https:\/\/secure.gravatar.com\/avatar\/10370f1dc9d2d41dac697fdb1f91e164fb897f8db027d8028cc267128c7bcb61?s=96&d=mm&r=g","url":"https:\/\/secure.gravatar.com\/avatar\/10370f1dc9d2d41dac697fdb1f91e164fb897f8db027d8028cc267128c7bcb61?s=96&d=mm&r=g","contentUrl":"https:\/\/secure.gravatar.com\/avatar\/10370f1dc9d2d41dac697fdb1f91e164fb897f8db027d8028cc267128c7bcb61?s=96&d=mm&r=g","caption":"Jovan"},"sameAs":["https:\/\/serbischeszentrum.at"],"url":"https:\/\/serbischeszentrum.at\/de\/author\/admin\/"}]}},"_links":{"self":[{"href":"https:\/\/serbischeszentrum.at\/de\/wp-json\/wp\/v2\/posts\/15333","targetHints":{"allow":["GET"]}}],"collection":[{"href":"https:\/\/serbischeszentrum.at\/de\/wp-json\/wp\/v2\/posts"}],"about":[{"href":"https:\/\/serbischeszentrum.at\/de\/wp-json\/wp\/v2\/types\/post"}],"author":[{"embeddable":true,"href":"https:\/\/serbischeszentrum.at\/de\/wp-json\/wp\/v2\/users\/1"}],"replies":[{"embeddable":true,"href":"https:\/\/serbischeszentrum.at\/de\/wp-json\/wp\/v2\/comments?post=15333"}],"version-history":[{"count":0,"href":"https:\/\/serbischeszentrum.at\/de\/wp-json\/wp\/v2\/posts\/15333\/revisions"}],"wp:featuredmedia":[{"embeddable":true,"href":"https:\/\/serbischeszentrum.at\/de\/wp-json\/wp\/v2\/media\/17279"}],"wp:attachment":[{"href":"https:\/\/serbischeszentrum.at\/de\/wp-json\/wp\/v2\/media?parent=15333"}],"wp:term":[{"taxonomy":"category","embeddable":true,"href":"https:\/\/serbischeszentrum.at\/de\/wp-json\/wp\/v2\/categories?post=15333"},{"taxonomy":"post_tag","embeddable":true,"href":"https:\/\/serbischeszentrum.at\/de\/wp-json\/wp\/v2\/tags?post=15333"}],"curies":[{"name":"wp","href":"https:\/\/api.w.org\/{rel}","templated":true}]}}