{"id":13734,"date":"2020-06-19T15:31:00","date_gmt":"2020-06-19T15:31:00","guid":{"rendered":"https:\/\/serbischeszentrum.at\/besuch-serbischer-vereine-in-ooe-und-salzburg\/"},"modified":"2022-07-25T17:13:05","modified_gmt":"2022-07-25T17:13:05","slug":"besuch-serbischer-vereine-in-ooe-und-salzburg","status":"publish","type":"post","link":"https:\/\/serbischeszentrum.at\/de\/besuch-serbischer-vereine-in-ooe-und-salzburg\/","title":{"rendered":"Besuch serbischer Vereine in O\u00d6 und Salzburg"},"content":{"rendered":"\n<p>Vorstandsmitglieder des Serbischen Zentrums aus Wien statteten mehreren serbischen Vereinen aus O\u00d6 und Salzburg vom 19.-21.06.2020 einen Besuch ab. Das Ziel dieser Initiative war ein besseres gegenseitiges Kennenlernen und eine Ausweitung k\u00fcnftiger Zusammenarbeit.&#13;\n&#13;\n<\/p>\n\n<p>Der Besuch der drei St\u00e4dte in O\u00d6 und Salzburg war auch mit dem Vorhaben verbunden, bisherige Erfahrungen auszutauschen und m\u00f6gliche gemeinsame Projekte auszuarbeiten. Neben zahlreichen Vereinen standen auch Treffen mit Vertretern der serbisch-orthodoxen Kirche am Programm.&#13;\n<\/p>\n\n<p>Die Gespr\u00e4chspartner in Gmunden waren Erzpriester Nikola Panti\u0107, Vertreter der Vereins \u201eKnez Lazar\u201c sowie Vorstandsmitglieder der \u201eGemeinschaft serbischer Vereine in O\u00d6\u201c. In Salzburg wurde das Team des Serbischen Zentrums von Erzpriester Dragan Eri\u0107 und den Obm\u00e4nnern der Vereine \u201eKSZS\u201c, \u201eSKUD Stevan Sindjeli\u0107\u201c, \u201eKUD Sloga\u201c, \u201eSKUD Zavi\u010dajno kolo\u201c und \u201eKuK Most\u201c empfangen. Die Gastgeber waren jeweils sehr bem\u00fcht um die G\u00e4ste und es entwickelten sich anregende Gespr\u00e4che.&#13;\n<\/p>\n\n<p> <\/p>\n\n<p>Die Reise wurde mit dem Besuch in Braunau abgeschlossen, wo unsere Vorstandsmitglieder von Vertretern der Vereine \u201eDanica-Austria\u201c, \u201eSKD Srbija\u201c, \u201eSKSK Barili\u201c und \u201eFK Balkan\u201c empfangen wurden. In Braunau ergab sich auch die Gelegenheit, den Soldatenfriedhof Braunau-Haselbach zu besuchen und den serbischen und allen weiteren Opfern des k.u.k. Kriegsgefangenenlagers die Ehre zu erweisen.&#13;\n<\/p>\n\n<p>Der Besuch in O\u00d6 und Salzburg sollte ein erster Schritt sein, sich mit der Arbeit anderer serbischer Vereine in \u00d6sterreich vertraut zu machen. Die Besuche werden uns in Zukunft auch in andere Regionen \u00d6sterreichs f\u00fchren.&#13;\n<\/p>\n\n<p>Es war eine insgesamt sehr lehrreiche Reise in westlichere Regionen des Landes, mit interessanten Gespr\u00e4chen und Erfahrungen, neuen Ideen und wie wir hoffen, baldigen gemeinsamen Projekten, die in Zukunft umgesetzt werden.&#13;\n&#13;\n<\/p>\n\n<div class=\"wp-block-group is-nowrap is-layout-flex wp-container-core-group-is-layout-6c531013 wp-block-group-is-layout-flex\">\n<div class=\"wp-block-group is-nowrap is-layout-flex wp-container-core-group-is-layout-6c531013 wp-block-group-is-layout-flex\">\n<figure class=\"wp-block-gallery has-nested-images columns-5 is-cropped wp-block-gallery-1 is-layout-flex wp-block-gallery-is-layout-flex\">\n<figure class=\"wp-block-image size-full\"><a href=\"https:\/\/serbischeszentrum.at\/wp-content\/uploads\/2022\/05\/1602869364754_IMG_2543.webp\"><img fetchpriority=\"high\" decoding=\"async\" width=\"1000\" height=\"667\" data-id=\"6992\" src=\"https:\/\/serbischeszentrum.at\/wp-content\/uploads\/2022\/05\/1602869364754_IMG_2543.webp\" alt=\"\" class=\"wp-image-6992\" srcset=\"https:\/\/serbischeszentrum.at\/wp-content\/uploads\/2022\/05\/1602869364754_IMG_2543.webp 1000w, https:\/\/serbischeszentrum.at\/wp-content\/uploads\/2022\/05\/1602869364754_IMG_2543-300x200.webp 300w, https:\/\/serbischeszentrum.at\/wp-content\/uploads\/2022\/05\/1602869364754_IMG_2543-768x512.webp 768w\" sizes=\"(max-width: 1000px) 100vw, 1000px\" \/><\/a><\/figure>\n\n\n\n<figure class=\"wp-block-image size-full\"><a href=\"https:\/\/serbischeszentrum.at\/wp-content\/uploads\/2022\/05\/1602869364752_IMG_2540.webp\"><img decoding=\"async\" width=\"1000\" height=\"667\" data-id=\"6991\" src=\"https:\/\/serbischeszentrum.at\/wp-content\/uploads\/2022\/05\/1602869364752_IMG_2540.webp\" alt=\"\" class=\"wp-image-6991\" srcset=\"https:\/\/serbischeszentrum.at\/wp-content\/uploads\/2022\/05\/1602869364752_IMG_2540.webp 1000w, https:\/\/serbischeszentrum.at\/wp-content\/uploads\/2022\/05\/1602869364752_IMG_2540-300x200.webp 300w, https:\/\/serbischeszentrum.at\/wp-content\/uploads\/2022\/05\/1602869364752_IMG_2540-768x512.webp 768w\" sizes=\"(max-width: 1000px) 100vw, 1000px\" \/><\/a><\/figure>\n\n\n\n<figure class=\"wp-block-image size-full\"><a href=\"https:\/\/serbischeszentrum.at\/wp-content\/uploads\/2022\/05\/1602869364752_IMG_2534.webp\"><img decoding=\"async\" width=\"1000\" height=\"667\" data-id=\"6990\" src=\"https:\/\/serbischeszentrum.at\/wp-content\/uploads\/2022\/05\/1602869364752_IMG_2534.webp\" alt=\"\" class=\"wp-image-6990\" srcset=\"https:\/\/serbischeszentrum.at\/wp-content\/uploads\/2022\/05\/1602869364752_IMG_2534.webp 1000w, https:\/\/serbischeszentrum.at\/wp-content\/uploads\/2022\/05\/1602869364752_IMG_2534-300x200.webp 300w, https:\/\/serbischeszentrum.at\/wp-content\/uploads\/2022\/05\/1602869364752_IMG_2534-768x512.webp 768w\" sizes=\"(max-width: 1000px) 100vw, 1000px\" \/><\/a><\/figure>\n\n\n\n<figure class=\"wp-block-image size-full\"><a href=\"https:\/\/serbischeszentrum.at\/wp-content\/uploads\/2022\/05\/1602869364751_IMG_2532.webp\"><img loading=\"lazy\" decoding=\"async\" width=\"1000\" height=\"667\" data-id=\"6989\" src=\"https:\/\/serbischeszentrum.at\/wp-content\/uploads\/2022\/05\/1602869364751_IMG_2532.webp\" alt=\"\" class=\"wp-image-6989\" srcset=\"https:\/\/serbischeszentrum.at\/wp-content\/uploads\/2022\/05\/1602869364751_IMG_2532.webp 1000w, https:\/\/serbischeszentrum.at\/wp-content\/uploads\/2022\/05\/1602869364751_IMG_2532-300x200.webp 300w, https:\/\/serbischeszentrum.at\/wp-content\/uploads\/2022\/05\/1602869364751_IMG_2532-768x512.webp 768w\" sizes=\"(max-width: 1000px) 100vw, 1000px\" \/><\/a><\/figure>\n\n\n\n<figure class=\"wp-block-image size-full\"><a href=\"https:\/\/serbischeszentrum.at\/wp-content\/uploads\/2022\/05\/1602869364750_IMG_2527.webp\"><img loading=\"lazy\" decoding=\"async\" width=\"1000\" height=\"667\" data-id=\"6988\" src=\"https:\/\/serbischeszentrum.at\/wp-content\/uploads\/2022\/05\/1602869364750_IMG_2527.webp\" alt=\"\" class=\"wp-image-6988\" srcset=\"https:\/\/serbischeszentrum.at\/wp-content\/uploads\/2022\/05\/1602869364750_IMG_2527.webp 1000w, https:\/\/serbischeszentrum.at\/wp-content\/uploads\/2022\/05\/1602869364750_IMG_2527-300x200.webp 300w, https:\/\/serbischeszentrum.at\/wp-content\/uploads\/2022\/05\/1602869364750_IMG_2527-768x512.webp 768w\" sizes=\"(max-width: 1000px) 100vw, 1000px\" \/><\/a><\/figure>\n\n\n\n<figure class=\"wp-block-image size-full\"><a href=\"https:\/\/serbischeszentrum.at\/wp-content\/uploads\/2022\/05\/1602869364749_IMG_2515.webp\"><img loading=\"lazy\" decoding=\"async\" width=\"1000\" height=\"667\" data-id=\"6987\" src=\"https:\/\/serbischeszentrum.at\/wp-content\/uploads\/2022\/05\/1602869364749_IMG_2515.webp\" alt=\"\" class=\"wp-image-6987\" srcset=\"https:\/\/serbischeszentrum.at\/wp-content\/uploads\/2022\/05\/1602869364749_IMG_2515.webp 1000w, https:\/\/serbischeszentrum.at\/wp-content\/uploads\/2022\/05\/1602869364749_IMG_2515-300x200.webp 300w, https:\/\/serbischeszentrum.at\/wp-content\/uploads\/2022\/05\/1602869364749_IMG_2515-768x512.webp 768w\" sizes=\"(max-width: 1000px) 100vw, 1000px\" \/><\/a><\/figure>\n\n\n\n<figure class=\"wp-block-image size-full\"><a href=\"https:\/\/serbischeszentrum.at\/wp-content\/uploads\/2022\/05\/1602869364748_IMG_2511.webp\"><img loading=\"lazy\" decoding=\"async\" width=\"1000\" height=\"667\" data-id=\"6986\" src=\"https:\/\/serbischeszentrum.at\/wp-content\/uploads\/2022\/05\/1602869364748_IMG_2511.webp\" alt=\"\" class=\"wp-image-6986\" srcset=\"https:\/\/serbischeszentrum.at\/wp-content\/uploads\/2022\/05\/1602869364748_IMG_2511.webp 1000w, https:\/\/serbischeszentrum.at\/wp-content\/uploads\/2022\/05\/1602869364748_IMG_2511-300x200.webp 300w, https:\/\/serbischeszentrum.at\/wp-content\/uploads\/2022\/05\/1602869364748_IMG_2511-768x512.webp 768w\" sizes=\"(max-width: 1000px) 100vw, 1000px\" \/><\/a><\/figure>\n\n\n\n<figure class=\"wp-block-image size-full\"><a href=\"https:\/\/serbischeszentrum.at\/wp-content\/uploads\/2022\/05\/1602869364748_IMG_2510.webp\"><img loading=\"lazy\" decoding=\"async\" width=\"806\" height=\"537\" data-id=\"6985\" src=\"https:\/\/serbischeszentrum.at\/wp-content\/uploads\/2022\/05\/1602869364748_IMG_2510.webp\" alt=\"\" class=\"wp-image-6985\" srcset=\"https:\/\/serbischeszentrum.at\/wp-content\/uploads\/2022\/05\/1602869364748_IMG_2510.webp 806w, https:\/\/serbischeszentrum.at\/wp-content\/uploads\/2022\/05\/1602869364748_IMG_2510-300x200.webp 300w, https:\/\/serbischeszentrum.at\/wp-content\/uploads\/2022\/05\/1602869364748_IMG_2510-768x512.webp 768w\" sizes=\"(max-width: 806px) 100vw, 806px\" \/><\/a><\/figure>\n\n\n\n<figure class=\"wp-block-image size-full\"><a href=\"https:\/\/serbischeszentrum.at\/wp-content\/uploads\/2022\/05\/1602869364746_IMG_2570.webp\"><img loading=\"lazy\" decoding=\"async\" width=\"1000\" height=\"667\" data-id=\"6984\" src=\"https:\/\/serbischeszentrum.at\/wp-content\/uploads\/2022\/05\/1602869364746_IMG_2570.webp\" alt=\"\" class=\"wp-image-6984\" srcset=\"https:\/\/serbischeszentrum.at\/wp-content\/uploads\/2022\/05\/1602869364746_IMG_2570.webp 1000w, https:\/\/serbischeszentrum.at\/wp-content\/uploads\/2022\/05\/1602869364746_IMG_2570-300x200.webp 300w, https:\/\/serbischeszentrum.at\/wp-content\/uploads\/2022\/05\/1602869364746_IMG_2570-768x512.webp 768w\" sizes=\"(max-width: 1000px) 100vw, 1000px\" \/><\/a><\/figure>\n\n\n\n<figure class=\"wp-block-image size-full\"><a href=\"https:\/\/serbischeszentrum.at\/wp-content\/uploads\/2022\/05\/1602869364744_IMG_2560.webp\"><img loading=\"lazy\" decoding=\"async\" width=\"1000\" height=\"667\" data-id=\"6983\" src=\"https:\/\/serbischeszentrum.at\/wp-content\/uploads\/2022\/05\/1602869364744_IMG_2560.webp\" alt=\"\" class=\"wp-image-6983\" srcset=\"https:\/\/serbischeszentrum.at\/wp-content\/uploads\/2022\/05\/1602869364744_IMG_2560.webp 1000w, https:\/\/serbischeszentrum.at\/wp-content\/uploads\/2022\/05\/1602869364744_IMG_2560-300x200.webp 300w, https:\/\/serbischeszentrum.at\/wp-content\/uploads\/2022\/05\/1602869364744_IMG_2560-768x512.webp 768w\" sizes=\"(max-width: 1000px) 100vw, 1000px\" \/><\/a><\/figure>\n\n\n\n<figure class=\"wp-block-image size-full\"><a href=\"https:\/\/serbischeszentrum.at\/wp-content\/uploads\/2022\/05\/1602869364744_IMG_2557.webp\"><img loading=\"lazy\" decoding=\"async\" width=\"1000\" height=\"667\" data-id=\"6982\" src=\"https:\/\/serbischeszentrum.at\/wp-content\/uploads\/2022\/05\/1602869364744_IMG_2557.webp\" alt=\"\" class=\"wp-image-6982\" srcset=\"https:\/\/serbischeszentrum.at\/wp-content\/uploads\/2022\/05\/1602869364744_IMG_2557.webp 1000w, https:\/\/serbischeszentrum.at\/wp-content\/uploads\/2022\/05\/1602869364744_IMG_2557-300x200.webp 300w, https:\/\/serbischeszentrum.at\/wp-content\/uploads\/2022\/05\/1602869364744_IMG_2557-768x512.webp 768w\" sizes=\"(max-width: 1000px) 100vw, 1000px\" \/><\/a><\/figure>\n\n\n\n<figure class=\"wp-block-image size-full\"><a href=\"https:\/\/serbischeszentrum.at\/wp-content\/uploads\/2022\/05\/1602869364742_IMG_2549.webp\"><img loading=\"lazy\" decoding=\"async\" width=\"1000\" height=\"667\" data-id=\"6981\" src=\"https:\/\/serbischeszentrum.at\/wp-content\/uploads\/2022\/05\/1602869364742_IMG_2549.webp\" alt=\"\" class=\"wp-image-6981\" srcset=\"https:\/\/serbischeszentrum.at\/wp-content\/uploads\/2022\/05\/1602869364742_IMG_2549.webp 1000w, https:\/\/serbischeszentrum.at\/wp-content\/uploads\/2022\/05\/1602869364742_IMG_2549-300x200.webp 300w, https:\/\/serbischeszentrum.at\/wp-content\/uploads\/2022\/05\/1602869364742_IMG_2549-768x512.webp 768w\" sizes=\"(max-width: 1000px) 100vw, 1000px\" \/><\/a><\/figure>\n<\/figure>\n<\/div>\n<\/div>\n","protected":false},"excerpt":{"rendered":"<p>Vorstandsmitglieder des Serbischen Zentrums aus Wien statteten mehreren serbischen Vereinen aus O\u00d6 und Salzburg vom 19.-21.06.2020 einen Besuch ab. Das Ziel dieser Initiative war ein besseres gegenseitiges Kennenlernen und eine Ausweitung k\u00fcnftiger Zusammenarbeit.<\/p>\n","protected":false},"author":1,"featured_media":11600,"comment_status":"open","ping_status":"open","sticky":false,"template":"","format":"standard","meta":{"_acf_changed":false,"footnotes":""},"categories":[40],"tags":[],"class_list":["post-13734","post","type-post","status-publish","format-standard","has-post-thumbnail","hentry","category-wohltatige-arbeit"],"acf":[],"yoast_head":"<!-- This site is optimized with the Yoast SEO plugin v27.4 - https:\/\/yoast.com\/product\/yoast-seo-wordpress\/ -->\n<title>Besuch serbischer Vereine in O\u00d6 und Salzburg - Srpski centar<\/title>\n<meta name=\"robots\" content=\"index, follow, max-snippet:-1, max-image-preview:large, max-video-preview:-1\" \/>\n<link rel=\"canonical\" href=\"https:\/\/serbischeszentrum.at\/de\/besuch-serbischer-vereine-in-ooe-und-salzburg\/\" \/>\n<meta property=\"og:locale\" content=\"de_DE\" \/>\n<meta property=\"og:type\" content=\"article\" \/>\n<meta property=\"og:title\" content=\"Besuch serbischer Vereine in O\u00d6 und Salzburg - Srpski centar\" \/>\n<meta property=\"og:description\" content=\"Vorstandsmitglieder des Serbischen Zentrums aus Wien statteten mehreren serbischen Vereinen aus O\u00d6 und Salzburg vom 19.-21.06.2020 einen Besuch ab. Das Ziel dieser Initiative war ein besseres gegenseitiges Kennenlernen und eine Ausweitung k\u00fcnftiger Zusammenarbeit.\" \/>\n<meta property=\"og:url\" content=\"https:\/\/serbischeszentrum.at\/de\/besuch-serbischer-vereine-in-ooe-und-salzburg\/\" \/>\n<meta property=\"og:site_name\" content=\"Srpski centar\" \/>\n<meta property=\"article:publisher\" content=\"https:\/\/www.facebook.com\/serbischeszentrum\" \/>\n<meta property=\"article:published_time\" content=\"2020-06-19T15:31:00+00:00\" \/>\n<meta property=\"article:modified_time\" content=\"2022-07-25T17:13:05+00:00\" \/>\n<meta property=\"og:image\" content=\"https:\/\/serbischeszentrum.at\/wp-content\/uploads\/2022\/05\/1602869339319_IMG_2575.webp\" \/>\n\t<meta property=\"og:image:width\" content=\"1500\" \/>\n\t<meta property=\"og:image:height\" content=\"1000\" \/>\n\t<meta property=\"og:image:type\" content=\"image\/webp\" \/>\n<meta name=\"author\" content=\"Jovan\" \/>\n<meta name=\"twitter:card\" content=\"summary_large_image\" \/>\n<meta name=\"twitter:label1\" content=\"Verfasst von\" \/>\n\t<meta name=\"twitter:data1\" content=\"Jovan\" \/>\n\t<meta name=\"twitter:label2\" content=\"Gesch\u00e4tzte Lesezeit\" \/>\n\t<meta name=\"twitter:data2\" content=\"1\u00a0Minute\" \/>\n<script type=\"application\/ld+json\" class=\"yoast-schema-graph\">{\"@context\":\"https:\\\/\\\/schema.org\",\"@graph\":[{\"@type\":\"Article\",\"@id\":\"https:\\\/\\\/serbischeszentrum.at\\\/de\\\/besuch-serbischer-vereine-in-ooe-und-salzburg\\\/#article\",\"isPartOf\":{\"@id\":\"https:\\\/\\\/serbischeszentrum.at\\\/de\\\/besuch-serbischer-vereine-in-ooe-und-salzburg\\\/\"},\"author\":{\"name\":\"Jovan\",\"@id\":\"https:\\\/\\\/serbischeszentrum.at\\\/de\\\/#\\\/schema\\\/person\\\/8e729006f685e411cdc165f7963682e4\"},\"headline\":\"Besuch serbischer Vereine in O\u00d6 und Salzburg\",\"datePublished\":\"2020-06-19T15:31:00+00:00\",\"dateModified\":\"2022-07-25T17:13:05+00:00\",\"mainEntityOfPage\":{\"@id\":\"https:\\\/\\\/serbischeszentrum.at\\\/de\\\/besuch-serbischer-vereine-in-ooe-und-salzburg\\\/\"},\"wordCount\":273,\"commentCount\":0,\"publisher\":{\"@id\":\"https:\\\/\\\/serbischeszentrum.at\\\/de\\\/#organization\"},\"image\":{\"@id\":\"https:\\\/\\\/serbischeszentrum.at\\\/de\\\/besuch-serbischer-vereine-in-ooe-und-salzburg\\\/#primaryimage\"},\"thumbnailUrl\":\"https:\\\/\\\/serbischeszentrum.at\\\/wp-content\\\/uploads\\\/2022\\\/05\\\/1602869339319_IMG_2575.webp\",\"articleSection\":[\"Wohlt\u00e4tige Arbeit\"],\"inLanguage\":\"de\",\"potentialAction\":[{\"@type\":\"CommentAction\",\"name\":\"Comment\",\"target\":[\"https:\\\/\\\/serbischeszentrum.at\\\/de\\\/besuch-serbischer-vereine-in-ooe-und-salzburg\\\/#respond\"]}]},{\"@type\":\"WebPage\",\"@id\":\"https:\\\/\\\/serbischeszentrum.at\\\/de\\\/besuch-serbischer-vereine-in-ooe-und-salzburg\\\/\",\"url\":\"https:\\\/\\\/serbischeszentrum.at\\\/de\\\/besuch-serbischer-vereine-in-ooe-und-salzburg\\\/\",\"name\":\"Besuch serbischer Vereine in O\u00d6 und Salzburg - Srpski centar\",\"isPartOf\":{\"@id\":\"https:\\\/\\\/serbischeszentrum.at\\\/de\\\/#website\"},\"primaryImageOfPage\":{\"@id\":\"https:\\\/\\\/serbischeszentrum.at\\\/de\\\/besuch-serbischer-vereine-in-ooe-und-salzburg\\\/#primaryimage\"},\"image\":{\"@id\":\"https:\\\/\\\/serbischeszentrum.at\\\/de\\\/besuch-serbischer-vereine-in-ooe-und-salzburg\\\/#primaryimage\"},\"thumbnailUrl\":\"https:\\\/\\\/serbischeszentrum.at\\\/wp-content\\\/uploads\\\/2022\\\/05\\\/1602869339319_IMG_2575.webp\",\"datePublished\":\"2020-06-19T15:31:00+00:00\",\"dateModified\":\"2022-07-25T17:13:05+00:00\",\"breadcrumb\":{\"@id\":\"https:\\\/\\\/serbischeszentrum.at\\\/de\\\/besuch-serbischer-vereine-in-ooe-und-salzburg\\\/#breadcrumb\"},\"inLanguage\":\"de\",\"potentialAction\":[{\"@type\":\"ReadAction\",\"target\":[\"https:\\\/\\\/serbischeszentrum.at\\\/de\\\/besuch-serbischer-vereine-in-ooe-und-salzburg\\\/\"]}]},{\"@type\":\"ImageObject\",\"inLanguage\":\"de\",\"@id\":\"https:\\\/\\\/serbischeszentrum.at\\\/de\\\/besuch-serbischer-vereine-in-ooe-und-salzburg\\\/#primaryimage\",\"url\":\"https:\\\/\\\/serbischeszentrum.at\\\/wp-content\\\/uploads\\\/2022\\\/05\\\/1602869339319_IMG_2575.webp\",\"contentUrl\":\"https:\\\/\\\/serbischeszentrum.at\\\/wp-content\\\/uploads\\\/2022\\\/05\\\/1602869339319_IMG_2575.webp\",\"width\":1500,\"height\":1000},{\"@type\":\"BreadcrumbList\",\"@id\":\"https:\\\/\\\/serbischeszentrum.at\\\/de\\\/besuch-serbischer-vereine-in-ooe-und-salzburg\\\/#breadcrumb\",\"itemListElement\":[{\"@type\":\"ListItem\",\"position\":1,\"name\":\"Home\",\"item\":\"https:\\\/\\\/serbischeszentrum.at\\\/de\\\/\"},{\"@type\":\"ListItem\",\"position\":2,\"name\":\"Besuch serbischer Vereine in O\u00d6 und Salzburg\"}]},{\"@type\":\"WebSite\",\"@id\":\"https:\\\/\\\/serbischeszentrum.at\\\/de\\\/#website\",\"url\":\"https:\\\/\\\/serbischeszentrum.at\\\/de\\\/\",\"name\":\"Srpski centar\",\"description\":\"Platforma dru\u0161tvenih i kulturnih inicijativa\",\"publisher\":{\"@id\":\"https:\\\/\\\/serbischeszentrum.at\\\/de\\\/#organization\"},\"potentialAction\":[{\"@type\":\"SearchAction\",\"target\":{\"@type\":\"EntryPoint\",\"urlTemplate\":\"https:\\\/\\\/serbischeszentrum.at\\\/de\\\/?s={search_term_string}\"},\"query-input\":{\"@type\":\"PropertyValueSpecification\",\"valueRequired\":true,\"valueName\":\"search_term_string\"}}],\"inLanguage\":\"de\"},{\"@type\":\"Organization\",\"@id\":\"https:\\\/\\\/serbischeszentrum.at\\\/de\\\/#organization\",\"name\":\"Serbishes Zentrum\",\"alternateName\":\"Srpski Centar\",\"url\":\"https:\\\/\\\/serbischeszentrum.at\\\/de\\\/\",\"logo\":{\"@type\":\"ImageObject\",\"inLanguage\":\"de\",\"@id\":\"https:\\\/\\\/serbischeszentrum.at\\\/de\\\/#\\\/schema\\\/logo\\\/image\\\/\",\"url\":\"https:\\\/\\\/serbischeszentrum.at\\\/wp-content\\\/uploads\\\/2022\\\/09\\\/srpski-centar-logo-kruzni.jpg\",\"contentUrl\":\"https:\\\/\\\/serbischeszentrum.at\\\/wp-content\\\/uploads\\\/2022\\\/09\\\/srpski-centar-logo-kruzni.jpg\",\"width\":1000,\"height\":1000,\"caption\":\"Serbishes Zentrum\"},\"image\":{\"@id\":\"https:\\\/\\\/serbischeszentrum.at\\\/de\\\/#\\\/schema\\\/logo\\\/image\\\/\"},\"sameAs\":[\"https:\\\/\\\/www.facebook.com\\\/serbischeszentrum\",\"https:\\\/\\\/www.instagram.com\\\/serbischeszentrum\\\/\"]},{\"@type\":\"Person\",\"@id\":\"https:\\\/\\\/serbischeszentrum.at\\\/de\\\/#\\\/schema\\\/person\\\/8e729006f685e411cdc165f7963682e4\",\"name\":\"Jovan\",\"image\":{\"@type\":\"ImageObject\",\"inLanguage\":\"de\",\"@id\":\"https:\\\/\\\/secure.gravatar.com\\\/avatar\\\/10370f1dc9d2d41dac697fdb1f91e164fb897f8db027d8028cc267128c7bcb61?s=96&d=mm&r=g\",\"url\":\"https:\\\/\\\/secure.gravatar.com\\\/avatar\\\/10370f1dc9d2d41dac697fdb1f91e164fb897f8db027d8028cc267128c7bcb61?s=96&d=mm&r=g\",\"contentUrl\":\"https:\\\/\\\/secure.gravatar.com\\\/avatar\\\/10370f1dc9d2d41dac697fdb1f91e164fb897f8db027d8028cc267128c7bcb61?s=96&d=mm&r=g\",\"caption\":\"Jovan\"},\"sameAs\":[\"https:\\\/\\\/serbischeszentrum.at\"],\"url\":\"https:\\\/\\\/serbischeszentrum.at\\\/de\\\/author\\\/admin\\\/\"}]}<\/script>\n<!-- \/ Yoast SEO plugin. -->","yoast_head_json":{"title":"Besuch serbischer Vereine in O\u00d6 und Salzburg - Srpski centar","robots":{"index":"index","follow":"follow","max-snippet":"max-snippet:-1","max-image-preview":"max-image-preview:large","max-video-preview":"max-video-preview:-1"},"canonical":"https:\/\/serbischeszentrum.at\/de\/besuch-serbischer-vereine-in-ooe-und-salzburg\/","og_locale":"de_DE","og_type":"article","og_title":"Besuch serbischer Vereine in O\u00d6 und Salzburg - Srpski centar","og_description":"Vorstandsmitglieder des Serbischen Zentrums aus Wien statteten mehreren serbischen Vereinen aus O\u00d6 und Salzburg vom 19.-21.06.2020 einen Besuch ab. Das Ziel dieser Initiative war ein besseres gegenseitiges Kennenlernen und eine Ausweitung k\u00fcnftiger Zusammenarbeit.","og_url":"https:\/\/serbischeszentrum.at\/de\/besuch-serbischer-vereine-in-ooe-und-salzburg\/","og_site_name":"Srpski centar","article_publisher":"https:\/\/www.facebook.com\/serbischeszentrum","article_published_time":"2020-06-19T15:31:00+00:00","article_modified_time":"2022-07-25T17:13:05+00:00","og_image":[{"width":1500,"height":1000,"url":"https:\/\/serbischeszentrum.at\/wp-content\/uploads\/2022\/05\/1602869339319_IMG_2575.webp","type":"image\/webp"}],"author":"Jovan","twitter_card":"summary_large_image","twitter_misc":{"Verfasst von":"Jovan","Gesch\u00e4tzte Lesezeit":"1\u00a0Minute"},"schema":{"@context":"https:\/\/schema.org","@graph":[{"@type":"Article","@id":"https:\/\/serbischeszentrum.at\/de\/besuch-serbischer-vereine-in-ooe-und-salzburg\/#article","isPartOf":{"@id":"https:\/\/serbischeszentrum.at\/de\/besuch-serbischer-vereine-in-ooe-und-salzburg\/"},"author":{"name":"Jovan","@id":"https:\/\/serbischeszentrum.at\/de\/#\/schema\/person\/8e729006f685e411cdc165f7963682e4"},"headline":"Besuch serbischer Vereine in O\u00d6 und Salzburg","datePublished":"2020-06-19T15:31:00+00:00","dateModified":"2022-07-25T17:13:05+00:00","mainEntityOfPage":{"@id":"https:\/\/serbischeszentrum.at\/de\/besuch-serbischer-vereine-in-ooe-und-salzburg\/"},"wordCount":273,"commentCount":0,"publisher":{"@id":"https:\/\/serbischeszentrum.at\/de\/#organization"},"image":{"@id":"https:\/\/serbischeszentrum.at\/de\/besuch-serbischer-vereine-in-ooe-und-salzburg\/#primaryimage"},"thumbnailUrl":"https:\/\/serbischeszentrum.at\/wp-content\/uploads\/2022\/05\/1602869339319_IMG_2575.webp","articleSection":["Wohlt\u00e4tige Arbeit"],"inLanguage":"de","potentialAction":[{"@type":"CommentAction","name":"Comment","target":["https:\/\/serbischeszentrum.at\/de\/besuch-serbischer-vereine-in-ooe-und-salzburg\/#respond"]}]},{"@type":"WebPage","@id":"https:\/\/serbischeszentrum.at\/de\/besuch-serbischer-vereine-in-ooe-und-salzburg\/","url":"https:\/\/serbischeszentrum.at\/de\/besuch-serbischer-vereine-in-ooe-und-salzburg\/","name":"Besuch serbischer Vereine in O\u00d6 und Salzburg - Srpski centar","isPartOf":{"@id":"https:\/\/serbischeszentrum.at\/de\/#website"},"primaryImageOfPage":{"@id":"https:\/\/serbischeszentrum.at\/de\/besuch-serbischer-vereine-in-ooe-und-salzburg\/#primaryimage"},"image":{"@id":"https:\/\/serbischeszentrum.at\/de\/besuch-serbischer-vereine-in-ooe-und-salzburg\/#primaryimage"},"thumbnailUrl":"https:\/\/serbischeszentrum.at\/wp-content\/uploads\/2022\/05\/1602869339319_IMG_2575.webp","datePublished":"2020-06-19T15:31:00+00:00","dateModified":"2022-07-25T17:13:05+00:00","breadcrumb":{"@id":"https:\/\/serbischeszentrum.at\/de\/besuch-serbischer-vereine-in-ooe-und-salzburg\/#breadcrumb"},"inLanguage":"de","potentialAction":[{"@type":"ReadAction","target":["https:\/\/serbischeszentrum.at\/de\/besuch-serbischer-vereine-in-ooe-und-salzburg\/"]}]},{"@type":"ImageObject","inLanguage":"de","@id":"https:\/\/serbischeszentrum.at\/de\/besuch-serbischer-vereine-in-ooe-und-salzburg\/#primaryimage","url":"https:\/\/serbischeszentrum.at\/wp-content\/uploads\/2022\/05\/1602869339319_IMG_2575.webp","contentUrl":"https:\/\/serbischeszentrum.at\/wp-content\/uploads\/2022\/05\/1602869339319_IMG_2575.webp","width":1500,"height":1000},{"@type":"BreadcrumbList","@id":"https:\/\/serbischeszentrum.at\/de\/besuch-serbischer-vereine-in-ooe-und-salzburg\/#breadcrumb","itemListElement":[{"@type":"ListItem","position":1,"name":"Home","item":"https:\/\/serbischeszentrum.at\/de\/"},{"@type":"ListItem","position":2,"name":"Besuch serbischer Vereine in O\u00d6 und Salzburg"}]},{"@type":"WebSite","@id":"https:\/\/serbischeszentrum.at\/de\/#website","url":"https:\/\/serbischeszentrum.at\/de\/","name":"Srpski centar","description":"Platforma dru\u0161tvenih i kulturnih inicijativa","publisher":{"@id":"https:\/\/serbischeszentrum.at\/de\/#organization"},"potentialAction":[{"@type":"SearchAction","target":{"@type":"EntryPoint","urlTemplate":"https:\/\/serbischeszentrum.at\/de\/?s={search_term_string}"},"query-input":{"@type":"PropertyValueSpecification","valueRequired":true,"valueName":"search_term_string"}}],"inLanguage":"de"},{"@type":"Organization","@id":"https:\/\/serbischeszentrum.at\/de\/#organization","name":"Serbishes Zentrum","alternateName":"Srpski Centar","url":"https:\/\/serbischeszentrum.at\/de\/","logo":{"@type":"ImageObject","inLanguage":"de","@id":"https:\/\/serbischeszentrum.at\/de\/#\/schema\/logo\/image\/","url":"https:\/\/serbischeszentrum.at\/wp-content\/uploads\/2022\/09\/srpski-centar-logo-kruzni.jpg","contentUrl":"https:\/\/serbischeszentrum.at\/wp-content\/uploads\/2022\/09\/srpski-centar-logo-kruzni.jpg","width":1000,"height":1000,"caption":"Serbishes Zentrum"},"image":{"@id":"https:\/\/serbischeszentrum.at\/de\/#\/schema\/logo\/image\/"},"sameAs":["https:\/\/www.facebook.com\/serbischeszentrum","https:\/\/www.instagram.com\/serbischeszentrum\/"]},{"@type":"Person","@id":"https:\/\/serbischeszentrum.at\/de\/#\/schema\/person\/8e729006f685e411cdc165f7963682e4","name":"Jovan","image":{"@type":"ImageObject","inLanguage":"de","@id":"https:\/\/secure.gravatar.com\/avatar\/10370f1dc9d2d41dac697fdb1f91e164fb897f8db027d8028cc267128c7bcb61?s=96&d=mm&r=g","url":"https:\/\/secure.gravatar.com\/avatar\/10370f1dc9d2d41dac697fdb1f91e164fb897f8db027d8028cc267128c7bcb61?s=96&d=mm&r=g","contentUrl":"https:\/\/secure.gravatar.com\/avatar\/10370f1dc9d2d41dac697fdb1f91e164fb897f8db027d8028cc267128c7bcb61?s=96&d=mm&r=g","caption":"Jovan"},"sameAs":["https:\/\/serbischeszentrum.at"],"url":"https:\/\/serbischeszentrum.at\/de\/author\/admin\/"}]}},"_links":{"self":[{"href":"https:\/\/serbischeszentrum.at\/de\/wp-json\/wp\/v2\/posts\/13734","targetHints":{"allow":["GET"]}}],"collection":[{"href":"https:\/\/serbischeszentrum.at\/de\/wp-json\/wp\/v2\/posts"}],"about":[{"href":"https:\/\/serbischeszentrum.at\/de\/wp-json\/wp\/v2\/types\/post"}],"author":[{"embeddable":true,"href":"https:\/\/serbischeszentrum.at\/de\/wp-json\/wp\/v2\/users\/1"}],"replies":[{"embeddable":true,"href":"https:\/\/serbischeszentrum.at\/de\/wp-json\/wp\/v2\/comments?post=13734"}],"version-history":[{"count":0,"href":"https:\/\/serbischeszentrum.at\/de\/wp-json\/wp\/v2\/posts\/13734\/revisions"}],"wp:featuredmedia":[{"embeddable":true,"href":"https:\/\/serbischeszentrum.at\/de\/wp-json\/wp\/v2\/media\/11600"}],"wp:attachment":[{"href":"https:\/\/serbischeszentrum.at\/de\/wp-json\/wp\/v2\/media?parent=13734"}],"wp:term":[{"taxonomy":"category","embeddable":true,"href":"https:\/\/serbischeszentrum.at\/de\/wp-json\/wp\/v2\/categories?post=13734"},{"taxonomy":"post_tag","embeddable":true,"href":"https:\/\/serbischeszentrum.at\/de\/wp-json\/wp\/v2\/tags?post=13734"}],"curies":[{"name":"wp","href":"https:\/\/api.w.org\/{rel}","templated":true}]}}