{"id":13730,"date":"2019-12-16T16:54:00","date_gmt":"2019-12-16T16:54:00","guid":{"rendered":"https:\/\/serbischeszentrum.at\/nebeska-tema-eine-geschichte-ueber-vlada-divljan\/"},"modified":"2022-07-25T17:18:27","modified_gmt":"2022-07-25T17:18:27","slug":"nebeska-tema-eine-geschichte-ueber-vlada-divljan","status":"publish","type":"post","link":"https:\/\/serbischeszentrum.at\/de\/nebeska-tema-eine-geschichte-ueber-vlada-divljan\/","title":{"rendered":"\u201eNebeska tema\u201c \u2013 Eine Geschichte \u00fcber Vlada Divljan"},"content":{"rendered":"\n<p>\u201eNebeska tema \u2013 pri\u010da o Vladi Divljanju\u201c, ein Dokumentarfilm \u00fcber den legend\u00e4ren Musiker Vlada Divljan, wurde unter der Organisation des Serbischen Zentrums und in Anwesenheit des Regisseurs Mladen Mati\u010devi\u0107 am 16.12.2019 in Wien uraufgef\u00fchrt.&#13;\n&#13;\n<\/p>\n\n<p>Die Karten f\u00fcr den Film \u00fcber unsere viel zu fr\u00fch verstorbene Rock \u2019n\u2019 Roll Legende und \u201eewigen Teenager\u201c Vlada Divljan waren schnell vergriffen, das Wiener Stadtkino war schon Tage vor der Filmpremiere ausverkauft. Die G\u00e4ste \u2013 unter ihnen auch die Familie des Musikers \u2013 wurden von Milan Vidovi\u0107, Vorstandsmitglied des Serbischen Zentrums, begr\u00fc\u00dft. Vidovi\u0107 betonte, dass die Musik von Vlada Divljan f\u00fcr mehrere Generationen eine gro\u00dfe Bedeutung hat und diese Filmvorstellung ein kleines Dankesch\u00f6n an ihn ist \u2013 f\u00fcr die herausragende Musik, die er uns geschenkt hat.&#13;\n<\/p>\n\n<p>Der Dokumentarfilm \u201eNebeska tema\u201c, der auch Spielfilm-Elemente beinhaltete, zeigte die Vielseitigkeit Vlada Divljans, des Mitglieds der legend\u00e4ren Band \u201eIdoli\u201c, aber auch des au\u00dferordentlichen Studenten und Diplom-Ingenieurs der Geologie. Neben vielen jugoslawischen Musiklegenden waren auch einige Freunde des Musikers im Film zu sehen. Unter anderem wirkten Darko Rundek, Mom\u010dilo Bajagi\u0107 Bajaga, Svetozar Cvetkovi\u0107, Zdenko Kolar, Sr\u0111an Gojkovi\u0107 Gile, Du\u0161an Koji\u0107 Koja, Srdjan \u0160aper und Goranka Mati\u0107 mit. Au\u00dferdem ist Divljans Familie, seine Frau Dina und seine S\u00f6hne Stevan und Pavle, die auch bei der Wien-Premiere anwesend waren, zu sehen. Der Film wurde in Belgrad, Zagreb, Wien, Rovinj und Bra\u010d gedreht und in vielen L\u00e4ndern gezeigt, darunter Serbien, Kroatien, Bosnien und Herzegowina, Mazedonien, Montenegro und Kanada. Die Premiere in Wien war auch deshalb eine besondere, da Vlada von 1998 bis zu seinem Tod in Wien lebte.&#13;\n<\/p>\n\n<p>Nach der Vorstellung stand Regisseur Mladen Mati\u010devi\u0107 dem Publikum Rede und Antwort. Unter anderem stellte er fest, dass Divljans Musik und die damalige \u201eNeue Welle\u201c Einfluss auf das Leben mehrerer Generationen hatte. Au\u00dferdem beschrieb er seinen Film als ganz pers\u00f6nliches Werk der Liebe und Anerkennung f\u00fcr Vlada Divljan, sowohl von ihm selbst als auch von Seiten aller Mitwirkenden.&#13;\n&#13;\n<\/p>\n\n<p> <\/p>\n\n<p> <\/p>\n\n<p> <\/p>\n\n<p> <\/p>\n\n<p> <\/p>\n\n<p> <\/p>\n\n<div class=\"wp-block-group is-nowrap is-layout-flex wp-container-core-group-is-layout-6c531013 wp-block-group-is-layout-flex\">\n<figure class=\"wp-block-gallery has-nested-images columns-6 is-cropped wp-block-gallery-1 is-layout-flex wp-block-gallery-is-layout-flex\">\n<figure class=\"wp-block-image size-full\"><a href=\"https:\/\/serbischeszentrum.at\/wp-content\/uploads\/2022\/05\/IMG_3371.webp\"><img fetchpriority=\"high\" decoding=\"async\" width=\"849\" height=\"498\" data-id=\"7120\" src=\"https:\/\/serbischeszentrum.at\/wp-content\/uploads\/2022\/05\/IMG_3371.webp\" alt=\"\" class=\"wp-image-7120\" srcset=\"https:\/\/serbischeszentrum.at\/wp-content\/uploads\/2022\/05\/IMG_3371.webp 849w, https:\/\/serbischeszentrum.at\/wp-content\/uploads\/2022\/05\/IMG_3371-300x176.webp 300w, https:\/\/serbischeszentrum.at\/wp-content\/uploads\/2022\/05\/IMG_3371-768x450.webp 768w\" sizes=\"(max-width: 849px) 100vw, 849px\" \/><\/a><\/figure>\n\n\n\n<figure class=\"wp-block-image size-full\"><a href=\"https:\/\/serbischeszentrum.at\/wp-content\/uploads\/2022\/05\/IMG_3526.webp\"><img decoding=\"async\" width=\"667\" height=\"1000\" data-id=\"7150\" src=\"https:\/\/serbischeszentrum.at\/wp-content\/uploads\/2022\/05\/IMG_3526.webp\" alt=\"\" class=\"wp-image-7150\" srcset=\"https:\/\/serbischeszentrum.at\/wp-content\/uploads\/2022\/05\/IMG_3526.webp 667w, https:\/\/serbischeszentrum.at\/wp-content\/uploads\/2022\/05\/IMG_3526-200x300.webp 200w\" sizes=\"(max-width: 667px) 100vw, 667px\" \/><\/a><\/figure>\n\n\n\n<figure class=\"wp-block-image size-full\"><a href=\"https:\/\/serbischeszentrum.at\/wp-content\/uploads\/2022\/05\/IMG_3521.webp\"><img decoding=\"async\" width=\"1000\" height=\"667\" data-id=\"7147\" src=\"https:\/\/serbischeszentrum.at\/wp-content\/uploads\/2022\/05\/IMG_3521.webp\" alt=\"\" class=\"wp-image-7147\" srcset=\"https:\/\/serbischeszentrum.at\/wp-content\/uploads\/2022\/05\/IMG_3521.webp 1000w, https:\/\/serbischeszentrum.at\/wp-content\/uploads\/2022\/05\/IMG_3521-300x200.webp 300w, https:\/\/serbischeszentrum.at\/wp-content\/uploads\/2022\/05\/IMG_3521-768x512.webp 768w\" sizes=\"(max-width: 1000px) 100vw, 1000px\" \/><\/a><\/figure>\n\n\n\n<figure class=\"wp-block-image size-full\"><a href=\"https:\/\/serbischeszentrum.at\/wp-content\/uploads\/2022\/05\/IMG_3511.webp\"><img loading=\"lazy\" decoding=\"async\" width=\"1000\" height=\"667\" data-id=\"7146\" src=\"https:\/\/serbischeszentrum.at\/wp-content\/uploads\/2022\/05\/IMG_3511.webp\" alt=\"\" class=\"wp-image-7146\" srcset=\"https:\/\/serbischeszentrum.at\/wp-content\/uploads\/2022\/05\/IMG_3511.webp 1000w, https:\/\/serbischeszentrum.at\/wp-content\/uploads\/2022\/05\/IMG_3511-300x200.webp 300w, https:\/\/serbischeszentrum.at\/wp-content\/uploads\/2022\/05\/IMG_3511-768x512.webp 768w\" sizes=\"(max-width: 1000px) 100vw, 1000px\" \/><\/a><\/figure>\n\n\n\n<figure class=\"wp-block-image size-full\"><a href=\"https:\/\/serbischeszentrum.at\/wp-content\/uploads\/2022\/05\/IMG_3510.webp\"><img loading=\"lazy\" decoding=\"async\" width=\"1000\" height=\"667\" data-id=\"7145\" src=\"https:\/\/serbischeszentrum.at\/wp-content\/uploads\/2022\/05\/IMG_3510.webp\" alt=\"\" class=\"wp-image-7145\" srcset=\"https:\/\/serbischeszentrum.at\/wp-content\/uploads\/2022\/05\/IMG_3510.webp 1000w, https:\/\/serbischeszentrum.at\/wp-content\/uploads\/2022\/05\/IMG_3510-300x200.webp 300w, https:\/\/serbischeszentrum.at\/wp-content\/uploads\/2022\/05\/IMG_3510-768x512.webp 768w\" sizes=\"(max-width: 1000px) 100vw, 1000px\" \/><\/a><\/figure>\n\n\n\n<figure class=\"wp-block-image size-full\"><a href=\"https:\/\/serbischeszentrum.at\/wp-content\/uploads\/2022\/05\/IMG_3509.webp\"><img loading=\"lazy\" decoding=\"async\" width=\"1000\" height=\"667\" data-id=\"7144\" src=\"https:\/\/serbischeszentrum.at\/wp-content\/uploads\/2022\/05\/IMG_3509.webp\" alt=\"\" class=\"wp-image-7144\" srcset=\"https:\/\/serbischeszentrum.at\/wp-content\/uploads\/2022\/05\/IMG_3509.webp 1000w, https:\/\/serbischeszentrum.at\/wp-content\/uploads\/2022\/05\/IMG_3509-300x200.webp 300w, https:\/\/serbischeszentrum.at\/wp-content\/uploads\/2022\/05\/IMG_3509-768x512.webp 768w\" sizes=\"(max-width: 1000px) 100vw, 1000px\" \/><\/a><\/figure>\n\n\n\n<figure class=\"wp-block-image size-full\"><a href=\"https:\/\/serbischeszentrum.at\/wp-content\/uploads\/2022\/05\/IMG_3508.webp\"><img loading=\"lazy\" decoding=\"async\" width=\"1000\" height=\"667\" data-id=\"7143\" src=\"https:\/\/serbischeszentrum.at\/wp-content\/uploads\/2022\/05\/IMG_3508.webp\" alt=\"\" class=\"wp-image-7143\" srcset=\"https:\/\/serbischeszentrum.at\/wp-content\/uploads\/2022\/05\/IMG_3508.webp 1000w, https:\/\/serbischeszentrum.at\/wp-content\/uploads\/2022\/05\/IMG_3508-300x200.webp 300w, https:\/\/serbischeszentrum.at\/wp-content\/uploads\/2022\/05\/IMG_3508-768x512.webp 768w\" sizes=\"(max-width: 1000px) 100vw, 1000px\" \/><\/a><\/figure>\n\n\n\n<figure class=\"wp-block-image size-full\"><a href=\"https:\/\/serbischeszentrum.at\/wp-content\/uploads\/2022\/05\/IMG_3507.webp\"><img loading=\"lazy\" decoding=\"async\" width=\"1000\" height=\"667\" data-id=\"7142\" src=\"https:\/\/serbischeszentrum.at\/wp-content\/uploads\/2022\/05\/IMG_3507.webp\" alt=\"\" class=\"wp-image-7142\" srcset=\"https:\/\/serbischeszentrum.at\/wp-content\/uploads\/2022\/05\/IMG_3507.webp 1000w, https:\/\/serbischeszentrum.at\/wp-content\/uploads\/2022\/05\/IMG_3507-300x200.webp 300w, https:\/\/serbischeszentrum.at\/wp-content\/uploads\/2022\/05\/IMG_3507-768x512.webp 768w\" sizes=\"(max-width: 1000px) 100vw, 1000px\" \/><\/a><\/figure>\n\n\n\n<figure class=\"wp-block-image size-full\"><a href=\"https:\/\/serbischeszentrum.at\/wp-content\/uploads\/2022\/05\/IMG_3504.webp\"><img loading=\"lazy\" decoding=\"async\" width=\"1000\" height=\"667\" data-id=\"7140\" src=\"https:\/\/serbischeszentrum.at\/wp-content\/uploads\/2022\/05\/IMG_3504.webp\" alt=\"\" class=\"wp-image-7140\" srcset=\"https:\/\/serbischeszentrum.at\/wp-content\/uploads\/2022\/05\/IMG_3504.webp 1000w, https:\/\/serbischeszentrum.at\/wp-content\/uploads\/2022\/05\/IMG_3504-300x200.webp 300w, https:\/\/serbischeszentrum.at\/wp-content\/uploads\/2022\/05\/IMG_3504-768x512.webp 768w\" sizes=\"(max-width: 1000px) 100vw, 1000px\" \/><\/a><\/figure>\n\n\n\n<figure class=\"wp-block-image size-full\"><a href=\"https:\/\/serbischeszentrum.at\/wp-content\/uploads\/2022\/05\/IMG_3505.webp\"><img loading=\"lazy\" decoding=\"async\" width=\"878\" height=\"586\" data-id=\"7141\" src=\"https:\/\/serbischeszentrum.at\/wp-content\/uploads\/2022\/05\/IMG_3505.webp\" alt=\"\" class=\"wp-image-7141\" srcset=\"https:\/\/serbischeszentrum.at\/wp-content\/uploads\/2022\/05\/IMG_3505.webp 878w, https:\/\/serbischeszentrum.at\/wp-content\/uploads\/2022\/05\/IMG_3505-300x200.webp 300w, https:\/\/serbischeszentrum.at\/wp-content\/uploads\/2022\/05\/IMG_3505-768x513.webp 768w\" sizes=\"(max-width: 878px) 100vw, 878px\" \/><\/a><\/figure>\n\n\n\n<figure class=\"wp-block-image size-full\"><a href=\"https:\/\/serbischeszentrum.at\/wp-content\/uploads\/2022\/05\/IMG_3502.webp\"><img loading=\"lazy\" decoding=\"async\" width=\"1000\" height=\"667\" data-id=\"7138\" src=\"https:\/\/serbischeszentrum.at\/wp-content\/uploads\/2022\/05\/IMG_3502.webp\" alt=\"\" class=\"wp-image-7138\" srcset=\"https:\/\/serbischeszentrum.at\/wp-content\/uploads\/2022\/05\/IMG_3502.webp 1000w, https:\/\/serbischeszentrum.at\/wp-content\/uploads\/2022\/05\/IMG_3502-300x200.webp 300w, https:\/\/serbischeszentrum.at\/wp-content\/uploads\/2022\/05\/IMG_3502-768x512.webp 768w\" sizes=\"(max-width: 1000px) 100vw, 1000px\" \/><\/a><\/figure>\n\n\n\n<figure class=\"wp-block-image size-full\"><a href=\"https:\/\/serbischeszentrum.at\/wp-content\/uploads\/2022\/05\/IMG_3498.webp\"><img loading=\"lazy\" decoding=\"async\" width=\"1000\" height=\"667\" data-id=\"7137\" src=\"https:\/\/serbischeszentrum.at\/wp-content\/uploads\/2022\/05\/IMG_3498.webp\" alt=\"\" class=\"wp-image-7137\" srcset=\"https:\/\/serbischeszentrum.at\/wp-content\/uploads\/2022\/05\/IMG_3498.webp 1000w, https:\/\/serbischeszentrum.at\/wp-content\/uploads\/2022\/05\/IMG_3498-300x200.webp 300w, https:\/\/serbischeszentrum.at\/wp-content\/uploads\/2022\/05\/IMG_3498-768x512.webp 768w\" sizes=\"(max-width: 1000px) 100vw, 1000px\" \/><\/a><\/figure>\n\n\n\n<figure class=\"wp-block-image size-full\"><a href=\"https:\/\/serbischeszentrum.at\/wp-content\/uploads\/2022\/05\/IMG_3492.webp\"><img loading=\"lazy\" decoding=\"async\" width=\"1000\" height=\"667\" data-id=\"7136\" src=\"https:\/\/serbischeszentrum.at\/wp-content\/uploads\/2022\/05\/IMG_3492.webp\" alt=\"\" class=\"wp-image-7136\" srcset=\"https:\/\/serbischeszentrum.at\/wp-content\/uploads\/2022\/05\/IMG_3492.webp 1000w, https:\/\/serbischeszentrum.at\/wp-content\/uploads\/2022\/05\/IMG_3492-300x200.webp 300w, https:\/\/serbischeszentrum.at\/wp-content\/uploads\/2022\/05\/IMG_3492-768x512.webp 768w\" sizes=\"(max-width: 1000px) 100vw, 1000px\" \/><\/a><\/figure>\n\n\n\n<figure class=\"wp-block-image size-full\"><a href=\"https:\/\/serbischeszentrum.at\/wp-content\/uploads\/2022\/05\/IMG_3468.webp\"><img loading=\"lazy\" decoding=\"async\" width=\"1000\" height=\"667\" data-id=\"7135\" src=\"https:\/\/serbischeszentrum.at\/wp-content\/uploads\/2022\/05\/IMG_3468.webp\" alt=\"\" class=\"wp-image-7135\" srcset=\"https:\/\/serbischeszentrum.at\/wp-content\/uploads\/2022\/05\/IMG_3468.webp 1000w, https:\/\/serbischeszentrum.at\/wp-content\/uploads\/2022\/05\/IMG_3468-300x200.webp 300w, https:\/\/serbischeszentrum.at\/wp-content\/uploads\/2022\/05\/IMG_3468-768x512.webp 768w\" sizes=\"(max-width: 1000px) 100vw, 1000px\" \/><\/a><\/figure>\n\n\n\n<figure class=\"wp-block-image size-full\"><a href=\"https:\/\/serbischeszentrum.at\/wp-content\/uploads\/2022\/05\/IMG_3458.webp\"><img loading=\"lazy\" decoding=\"async\" width=\"1000\" height=\"667\" data-id=\"7134\" src=\"https:\/\/serbischeszentrum.at\/wp-content\/uploads\/2022\/05\/IMG_3458.webp\" alt=\"\" class=\"wp-image-7134\" srcset=\"https:\/\/serbischeszentrum.at\/wp-content\/uploads\/2022\/05\/IMG_3458.webp 1000w, https:\/\/serbischeszentrum.at\/wp-content\/uploads\/2022\/05\/IMG_3458-300x200.webp 300w, https:\/\/serbischeszentrum.at\/wp-content\/uploads\/2022\/05\/IMG_3458-768x512.webp 768w\" sizes=\"(max-width: 1000px) 100vw, 1000px\" \/><\/a><\/figure>\n\n\n\n<figure class=\"wp-block-image size-full\"><a href=\"https:\/\/serbischeszentrum.at\/wp-content\/uploads\/2022\/05\/IMG_3453.webp\"><img loading=\"lazy\" decoding=\"async\" width=\"667\" height=\"1000\" data-id=\"7132\" src=\"https:\/\/serbischeszentrum.at\/wp-content\/uploads\/2022\/05\/IMG_3453.webp\" alt=\"\" class=\"wp-image-7132\" srcset=\"https:\/\/serbischeszentrum.at\/wp-content\/uploads\/2022\/05\/IMG_3453.webp 667w, https:\/\/serbischeszentrum.at\/wp-content\/uploads\/2022\/05\/IMG_3453-200x300.webp 200w\" sizes=\"(max-width: 667px) 100vw, 667px\" \/><\/a><\/figure>\n\n\n\n<figure class=\"wp-block-image size-full\"><a href=\"https:\/\/serbischeszentrum.at\/wp-content\/uploads\/2022\/05\/IMG_3448.webp\"><img loading=\"lazy\" decoding=\"async\" width=\"667\" height=\"1000\" data-id=\"7131\" src=\"https:\/\/serbischeszentrum.at\/wp-content\/uploads\/2022\/05\/IMG_3448.webp\" alt=\"\" class=\"wp-image-7131\" srcset=\"https:\/\/serbischeszentrum.at\/wp-content\/uploads\/2022\/05\/IMG_3448.webp 667w, https:\/\/serbischeszentrum.at\/wp-content\/uploads\/2022\/05\/IMG_3448-200x300.webp 200w\" sizes=\"(max-width: 667px) 100vw, 667px\" \/><\/a><\/figure>\n\n\n\n<figure class=\"wp-block-image size-full\"><a href=\"https:\/\/serbischeszentrum.at\/wp-content\/uploads\/2022\/05\/IMG_3447.webp\"><img loading=\"lazy\" decoding=\"async\" width=\"667\" height=\"1000\" data-id=\"7130\" src=\"https:\/\/serbischeszentrum.at\/wp-content\/uploads\/2022\/05\/IMG_3447.webp\" alt=\"\" class=\"wp-image-7130\" srcset=\"https:\/\/serbischeszentrum.at\/wp-content\/uploads\/2022\/05\/IMG_3447.webp 667w, https:\/\/serbischeszentrum.at\/wp-content\/uploads\/2022\/05\/IMG_3447-200x300.webp 200w\" sizes=\"(max-width: 667px) 100vw, 667px\" \/><\/a><\/figure>\n\n\n\n<figure class=\"wp-block-image size-full\"><a href=\"https:\/\/serbischeszentrum.at\/wp-content\/uploads\/2022\/05\/IMG_3441.webp\"><img loading=\"lazy\" decoding=\"async\" width=\"1000\" height=\"667\" data-id=\"7129\" src=\"https:\/\/serbischeszentrum.at\/wp-content\/uploads\/2022\/05\/IMG_3441.webp\" alt=\"\" class=\"wp-image-7129\" srcset=\"https:\/\/serbischeszentrum.at\/wp-content\/uploads\/2022\/05\/IMG_3441.webp 1000w, https:\/\/serbischeszentrum.at\/wp-content\/uploads\/2022\/05\/IMG_3441-300x200.webp 300w, https:\/\/serbischeszentrum.at\/wp-content\/uploads\/2022\/05\/IMG_3441-768x512.webp 768w\" sizes=\"(max-width: 1000px) 100vw, 1000px\" \/><\/a><\/figure>\n\n\n\n<figure class=\"wp-block-image size-full\"><a href=\"https:\/\/serbischeszentrum.at\/wp-content\/uploads\/2022\/05\/IMG_3438.webp\"><img loading=\"lazy\" decoding=\"async\" width=\"1000\" height=\"667\" data-id=\"7128\" src=\"https:\/\/serbischeszentrum.at\/wp-content\/uploads\/2022\/05\/IMG_3438.webp\" alt=\"\" class=\"wp-image-7128\" srcset=\"https:\/\/serbischeszentrum.at\/wp-content\/uploads\/2022\/05\/IMG_3438.webp 1000w, https:\/\/serbischeszentrum.at\/wp-content\/uploads\/2022\/05\/IMG_3438-300x200.webp 300w, https:\/\/serbischeszentrum.at\/wp-content\/uploads\/2022\/05\/IMG_3438-768x512.webp 768w\" sizes=\"(max-width: 1000px) 100vw, 1000px\" \/><\/a><\/figure>\n\n\n\n<figure class=\"wp-block-image size-full\"><a href=\"https:\/\/serbischeszentrum.at\/wp-content\/uploads\/2022\/05\/IMG_3429.webp\"><img loading=\"lazy\" decoding=\"async\" width=\"667\" height=\"1000\" data-id=\"7127\" src=\"https:\/\/serbischeszentrum.at\/wp-content\/uploads\/2022\/05\/IMG_3429.webp\" alt=\"\" class=\"wp-image-7127\" srcset=\"https:\/\/serbischeszentrum.at\/wp-content\/uploads\/2022\/05\/IMG_3429.webp 667w, https:\/\/serbischeszentrum.at\/wp-content\/uploads\/2022\/05\/IMG_3429-200x300.webp 200w\" sizes=\"(max-width: 667px) 100vw, 667px\" \/><\/a><\/figure>\n\n\n\n<figure class=\"wp-block-image size-full\"><a href=\"https:\/\/serbischeszentrum.at\/wp-content\/uploads\/2022\/05\/IMG_3413.webp\"><img loading=\"lazy\" decoding=\"async\" width=\"1000\" height=\"667\" data-id=\"7126\" src=\"https:\/\/serbischeszentrum.at\/wp-content\/uploads\/2022\/05\/IMG_3413.webp\" alt=\"\" class=\"wp-image-7126\" srcset=\"https:\/\/serbischeszentrum.at\/wp-content\/uploads\/2022\/05\/IMG_3413.webp 1000w, https:\/\/serbischeszentrum.at\/wp-content\/uploads\/2022\/05\/IMG_3413-300x200.webp 300w, https:\/\/serbischeszentrum.at\/wp-content\/uploads\/2022\/05\/IMG_3413-768x512.webp 768w\" sizes=\"(max-width: 1000px) 100vw, 1000px\" \/><\/a><\/figure>\n\n\n\n<figure class=\"wp-block-image size-full\"><a href=\"https:\/\/serbischeszentrum.at\/wp-content\/uploads\/2022\/05\/IMG_3410.webp\"><img loading=\"lazy\" decoding=\"async\" width=\"667\" height=\"1000\" data-id=\"7125\" src=\"https:\/\/serbischeszentrum.at\/wp-content\/uploads\/2022\/05\/IMG_3410.webp\" alt=\"\" class=\"wp-image-7125\" srcset=\"https:\/\/serbischeszentrum.at\/wp-content\/uploads\/2022\/05\/IMG_3410.webp 667w, https:\/\/serbischeszentrum.at\/wp-content\/uploads\/2022\/05\/IMG_3410-200x300.webp 200w\" sizes=\"(max-width: 667px) 100vw, 667px\" \/><\/a><\/figure>\n\n\n\n<figure class=\"wp-block-image size-full\"><a href=\"https:\/\/serbischeszentrum.at\/wp-content\/uploads\/2022\/05\/IMG_3409.webp\"><img loading=\"lazy\" decoding=\"async\" width=\"667\" height=\"1000\" data-id=\"7124\" src=\"https:\/\/serbischeszentrum.at\/wp-content\/uploads\/2022\/05\/IMG_3409.webp\" alt=\"\" class=\"wp-image-7124\" srcset=\"https:\/\/serbischeszentrum.at\/wp-content\/uploads\/2022\/05\/IMG_3409.webp 667w, https:\/\/serbischeszentrum.at\/wp-content\/uploads\/2022\/05\/IMG_3409-200x300.webp 200w\" sizes=\"(max-width: 667px) 100vw, 667px\" \/><\/a><\/figure>\n\n\n\n<figure class=\"wp-block-image size-full\"><a href=\"https:\/\/serbischeszentrum.at\/wp-content\/uploads\/2022\/05\/IMG_3407.webp\"><img loading=\"lazy\" decoding=\"async\" width=\"1000\" height=\"667\" data-id=\"7123\" src=\"https:\/\/serbischeszentrum.at\/wp-content\/uploads\/2022\/05\/IMG_3407.webp\" alt=\"\" class=\"wp-image-7123\" srcset=\"https:\/\/serbischeszentrum.at\/wp-content\/uploads\/2022\/05\/IMG_3407.webp 1000w, https:\/\/serbischeszentrum.at\/wp-content\/uploads\/2022\/05\/IMG_3407-300x200.webp 300w, https:\/\/serbischeszentrum.at\/wp-content\/uploads\/2022\/05\/IMG_3407-768x512.webp 768w\" sizes=\"(max-width: 1000px) 100vw, 1000px\" \/><\/a><\/figure>\n\n\n\n<figure class=\"wp-block-image size-full\"><a href=\"https:\/\/serbischeszentrum.at\/wp-content\/uploads\/2022\/05\/IMG_3406.webp\"><img loading=\"lazy\" decoding=\"async\" width=\"1000\" height=\"667\" data-id=\"7122\" src=\"https:\/\/serbischeszentrum.at\/wp-content\/uploads\/2022\/05\/IMG_3406.webp\" alt=\"\" class=\"wp-image-7122\" srcset=\"https:\/\/serbischeszentrum.at\/wp-content\/uploads\/2022\/05\/IMG_3406.webp 1000w, https:\/\/serbischeszentrum.at\/wp-content\/uploads\/2022\/05\/IMG_3406-300x200.webp 300w, https:\/\/serbischeszentrum.at\/wp-content\/uploads\/2022\/05\/IMG_3406-768x512.webp 768w\" sizes=\"(max-width: 1000px) 100vw, 1000px\" \/><\/a><\/figure>\n\n\n\n<figure class=\"wp-block-image size-full\"><a href=\"https:\/\/serbischeszentrum.at\/wp-content\/uploads\/2022\/05\/IMG_3401.webp\"><img loading=\"lazy\" decoding=\"async\" width=\"1000\" height=\"667\" data-id=\"7121\" src=\"https:\/\/serbischeszentrum.at\/wp-content\/uploads\/2022\/05\/IMG_3401.webp\" alt=\"\" class=\"wp-image-7121\" srcset=\"https:\/\/serbischeszentrum.at\/wp-content\/uploads\/2022\/05\/IMG_3401.webp 1000w, https:\/\/serbischeszentrum.at\/wp-content\/uploads\/2022\/05\/IMG_3401-300x200.webp 300w, https:\/\/serbischeszentrum.at\/wp-content\/uploads\/2022\/05\/IMG_3401-768x512.webp 768w\" sizes=\"(max-width: 1000px) 100vw, 1000px\" \/><\/a><\/figure>\n<\/figure>\n<\/div>\n","protected":false},"excerpt":{"rendered":"<p>\u201eNebeska tema \u2013 pri\u010da o Vladi Divljanju\u201c, ein Dokumentarfilm \u00fcber den legend\u00e4ren Musiker Vlada Divljan, wurde unter der Organisation des Serbischen Zentrums und in Anwesenheit des Regisseurs Mladen Mati\u010devi\u0107 am 16.12.2019 in Wien uraufgef\u00fchrt.<\/p>\n","protected":false},"author":1,"featured_media":11696,"comment_status":"open","ping_status":"open","sticky":false,"template":"","format":"standard","meta":{"_acf_changed":false,"footnotes":""},"categories":[41],"tags":[],"class_list":["post-13730","post","type-post","status-publish","format-standard","has-post-thumbnail","hentry","category-ereignisse"],"acf":[],"yoast_head":"<!-- This site is optimized with the Yoast SEO plugin v27.4 - https:\/\/yoast.com\/product\/yoast-seo-wordpress\/ -->\n<title>\u201eNebeska tema\u201c \u2013 Eine Geschichte \u00fcber Vlada Divljan - Srpski centar<\/title>\n<meta name=\"robots\" content=\"index, follow, max-snippet:-1, max-image-preview:large, max-video-preview:-1\" \/>\n<link rel=\"canonical\" href=\"https:\/\/serbischeszentrum.at\/de\/nebeska-tema-eine-geschichte-ueber-vlada-divljan\/\" \/>\n<meta property=\"og:locale\" content=\"de_DE\" \/>\n<meta property=\"og:type\" content=\"article\" \/>\n<meta property=\"og:title\" content=\"\u201eNebeska tema\u201c \u2013 Eine Geschichte \u00fcber Vlada Divljan - Srpski centar\" \/>\n<meta property=\"og:description\" content=\"\u201eNebeska tema \u2013 pri\u010da o Vladi Divljanju\u201c, ein Dokumentarfilm \u00fcber den legend\u00e4ren Musiker Vlada Divljan, wurde unter der Organisation des Serbischen Zentrums und in Anwesenheit des Regisseurs Mladen Mati\u010devi\u0107 am 16.12.2019 in Wien uraufgef\u00fchrt.\" \/>\n<meta property=\"og:url\" content=\"https:\/\/serbischeszentrum.at\/de\/nebeska-tema-eine-geschichte-ueber-vlada-divljan\/\" \/>\n<meta property=\"og:site_name\" content=\"Srpski centar\" \/>\n<meta property=\"article:publisher\" content=\"https:\/\/www.facebook.com\/serbischeszentrum\" \/>\n<meta property=\"article:published_time\" content=\"2019-12-16T16:54:00+00:00\" \/>\n<meta property=\"article:modified_time\" content=\"2022-07-25T17:18:27+00:00\" \/>\n<meta property=\"og:image\" content=\"https:\/\/serbischeszentrum.at\/wp-content\/uploads\/2022\/05\/IMG_3371.webp\" \/>\n\t<meta property=\"og:image:width\" content=\"849\" \/>\n\t<meta property=\"og:image:height\" content=\"498\" \/>\n\t<meta property=\"og:image:type\" content=\"image\/webp\" \/>\n<meta name=\"author\" content=\"Jovan\" \/>\n<meta name=\"twitter:card\" content=\"summary_large_image\" \/>\n<meta name=\"twitter:label1\" content=\"Verfasst von\" \/>\n\t<meta name=\"twitter:data1\" content=\"Jovan\" \/>\n\t<meta name=\"twitter:label2\" content=\"Gesch\u00e4tzte Lesezeit\" \/>\n\t<meta name=\"twitter:data2\" content=\"2\u00a0Minuten\" \/>\n<script type=\"application\/ld+json\" class=\"yoast-schema-graph\">{\"@context\":\"https:\\\/\\\/schema.org\",\"@graph\":[{\"@type\":\"Article\",\"@id\":\"https:\\\/\\\/serbischeszentrum.at\\\/de\\\/nebeska-tema-eine-geschichte-ueber-vlada-divljan\\\/#article\",\"isPartOf\":{\"@id\":\"https:\\\/\\\/serbischeszentrum.at\\\/de\\\/nebeska-tema-eine-geschichte-ueber-vlada-divljan\\\/\"},\"author\":{\"name\":\"Jovan\",\"@id\":\"https:\\\/\\\/serbischeszentrum.at\\\/de\\\/#\\\/schema\\\/person\\\/8e729006f685e411cdc165f7963682e4\"},\"headline\":\"\u201eNebeska tema\u201c \u2013 Eine Geschichte \u00fcber Vlada Divljan\",\"datePublished\":\"2019-12-16T16:54:00+00:00\",\"dateModified\":\"2022-07-25T17:18:27+00:00\",\"mainEntityOfPage\":{\"@id\":\"https:\\\/\\\/serbischeszentrum.at\\\/de\\\/nebeska-tema-eine-geschichte-ueber-vlada-divljan\\\/\"},\"wordCount\":338,\"commentCount\":0,\"publisher\":{\"@id\":\"https:\\\/\\\/serbischeszentrum.at\\\/de\\\/#organization\"},\"image\":{\"@id\":\"https:\\\/\\\/serbischeszentrum.at\\\/de\\\/nebeska-tema-eine-geschichte-ueber-vlada-divljan\\\/#primaryimage\"},\"thumbnailUrl\":\"https:\\\/\\\/serbischeszentrum.at\\\/wp-content\\\/uploads\\\/2022\\\/05\\\/IMG_3371.webp\",\"articleSection\":[\"Ereignisse\"],\"inLanguage\":\"de\",\"potentialAction\":[{\"@type\":\"CommentAction\",\"name\":\"Comment\",\"target\":[\"https:\\\/\\\/serbischeszentrum.at\\\/de\\\/nebeska-tema-eine-geschichte-ueber-vlada-divljan\\\/#respond\"]}]},{\"@type\":\"WebPage\",\"@id\":\"https:\\\/\\\/serbischeszentrum.at\\\/de\\\/nebeska-tema-eine-geschichte-ueber-vlada-divljan\\\/\",\"url\":\"https:\\\/\\\/serbischeszentrum.at\\\/de\\\/nebeska-tema-eine-geschichte-ueber-vlada-divljan\\\/\",\"name\":\"\u201eNebeska tema\u201c \u2013 Eine Geschichte \u00fcber Vlada Divljan - Srpski centar\",\"isPartOf\":{\"@id\":\"https:\\\/\\\/serbischeszentrum.at\\\/de\\\/#website\"},\"primaryImageOfPage\":{\"@id\":\"https:\\\/\\\/serbischeszentrum.at\\\/de\\\/nebeska-tema-eine-geschichte-ueber-vlada-divljan\\\/#primaryimage\"},\"image\":{\"@id\":\"https:\\\/\\\/serbischeszentrum.at\\\/de\\\/nebeska-tema-eine-geschichte-ueber-vlada-divljan\\\/#primaryimage\"},\"thumbnailUrl\":\"https:\\\/\\\/serbischeszentrum.at\\\/wp-content\\\/uploads\\\/2022\\\/05\\\/IMG_3371.webp\",\"datePublished\":\"2019-12-16T16:54:00+00:00\",\"dateModified\":\"2022-07-25T17:18:27+00:00\",\"breadcrumb\":{\"@id\":\"https:\\\/\\\/serbischeszentrum.at\\\/de\\\/nebeska-tema-eine-geschichte-ueber-vlada-divljan\\\/#breadcrumb\"},\"inLanguage\":\"de\",\"potentialAction\":[{\"@type\":\"ReadAction\",\"target\":[\"https:\\\/\\\/serbischeszentrum.at\\\/de\\\/nebeska-tema-eine-geschichte-ueber-vlada-divljan\\\/\"]}]},{\"@type\":\"ImageObject\",\"inLanguage\":\"de\",\"@id\":\"https:\\\/\\\/serbischeszentrum.at\\\/de\\\/nebeska-tema-eine-geschichte-ueber-vlada-divljan\\\/#primaryimage\",\"url\":\"https:\\\/\\\/serbischeszentrum.at\\\/wp-content\\\/uploads\\\/2022\\\/05\\\/IMG_3371.webp\",\"contentUrl\":\"https:\\\/\\\/serbischeszentrum.at\\\/wp-content\\\/uploads\\\/2022\\\/05\\\/IMG_3371.webp\",\"width\":849,\"height\":498},{\"@type\":\"BreadcrumbList\",\"@id\":\"https:\\\/\\\/serbischeszentrum.at\\\/de\\\/nebeska-tema-eine-geschichte-ueber-vlada-divljan\\\/#breadcrumb\",\"itemListElement\":[{\"@type\":\"ListItem\",\"position\":1,\"name\":\"Home\",\"item\":\"https:\\\/\\\/serbischeszentrum.at\\\/de\\\/\"},{\"@type\":\"ListItem\",\"position\":2,\"name\":\"\u201eNebeska tema\u201c \u2013 Eine Geschichte \u00fcber Vlada Divljan\"}]},{\"@type\":\"WebSite\",\"@id\":\"https:\\\/\\\/serbischeszentrum.at\\\/de\\\/#website\",\"url\":\"https:\\\/\\\/serbischeszentrum.at\\\/de\\\/\",\"name\":\"Srpski centar\",\"description\":\"Platforma dru\u0161tvenih i kulturnih inicijativa\",\"publisher\":{\"@id\":\"https:\\\/\\\/serbischeszentrum.at\\\/de\\\/#organization\"},\"potentialAction\":[{\"@type\":\"SearchAction\",\"target\":{\"@type\":\"EntryPoint\",\"urlTemplate\":\"https:\\\/\\\/serbischeszentrum.at\\\/de\\\/?s={search_term_string}\"},\"query-input\":{\"@type\":\"PropertyValueSpecification\",\"valueRequired\":true,\"valueName\":\"search_term_string\"}}],\"inLanguage\":\"de\"},{\"@type\":\"Organization\",\"@id\":\"https:\\\/\\\/serbischeszentrum.at\\\/de\\\/#organization\",\"name\":\"Serbishes Zentrum\",\"alternateName\":\"Srpski Centar\",\"url\":\"https:\\\/\\\/serbischeszentrum.at\\\/de\\\/\",\"logo\":{\"@type\":\"ImageObject\",\"inLanguage\":\"de\",\"@id\":\"https:\\\/\\\/serbischeszentrum.at\\\/de\\\/#\\\/schema\\\/logo\\\/image\\\/\",\"url\":\"https:\\\/\\\/serbischeszentrum.at\\\/wp-content\\\/uploads\\\/2022\\\/09\\\/srpski-centar-logo-kruzni.jpg\",\"contentUrl\":\"https:\\\/\\\/serbischeszentrum.at\\\/wp-content\\\/uploads\\\/2022\\\/09\\\/srpski-centar-logo-kruzni.jpg\",\"width\":1000,\"height\":1000,\"caption\":\"Serbishes Zentrum\"},\"image\":{\"@id\":\"https:\\\/\\\/serbischeszentrum.at\\\/de\\\/#\\\/schema\\\/logo\\\/image\\\/\"},\"sameAs\":[\"https:\\\/\\\/www.facebook.com\\\/serbischeszentrum\",\"https:\\\/\\\/www.instagram.com\\\/serbischeszentrum\\\/\"]},{\"@type\":\"Person\",\"@id\":\"https:\\\/\\\/serbischeszentrum.at\\\/de\\\/#\\\/schema\\\/person\\\/8e729006f685e411cdc165f7963682e4\",\"name\":\"Jovan\",\"image\":{\"@type\":\"ImageObject\",\"inLanguage\":\"de\",\"@id\":\"https:\\\/\\\/secure.gravatar.com\\\/avatar\\\/10370f1dc9d2d41dac697fdb1f91e164fb897f8db027d8028cc267128c7bcb61?s=96&d=mm&r=g\",\"url\":\"https:\\\/\\\/secure.gravatar.com\\\/avatar\\\/10370f1dc9d2d41dac697fdb1f91e164fb897f8db027d8028cc267128c7bcb61?s=96&d=mm&r=g\",\"contentUrl\":\"https:\\\/\\\/secure.gravatar.com\\\/avatar\\\/10370f1dc9d2d41dac697fdb1f91e164fb897f8db027d8028cc267128c7bcb61?s=96&d=mm&r=g\",\"caption\":\"Jovan\"},\"sameAs\":[\"https:\\\/\\\/serbischeszentrum.at\"],\"url\":\"https:\\\/\\\/serbischeszentrum.at\\\/de\\\/author\\\/admin\\\/\"}]}<\/script>\n<!-- \/ Yoast SEO plugin. -->","yoast_head_json":{"title":"\u201eNebeska tema\u201c \u2013 Eine Geschichte \u00fcber Vlada Divljan - Srpski centar","robots":{"index":"index","follow":"follow","max-snippet":"max-snippet:-1","max-image-preview":"max-image-preview:large","max-video-preview":"max-video-preview:-1"},"canonical":"https:\/\/serbischeszentrum.at\/de\/nebeska-tema-eine-geschichte-ueber-vlada-divljan\/","og_locale":"de_DE","og_type":"article","og_title":"\u201eNebeska tema\u201c \u2013 Eine Geschichte \u00fcber Vlada Divljan - Srpski centar","og_description":"\u201eNebeska tema \u2013 pri\u010da o Vladi Divljanju\u201c, ein Dokumentarfilm \u00fcber den legend\u00e4ren Musiker Vlada Divljan, wurde unter der Organisation des Serbischen Zentrums und in Anwesenheit des Regisseurs Mladen Mati\u010devi\u0107 am 16.12.2019 in Wien uraufgef\u00fchrt.","og_url":"https:\/\/serbischeszentrum.at\/de\/nebeska-tema-eine-geschichte-ueber-vlada-divljan\/","og_site_name":"Srpski centar","article_publisher":"https:\/\/www.facebook.com\/serbischeszentrum","article_published_time":"2019-12-16T16:54:00+00:00","article_modified_time":"2022-07-25T17:18:27+00:00","og_image":[{"width":849,"height":498,"url":"https:\/\/serbischeszentrum.at\/wp-content\/uploads\/2022\/05\/IMG_3371.webp","type":"image\/webp"}],"author":"Jovan","twitter_card":"summary_large_image","twitter_misc":{"Verfasst von":"Jovan","Gesch\u00e4tzte Lesezeit":"2\u00a0Minuten"},"schema":{"@context":"https:\/\/schema.org","@graph":[{"@type":"Article","@id":"https:\/\/serbischeszentrum.at\/de\/nebeska-tema-eine-geschichte-ueber-vlada-divljan\/#article","isPartOf":{"@id":"https:\/\/serbischeszentrum.at\/de\/nebeska-tema-eine-geschichte-ueber-vlada-divljan\/"},"author":{"name":"Jovan","@id":"https:\/\/serbischeszentrum.at\/de\/#\/schema\/person\/8e729006f685e411cdc165f7963682e4"},"headline":"\u201eNebeska tema\u201c \u2013 Eine Geschichte \u00fcber Vlada Divljan","datePublished":"2019-12-16T16:54:00+00:00","dateModified":"2022-07-25T17:18:27+00:00","mainEntityOfPage":{"@id":"https:\/\/serbischeszentrum.at\/de\/nebeska-tema-eine-geschichte-ueber-vlada-divljan\/"},"wordCount":338,"commentCount":0,"publisher":{"@id":"https:\/\/serbischeszentrum.at\/de\/#organization"},"image":{"@id":"https:\/\/serbischeszentrum.at\/de\/nebeska-tema-eine-geschichte-ueber-vlada-divljan\/#primaryimage"},"thumbnailUrl":"https:\/\/serbischeszentrum.at\/wp-content\/uploads\/2022\/05\/IMG_3371.webp","articleSection":["Ereignisse"],"inLanguage":"de","potentialAction":[{"@type":"CommentAction","name":"Comment","target":["https:\/\/serbischeszentrum.at\/de\/nebeska-tema-eine-geschichte-ueber-vlada-divljan\/#respond"]}]},{"@type":"WebPage","@id":"https:\/\/serbischeszentrum.at\/de\/nebeska-tema-eine-geschichte-ueber-vlada-divljan\/","url":"https:\/\/serbischeszentrum.at\/de\/nebeska-tema-eine-geschichte-ueber-vlada-divljan\/","name":"\u201eNebeska tema\u201c \u2013 Eine Geschichte \u00fcber Vlada Divljan - Srpski centar","isPartOf":{"@id":"https:\/\/serbischeszentrum.at\/de\/#website"},"primaryImageOfPage":{"@id":"https:\/\/serbischeszentrum.at\/de\/nebeska-tema-eine-geschichte-ueber-vlada-divljan\/#primaryimage"},"image":{"@id":"https:\/\/serbischeszentrum.at\/de\/nebeska-tema-eine-geschichte-ueber-vlada-divljan\/#primaryimage"},"thumbnailUrl":"https:\/\/serbischeszentrum.at\/wp-content\/uploads\/2022\/05\/IMG_3371.webp","datePublished":"2019-12-16T16:54:00+00:00","dateModified":"2022-07-25T17:18:27+00:00","breadcrumb":{"@id":"https:\/\/serbischeszentrum.at\/de\/nebeska-tema-eine-geschichte-ueber-vlada-divljan\/#breadcrumb"},"inLanguage":"de","potentialAction":[{"@type":"ReadAction","target":["https:\/\/serbischeszentrum.at\/de\/nebeska-tema-eine-geschichte-ueber-vlada-divljan\/"]}]},{"@type":"ImageObject","inLanguage":"de","@id":"https:\/\/serbischeszentrum.at\/de\/nebeska-tema-eine-geschichte-ueber-vlada-divljan\/#primaryimage","url":"https:\/\/serbischeszentrum.at\/wp-content\/uploads\/2022\/05\/IMG_3371.webp","contentUrl":"https:\/\/serbischeszentrum.at\/wp-content\/uploads\/2022\/05\/IMG_3371.webp","width":849,"height":498},{"@type":"BreadcrumbList","@id":"https:\/\/serbischeszentrum.at\/de\/nebeska-tema-eine-geschichte-ueber-vlada-divljan\/#breadcrumb","itemListElement":[{"@type":"ListItem","position":1,"name":"Home","item":"https:\/\/serbischeszentrum.at\/de\/"},{"@type":"ListItem","position":2,"name":"\u201eNebeska tema\u201c \u2013 Eine Geschichte \u00fcber Vlada Divljan"}]},{"@type":"WebSite","@id":"https:\/\/serbischeszentrum.at\/de\/#website","url":"https:\/\/serbischeszentrum.at\/de\/","name":"Srpski centar","description":"Platforma dru\u0161tvenih i kulturnih inicijativa","publisher":{"@id":"https:\/\/serbischeszentrum.at\/de\/#organization"},"potentialAction":[{"@type":"SearchAction","target":{"@type":"EntryPoint","urlTemplate":"https:\/\/serbischeszentrum.at\/de\/?s={search_term_string}"},"query-input":{"@type":"PropertyValueSpecification","valueRequired":true,"valueName":"search_term_string"}}],"inLanguage":"de"},{"@type":"Organization","@id":"https:\/\/serbischeszentrum.at\/de\/#organization","name":"Serbishes Zentrum","alternateName":"Srpski Centar","url":"https:\/\/serbischeszentrum.at\/de\/","logo":{"@type":"ImageObject","inLanguage":"de","@id":"https:\/\/serbischeszentrum.at\/de\/#\/schema\/logo\/image\/","url":"https:\/\/serbischeszentrum.at\/wp-content\/uploads\/2022\/09\/srpski-centar-logo-kruzni.jpg","contentUrl":"https:\/\/serbischeszentrum.at\/wp-content\/uploads\/2022\/09\/srpski-centar-logo-kruzni.jpg","width":1000,"height":1000,"caption":"Serbishes Zentrum"},"image":{"@id":"https:\/\/serbischeszentrum.at\/de\/#\/schema\/logo\/image\/"},"sameAs":["https:\/\/www.facebook.com\/serbischeszentrum","https:\/\/www.instagram.com\/serbischeszentrum\/"]},{"@type":"Person","@id":"https:\/\/serbischeszentrum.at\/de\/#\/schema\/person\/8e729006f685e411cdc165f7963682e4","name":"Jovan","image":{"@type":"ImageObject","inLanguage":"de","@id":"https:\/\/secure.gravatar.com\/avatar\/10370f1dc9d2d41dac697fdb1f91e164fb897f8db027d8028cc267128c7bcb61?s=96&d=mm&r=g","url":"https:\/\/secure.gravatar.com\/avatar\/10370f1dc9d2d41dac697fdb1f91e164fb897f8db027d8028cc267128c7bcb61?s=96&d=mm&r=g","contentUrl":"https:\/\/secure.gravatar.com\/avatar\/10370f1dc9d2d41dac697fdb1f91e164fb897f8db027d8028cc267128c7bcb61?s=96&d=mm&r=g","caption":"Jovan"},"sameAs":["https:\/\/serbischeszentrum.at"],"url":"https:\/\/serbischeszentrum.at\/de\/author\/admin\/"}]}},"_links":{"self":[{"href":"https:\/\/serbischeszentrum.at\/de\/wp-json\/wp\/v2\/posts\/13730","targetHints":{"allow":["GET"]}}],"collection":[{"href":"https:\/\/serbischeszentrum.at\/de\/wp-json\/wp\/v2\/posts"}],"about":[{"href":"https:\/\/serbischeszentrum.at\/de\/wp-json\/wp\/v2\/types\/post"}],"author":[{"embeddable":true,"href":"https:\/\/serbischeszentrum.at\/de\/wp-json\/wp\/v2\/users\/1"}],"replies":[{"embeddable":true,"href":"https:\/\/serbischeszentrum.at\/de\/wp-json\/wp\/v2\/comments?post=13730"}],"version-history":[{"count":0,"href":"https:\/\/serbischeszentrum.at\/de\/wp-json\/wp\/v2\/posts\/13730\/revisions"}],"wp:featuredmedia":[{"embeddable":true,"href":"https:\/\/serbischeszentrum.at\/de\/wp-json\/wp\/v2\/media\/11696"}],"wp:attachment":[{"href":"https:\/\/serbischeszentrum.at\/de\/wp-json\/wp\/v2\/media?parent=13730"}],"wp:term":[{"taxonomy":"category","embeddable":true,"href":"https:\/\/serbischeszentrum.at\/de\/wp-json\/wp\/v2\/categories?post=13730"},{"taxonomy":"post_tag","embeddable":true,"href":"https:\/\/serbischeszentrum.at\/de\/wp-json\/wp\/v2\/tags?post=13730"}],"curies":[{"name":"wp","href":"https:\/\/api.w.org\/{rel}","templated":true}]}}