{"id":13717,"date":"2018-06-25T15:56:00","date_gmt":"2018-06-25T15:56:00","guid":{"rendered":"https:\/\/serbischeszentrum.at\/21-heiliger-sava-ball\/"},"modified":"2022-07-25T17:17:55","modified_gmt":"2022-07-25T17:17:55","slug":"21-heiliger-sava-ball","status":"publish","type":"post","link":"https:\/\/serbischeszentrum.at\/de\/21-heiliger-sava-ball\/","title":{"rendered":"21. Heiliger Sava Ball"},"content":{"rendered":"\n<p>Anl\u00e4sslich dieses Balls ver\u00f6ffentlichte das Serbische Zentrum die Monographie &#8222;20. Jahrestag des Heiliger Sava Balls in Wien&#8220;, eine Retrospektive der Wiener B\u00e4lle in j\u00fcngerer Zeit. Darin findet sich das gesammelte Archivmaterial und etliche Erinnerungen an die letzten 20 Heiliger Sava B\u00e4lle in Wien, welche zu einem Werk gebunden wurden.<\/p>\n\n<p>G\u00e4ste aus ganz \u00d6sterreich und aus zahlreichen umliegenden L\u00e4ndern sorgten daf\u00fcr, dass die Ballkarten beinahe ausverkauft waren. Sie wurden in diesem Jahr vom Schauspielerpaar Vojin \u0106etkovi\u0107 und Sloboda Mi\u0107alovi\u0107-\u0106etkovi\u0107 durch den Abend gef\u00fchrt.&#13;\n<\/p>\n\n<p>Abwechslungsreiches Musikprogramm&#13;\n&#13;\nDie \u00f6sterreichische Tanzschule &#8222;Immervoll&#8220;, die seit Jahren den Heiliger Sava Ball er\u00f6ffnet, sowie der Kunst- und Kulturverein &#8222;Branko Radi\u010devi\u0107&#8220; aus Wien, der in diesem Jahr b\u00fcrgerliche T\u00e4nze aus dem 19. Jahrhundert pr\u00e4sentierte, brachten das Publikum in Tanzstimmung. Nach der Auff\u00fchrung der Hymne des Heiligen Sava und der traditionellen Einladung &#8222;Alles Walzer&#8220; lie\u00dfen sich die ersten Tanzpaare nicht lange bitten.<\/p>\n\n<p>W\u00e4hrend des Abends wurde das Publikum von den popul\u00e4ren Musikerinnen und Musikern Neda Ukraden, Ranko Jovi\u0107, Jadranka Jovanovi\u0107, Du\u0161an Svilar und Dubravka Mileti\u0107 unterhalten. Das vielf\u00e4ltige k\u00fcnstlerische Programm wurde durch das Ensemble des Verteidigungsministeriums &#8222;Stanislav Bini\u010dki&#8220; unter der Leitung von Vojkan Borisavljevi\u0107 begleitet.&#13;\n<\/p>\n\n<p>Die diesj\u00e4hrige Tombola hatte einen humanit\u00e4ren Charakter, die Einnahmen gingen an die humanit\u00e4re Organisation &#8222;Sei Human&#8220; und Ognjen Jovanovi\u0107.&#13;\n<\/p>\n\n<p>Prominente G\u00e4ste<\/p>\n\n<p>Wie jedes Jahr waren Vertreter des diplomatischen Corps, des \u00f6sterreichischen politischen, kulturellen und \u00f6ffentlichen Lebens sowie G\u00e4ste aus Serbien, darunter der Leiter der PR-Abteilung des Verteidigungsministeriums der Republik Serbien und der Kapit\u00e4n des Schlachtschiffs Petar Bo\u0161kovi\u0107, G\u00e4ste des Heiliger Sava Balls.<\/p>\n\n<p>G\u00e4ste aus der \u00f6sterreichischen Politik waren die Vertreter der Sozialdemokratischen Partei \u00d6sterreichs (SP\u00d6), unter der Leitung von Kurt St\u00fcrzenbecher und Vertreter der Freiheitlichen Partei \u00d6sterreichs (FP\u00d6), unter der Leitung von Klubobmann Johann Gudenus.&#13;\n<\/p>\n\n<p>Wirtschaftsvertreter waren unter anderen zahlreiche Vertreter aus diversen M\u00e4rkten des Unternehmens Western Union, MTEL Austria \u2013 ein Mitglied der Telekom Serbia Group \u2013 war zum wiederholten Male eine gern gesehene Unterst\u00fctzung bei der Organisation des Heiliger Sava Balls. Und \u00c4rztinnen und \u00c4rzte des Verbandes der serbischen \u00c4rzte und Zahn\u00e4rzte Deutschlands nahmen ebenfalls am Heiliger Sava Ball teil.&#13;\n<\/p>\n\n<p>Wiederbelebung einer Tradition&#13;\n<\/p>\n\n<p>Das &#8222;Serbische Zentrum&#8220; aus Wien hat vor 21 Jahren die Tradition des serbischen Balls in Wien wiederbelebt. Diese Tradition reicht bis ins Jahr 1846 zur\u00fcck, als Prinz Milo\u0161 Obrenovi\u0107 die Idee hatte, eine Veranstaltung zu organisieren, bei der alle in Wien lebenden Serbinnen und Serben einmal im Jahr zusammenkommen.&#13;\n<\/p>\n\n<p>Bei dieser Gelegenheit gab der serbische Staatsmann eine entsprechende Begleitkomposition f\u00fcr den Ball bei Johann Strau\u00df (Sohn) in Auftrag. So entstand die &#8222;Serben-Quadrille &#8222;, welche am 2. Februar 1846 erstmals aufgef\u00fchrt wurde.&#13;\n&#13;\n<\/p>\n\n<p> <\/p>\n\n<p> <\/p>\n\n<p> <\/p>\n\n<p> <\/p>\n\n<div class=\"wp-block-group is-nowrap is-layout-flex wp-container-core-group-is-layout-6c531013 wp-block-group-is-layout-flex\">\n<figure class=\"wp-block-gallery has-nested-images columns-5 is-cropped wp-block-gallery-1 is-layout-flex wp-block-gallery-is-layout-flex\">\n<figure class=\"wp-block-image size-large\"><img fetchpriority=\"high\" decoding=\"async\" width=\"1020\" height=\"717\" data-id=\"9909\" src=\"https:\/\/serbischeszentrum.at\/wp-content\/uploads\/2018\/06\/21.-Svetosavski-bal0.webp\" alt=\"\" class=\"wp-image-9909\" srcset=\"https:\/\/serbischeszentrum.at\/wp-content\/uploads\/2018\/06\/21.-Svetosavski-bal0.webp 1020w, https:\/\/serbischeszentrum.at\/wp-content\/uploads\/2018\/06\/21.-Svetosavski-bal0-300x211.webp 300w, https:\/\/serbischeszentrum.at\/wp-content\/uploads\/2018\/06\/21.-Svetosavski-bal0-768x540.webp 768w\" sizes=\"(max-width: 1020px) 100vw, 1020px\" \/><\/figure>\n\n\n\n<figure class=\"wp-block-image size-large\"><img decoding=\"async\" width=\"1020\" height=\"680\" data-id=\"9910\" src=\"https:\/\/serbischeszentrum.at\/wp-content\/uploads\/2018\/06\/21.-Svetosavski-bal1.webp\" alt=\"\" class=\"wp-image-9910\" srcset=\"https:\/\/serbischeszentrum.at\/wp-content\/uploads\/2018\/06\/21.-Svetosavski-bal1.webp 1020w, https:\/\/serbischeszentrum.at\/wp-content\/uploads\/2018\/06\/21.-Svetosavski-bal1-300x200.webp 300w, https:\/\/serbischeszentrum.at\/wp-content\/uploads\/2018\/06\/21.-Svetosavski-bal1-768x512.webp 768w\" sizes=\"(max-width: 1020px) 100vw, 1020px\" \/><\/figure>\n\n\n\n<figure class=\"wp-block-image size-large\"><img decoding=\"async\" width=\"1020\" height=\"671\" data-id=\"9911\" src=\"https:\/\/serbischeszentrum.at\/wp-content\/uploads\/2018\/06\/21.-Svetosavski-bal2.webp\" alt=\"\" class=\"wp-image-9911\" srcset=\"https:\/\/serbischeszentrum.at\/wp-content\/uploads\/2018\/06\/21.-Svetosavski-bal2.webp 1020w, https:\/\/serbischeszentrum.at\/wp-content\/uploads\/2018\/06\/21.-Svetosavski-bal2-300x197.webp 300w, https:\/\/serbischeszentrum.at\/wp-content\/uploads\/2018\/06\/21.-Svetosavski-bal2-768x505.webp 768w\" sizes=\"(max-width: 1020px) 100vw, 1020px\" \/><\/figure>\n\n\n\n<figure class=\"wp-block-image size-large\"><img loading=\"lazy\" decoding=\"async\" width=\"1000\" height=\"697\" data-id=\"9912\" src=\"https:\/\/serbischeszentrum.at\/wp-content\/uploads\/2018\/06\/21.-Svetosavski-bal3.webp\" alt=\"\" class=\"wp-image-9912\" srcset=\"https:\/\/serbischeszentrum.at\/wp-content\/uploads\/2018\/06\/21.-Svetosavski-bal3.webp 1000w, https:\/\/serbischeszentrum.at\/wp-content\/uploads\/2018\/06\/21.-Svetosavski-bal3-300x209.webp 300w, https:\/\/serbischeszentrum.at\/wp-content\/uploads\/2018\/06\/21.-Svetosavski-bal3-768x535.webp 768w\" sizes=\"(max-width: 1000px) 100vw, 1000px\" \/><\/figure>\n\n\n\n<figure class=\"wp-block-image size-large\"><img loading=\"lazy\" decoding=\"async\" width=\"1000\" height=\"691\" data-id=\"9913\" src=\"https:\/\/serbischeszentrum.at\/wp-content\/uploads\/2018\/06\/21.-Svetosavski-bal4.webp\" alt=\"\" class=\"wp-image-9913\" srcset=\"https:\/\/serbischeszentrum.at\/wp-content\/uploads\/2018\/06\/21.-Svetosavski-bal4.webp 1000w, https:\/\/serbischeszentrum.at\/wp-content\/uploads\/2018\/06\/21.-Svetosavski-bal4-300x207.webp 300w, https:\/\/serbischeszentrum.at\/wp-content\/uploads\/2018\/06\/21.-Svetosavski-bal4-768x531.webp 768w\" sizes=\"(max-width: 1000px) 100vw, 1000px\" \/><\/figure>\n\n\n\n<figure class=\"wp-block-image size-large\"><img loading=\"lazy\" decoding=\"async\" width=\"1000\" height=\"691\" data-id=\"9914\" src=\"https:\/\/serbischeszentrum.at\/wp-content\/uploads\/2018\/06\/21.-Svetosavski-bal5.webp\" alt=\"\" class=\"wp-image-9914\" srcset=\"https:\/\/serbischeszentrum.at\/wp-content\/uploads\/2018\/06\/21.-Svetosavski-bal5.webp 1000w, https:\/\/serbischeszentrum.at\/wp-content\/uploads\/2018\/06\/21.-Svetosavski-bal5-300x207.webp 300w, https:\/\/serbischeszentrum.at\/wp-content\/uploads\/2018\/06\/21.-Svetosavski-bal5-768x531.webp 768w\" sizes=\"(max-width: 1000px) 100vw, 1000px\" \/><\/figure>\n\n\n\n<figure class=\"wp-block-image size-large\"><img loading=\"lazy\" decoding=\"async\" width=\"1020\" height=\"714\" data-id=\"9915\" src=\"https:\/\/serbischeszentrum.at\/wp-content\/uploads\/2018\/06\/21.-Svetosavski-bal6.webp\" alt=\"\" class=\"wp-image-9915\" srcset=\"https:\/\/serbischeszentrum.at\/wp-content\/uploads\/2018\/06\/21.-Svetosavski-bal6.webp 1020w, https:\/\/serbischeszentrum.at\/wp-content\/uploads\/2018\/06\/21.-Svetosavski-bal6-300x210.webp 300w, https:\/\/serbischeszentrum.at\/wp-content\/uploads\/2018\/06\/21.-Svetosavski-bal6-768x538.webp 768w\" sizes=\"(max-width: 1020px) 100vw, 1020px\" \/><\/figure>\n\n\n\n<figure class=\"wp-block-image size-large\"><img loading=\"lazy\" decoding=\"async\" width=\"770\" height=\"400\" data-id=\"9916\" src=\"https:\/\/serbischeszentrum.at\/wp-content\/uploads\/2018\/06\/21.-Svetosavski-bal7.webp\" alt=\"\" class=\"wp-image-9916\" srcset=\"https:\/\/serbischeszentrum.at\/wp-content\/uploads\/2018\/06\/21.-Svetosavski-bal7.webp 770w, https:\/\/serbischeszentrum.at\/wp-content\/uploads\/2018\/06\/21.-Svetosavski-bal7-300x156.webp 300w, https:\/\/serbischeszentrum.at\/wp-content\/uploads\/2018\/06\/21.-Svetosavski-bal7-768x399.webp 768w\" sizes=\"(max-width: 770px) 100vw, 770px\" \/><\/figure>\n\n\n\n<figure class=\"wp-block-image size-large\"><img loading=\"lazy\" decoding=\"async\" width=\"1020\" height=\"633\" data-id=\"9917\" src=\"https:\/\/serbischeszentrum.at\/wp-content\/uploads\/2018\/06\/21.-Svetosavski-bal8.webp\" alt=\"\" class=\"wp-image-9917\" srcset=\"https:\/\/serbischeszentrum.at\/wp-content\/uploads\/2018\/06\/21.-Svetosavski-bal8.webp 1020w, https:\/\/serbischeszentrum.at\/wp-content\/uploads\/2018\/06\/21.-Svetosavski-bal8-300x186.webp 300w, https:\/\/serbischeszentrum.at\/wp-content\/uploads\/2018\/06\/21.-Svetosavski-bal8-768x477.webp 768w\" sizes=\"(max-width: 1020px) 100vw, 1020px\" \/><\/figure>\n<\/figure>\n<\/div>\n","protected":false},"excerpt":{"rendered":"<p>Anl\u00e4sslich dieses Balls ver\u00f6ffentlichte das Serbische Zentrum die Monographie &#8222;20. Jahrestag des Heiliger Sava Balls in Wien&#8220;, eine Retrospektive der Wiener B\u00e4lle in j\u00fcngerer Zeit. Darin findet sich das gesammelte Archivmaterial und etliche Erinnerungen an die letzten 20 Heiliger Sava B\u00e4lle in Wien, welche zu einem Werk gebunden wurden.<\/p>\n","protected":false},"author":1,"featured_media":11876,"comment_status":"open","ping_status":"open","sticky":false,"template":"","format":"standard","meta":{"_acf_changed":false,"footnotes":""},"categories":[42],"tags":[],"class_list":["post-13717","post","type-post","status-publish","format-standard","has-post-thumbnail","hentry","category-savaball"],"acf":[],"yoast_head":"<!-- This site is optimized with the Yoast SEO plugin v27.4 - https:\/\/yoast.com\/product\/yoast-seo-wordpress\/ -->\n<title>21. Heiliger Sava Ball - Srpski centar<\/title>\n<meta name=\"robots\" content=\"index, follow, max-snippet:-1, max-image-preview:large, max-video-preview:-1\" \/>\n<link rel=\"canonical\" href=\"https:\/\/serbischeszentrum.at\/de\/21-heiliger-sava-ball\/\" \/>\n<meta property=\"og:locale\" content=\"de_DE\" \/>\n<meta property=\"og:type\" content=\"article\" \/>\n<meta property=\"og:title\" content=\"21. Heiliger Sava Ball - Srpski centar\" \/>\n<meta property=\"og:description\" content=\"Anl\u00e4sslich dieses Balls ver\u00f6ffentlichte das Serbische Zentrum die Monographie &quot;20. Jahrestag des Heiliger Sava Balls in Wien&quot;, eine Retrospektive der Wiener B\u00e4lle in j\u00fcngerer Zeit. Darin findet sich das gesammelte Archivmaterial und etliche Erinnerungen an die letzten 20 Heiliger Sava B\u00e4lle in Wien, welche zu einem Werk gebunden wurden.\" \/>\n<meta property=\"og:url\" content=\"https:\/\/serbischeszentrum.at\/de\/21-heiliger-sava-ball\/\" \/>\n<meta property=\"og:site_name\" content=\"Srpski centar\" \/>\n<meta property=\"article:publisher\" content=\"https:\/\/www.facebook.com\/serbischeszentrum\" \/>\n<meta property=\"article:published_time\" content=\"2018-06-25T15:56:00+00:00\" \/>\n<meta property=\"article:modified_time\" content=\"2022-07-25T17:17:55+00:00\" \/>\n<meta property=\"og:image\" content=\"https:\/\/serbischeszentrum.at\/wp-content\/uploads\/2022\/06\/1599496673624_svetosavski-bal-2018-10.jpg\" \/>\n\t<meta property=\"og:image:width\" content=\"1000\" \/>\n\t<meta property=\"og:image:height\" content=\"691\" \/>\n\t<meta property=\"og:image:type\" content=\"image\/jpeg\" \/>\n<meta name=\"author\" content=\"Jovan\" \/>\n<meta name=\"twitter:card\" content=\"summary_large_image\" \/>\n<meta name=\"twitter:label1\" content=\"Verfasst von\" \/>\n\t<meta name=\"twitter:data1\" content=\"Jovan\" \/>\n\t<meta name=\"twitter:label2\" content=\"Gesch\u00e4tzte Lesezeit\" \/>\n\t<meta name=\"twitter:data2\" content=\"2\u00a0Minuten\" \/>\n<script type=\"application\/ld+json\" class=\"yoast-schema-graph\">{\"@context\":\"https:\\\/\\\/schema.org\",\"@graph\":[{\"@type\":\"Article\",\"@id\":\"https:\\\/\\\/serbischeszentrum.at\\\/de\\\/21-heiliger-sava-ball\\\/#article\",\"isPartOf\":{\"@id\":\"https:\\\/\\\/serbischeszentrum.at\\\/de\\\/21-heiliger-sava-ball\\\/\"},\"author\":{\"name\":\"Jovan\",\"@id\":\"https:\\\/\\\/serbischeszentrum.at\\\/de\\\/#\\\/schema\\\/person\\\/8e729006f685e411cdc165f7963682e4\"},\"headline\":\"21. Heiliger Sava Ball\",\"datePublished\":\"2018-06-25T15:56:00+00:00\",\"dateModified\":\"2022-07-25T17:17:55+00:00\",\"mainEntityOfPage\":{\"@id\":\"https:\\\/\\\/serbischeszentrum.at\\\/de\\\/21-heiliger-sava-ball\\\/\"},\"wordCount\":456,\"commentCount\":0,\"publisher\":{\"@id\":\"https:\\\/\\\/serbischeszentrum.at\\\/de\\\/#organization\"},\"image\":{\"@id\":\"https:\\\/\\\/serbischeszentrum.at\\\/de\\\/21-heiliger-sava-ball\\\/#primaryimage\"},\"thumbnailUrl\":\"https:\\\/\\\/serbischeszentrum.at\\\/wp-content\\\/uploads\\\/2022\\\/06\\\/1599496673624_svetosavski-bal-2018-10.jpg\",\"articleSection\":[\"Savaball\"],\"inLanguage\":\"de\",\"potentialAction\":[{\"@type\":\"CommentAction\",\"name\":\"Comment\",\"target\":[\"https:\\\/\\\/serbischeszentrum.at\\\/de\\\/21-heiliger-sava-ball\\\/#respond\"]}]},{\"@type\":\"WebPage\",\"@id\":\"https:\\\/\\\/serbischeszentrum.at\\\/de\\\/21-heiliger-sava-ball\\\/\",\"url\":\"https:\\\/\\\/serbischeszentrum.at\\\/de\\\/21-heiliger-sava-ball\\\/\",\"name\":\"21. Heiliger Sava Ball - Srpski centar\",\"isPartOf\":{\"@id\":\"https:\\\/\\\/serbischeszentrum.at\\\/de\\\/#website\"},\"primaryImageOfPage\":{\"@id\":\"https:\\\/\\\/serbischeszentrum.at\\\/de\\\/21-heiliger-sava-ball\\\/#primaryimage\"},\"image\":{\"@id\":\"https:\\\/\\\/serbischeszentrum.at\\\/de\\\/21-heiliger-sava-ball\\\/#primaryimage\"},\"thumbnailUrl\":\"https:\\\/\\\/serbischeszentrum.at\\\/wp-content\\\/uploads\\\/2022\\\/06\\\/1599496673624_svetosavski-bal-2018-10.jpg\",\"datePublished\":\"2018-06-25T15:56:00+00:00\",\"dateModified\":\"2022-07-25T17:17:55+00:00\",\"breadcrumb\":{\"@id\":\"https:\\\/\\\/serbischeszentrum.at\\\/de\\\/21-heiliger-sava-ball\\\/#breadcrumb\"},\"inLanguage\":\"de\",\"potentialAction\":[{\"@type\":\"ReadAction\",\"target\":[\"https:\\\/\\\/serbischeszentrum.at\\\/de\\\/21-heiliger-sava-ball\\\/\"]}]},{\"@type\":\"ImageObject\",\"inLanguage\":\"de\",\"@id\":\"https:\\\/\\\/serbischeszentrum.at\\\/de\\\/21-heiliger-sava-ball\\\/#primaryimage\",\"url\":\"https:\\\/\\\/serbischeszentrum.at\\\/wp-content\\\/uploads\\\/2022\\\/06\\\/1599496673624_svetosavski-bal-2018-10.jpg\",\"contentUrl\":\"https:\\\/\\\/serbischeszentrum.at\\\/wp-content\\\/uploads\\\/2022\\\/06\\\/1599496673624_svetosavski-bal-2018-10.jpg\",\"width\":1000,\"height\":691},{\"@type\":\"BreadcrumbList\",\"@id\":\"https:\\\/\\\/serbischeszentrum.at\\\/de\\\/21-heiliger-sava-ball\\\/#breadcrumb\",\"itemListElement\":[{\"@type\":\"ListItem\",\"position\":1,\"name\":\"Home\",\"item\":\"https:\\\/\\\/serbischeszentrum.at\\\/de\\\/\"},{\"@type\":\"ListItem\",\"position\":2,\"name\":\"21. Heiliger Sava Ball\"}]},{\"@type\":\"WebSite\",\"@id\":\"https:\\\/\\\/serbischeszentrum.at\\\/de\\\/#website\",\"url\":\"https:\\\/\\\/serbischeszentrum.at\\\/de\\\/\",\"name\":\"Srpski centar\",\"description\":\"Platforma dru\u0161tvenih i kulturnih inicijativa\",\"publisher\":{\"@id\":\"https:\\\/\\\/serbischeszentrum.at\\\/de\\\/#organization\"},\"potentialAction\":[{\"@type\":\"SearchAction\",\"target\":{\"@type\":\"EntryPoint\",\"urlTemplate\":\"https:\\\/\\\/serbischeszentrum.at\\\/de\\\/?s={search_term_string}\"},\"query-input\":{\"@type\":\"PropertyValueSpecification\",\"valueRequired\":true,\"valueName\":\"search_term_string\"}}],\"inLanguage\":\"de\"},{\"@type\":\"Organization\",\"@id\":\"https:\\\/\\\/serbischeszentrum.at\\\/de\\\/#organization\",\"name\":\"Serbishes Zentrum\",\"alternateName\":\"Srpski Centar\",\"url\":\"https:\\\/\\\/serbischeszentrum.at\\\/de\\\/\",\"logo\":{\"@type\":\"ImageObject\",\"inLanguage\":\"de\",\"@id\":\"https:\\\/\\\/serbischeszentrum.at\\\/de\\\/#\\\/schema\\\/logo\\\/image\\\/\",\"url\":\"https:\\\/\\\/serbischeszentrum.at\\\/wp-content\\\/uploads\\\/2022\\\/09\\\/srpski-centar-logo-kruzni.jpg\",\"contentUrl\":\"https:\\\/\\\/serbischeszentrum.at\\\/wp-content\\\/uploads\\\/2022\\\/09\\\/srpski-centar-logo-kruzni.jpg\",\"width\":1000,\"height\":1000,\"caption\":\"Serbishes Zentrum\"},\"image\":{\"@id\":\"https:\\\/\\\/serbischeszentrum.at\\\/de\\\/#\\\/schema\\\/logo\\\/image\\\/\"},\"sameAs\":[\"https:\\\/\\\/www.facebook.com\\\/serbischeszentrum\",\"https:\\\/\\\/www.instagram.com\\\/serbischeszentrum\\\/\"]},{\"@type\":\"Person\",\"@id\":\"https:\\\/\\\/serbischeszentrum.at\\\/de\\\/#\\\/schema\\\/person\\\/8e729006f685e411cdc165f7963682e4\",\"name\":\"Jovan\",\"image\":{\"@type\":\"ImageObject\",\"inLanguage\":\"de\",\"@id\":\"https:\\\/\\\/secure.gravatar.com\\\/avatar\\\/10370f1dc9d2d41dac697fdb1f91e164fb897f8db027d8028cc267128c7bcb61?s=96&d=mm&r=g\",\"url\":\"https:\\\/\\\/secure.gravatar.com\\\/avatar\\\/10370f1dc9d2d41dac697fdb1f91e164fb897f8db027d8028cc267128c7bcb61?s=96&d=mm&r=g\",\"contentUrl\":\"https:\\\/\\\/secure.gravatar.com\\\/avatar\\\/10370f1dc9d2d41dac697fdb1f91e164fb897f8db027d8028cc267128c7bcb61?s=96&d=mm&r=g\",\"caption\":\"Jovan\"},\"sameAs\":[\"https:\\\/\\\/serbischeszentrum.at\"],\"url\":\"https:\\\/\\\/serbischeszentrum.at\\\/de\\\/author\\\/admin\\\/\"}]}<\/script>\n<!-- \/ Yoast SEO plugin. -->","yoast_head_json":{"title":"21. Heiliger Sava Ball - Srpski centar","robots":{"index":"index","follow":"follow","max-snippet":"max-snippet:-1","max-image-preview":"max-image-preview:large","max-video-preview":"max-video-preview:-1"},"canonical":"https:\/\/serbischeszentrum.at\/de\/21-heiliger-sava-ball\/","og_locale":"de_DE","og_type":"article","og_title":"21. Heiliger Sava Ball - Srpski centar","og_description":"Anl\u00e4sslich dieses Balls ver\u00f6ffentlichte das Serbische Zentrum die Monographie \"20. Jahrestag des Heiliger Sava Balls in Wien\", eine Retrospektive der Wiener B\u00e4lle in j\u00fcngerer Zeit. Darin findet sich das gesammelte Archivmaterial und etliche Erinnerungen an die letzten 20 Heiliger Sava B\u00e4lle in Wien, welche zu einem Werk gebunden wurden.","og_url":"https:\/\/serbischeszentrum.at\/de\/21-heiliger-sava-ball\/","og_site_name":"Srpski centar","article_publisher":"https:\/\/www.facebook.com\/serbischeszentrum","article_published_time":"2018-06-25T15:56:00+00:00","article_modified_time":"2022-07-25T17:17:55+00:00","og_image":[{"width":1000,"height":691,"url":"https:\/\/serbischeszentrum.at\/wp-content\/uploads\/2022\/06\/1599496673624_svetosavski-bal-2018-10.jpg","type":"image\/jpeg"}],"author":"Jovan","twitter_card":"summary_large_image","twitter_misc":{"Verfasst von":"Jovan","Gesch\u00e4tzte Lesezeit":"2\u00a0Minuten"},"schema":{"@context":"https:\/\/schema.org","@graph":[{"@type":"Article","@id":"https:\/\/serbischeszentrum.at\/de\/21-heiliger-sava-ball\/#article","isPartOf":{"@id":"https:\/\/serbischeszentrum.at\/de\/21-heiliger-sava-ball\/"},"author":{"name":"Jovan","@id":"https:\/\/serbischeszentrum.at\/de\/#\/schema\/person\/8e729006f685e411cdc165f7963682e4"},"headline":"21. Heiliger Sava Ball","datePublished":"2018-06-25T15:56:00+00:00","dateModified":"2022-07-25T17:17:55+00:00","mainEntityOfPage":{"@id":"https:\/\/serbischeszentrum.at\/de\/21-heiliger-sava-ball\/"},"wordCount":456,"commentCount":0,"publisher":{"@id":"https:\/\/serbischeszentrum.at\/de\/#organization"},"image":{"@id":"https:\/\/serbischeszentrum.at\/de\/21-heiliger-sava-ball\/#primaryimage"},"thumbnailUrl":"https:\/\/serbischeszentrum.at\/wp-content\/uploads\/2022\/06\/1599496673624_svetosavski-bal-2018-10.jpg","articleSection":["Savaball"],"inLanguage":"de","potentialAction":[{"@type":"CommentAction","name":"Comment","target":["https:\/\/serbischeszentrum.at\/de\/21-heiliger-sava-ball\/#respond"]}]},{"@type":"WebPage","@id":"https:\/\/serbischeszentrum.at\/de\/21-heiliger-sava-ball\/","url":"https:\/\/serbischeszentrum.at\/de\/21-heiliger-sava-ball\/","name":"21. Heiliger Sava Ball - Srpski centar","isPartOf":{"@id":"https:\/\/serbischeszentrum.at\/de\/#website"},"primaryImageOfPage":{"@id":"https:\/\/serbischeszentrum.at\/de\/21-heiliger-sava-ball\/#primaryimage"},"image":{"@id":"https:\/\/serbischeszentrum.at\/de\/21-heiliger-sava-ball\/#primaryimage"},"thumbnailUrl":"https:\/\/serbischeszentrum.at\/wp-content\/uploads\/2022\/06\/1599496673624_svetosavski-bal-2018-10.jpg","datePublished":"2018-06-25T15:56:00+00:00","dateModified":"2022-07-25T17:17:55+00:00","breadcrumb":{"@id":"https:\/\/serbischeszentrum.at\/de\/21-heiliger-sava-ball\/#breadcrumb"},"inLanguage":"de","potentialAction":[{"@type":"ReadAction","target":["https:\/\/serbischeszentrum.at\/de\/21-heiliger-sava-ball\/"]}]},{"@type":"ImageObject","inLanguage":"de","@id":"https:\/\/serbischeszentrum.at\/de\/21-heiliger-sava-ball\/#primaryimage","url":"https:\/\/serbischeszentrum.at\/wp-content\/uploads\/2022\/06\/1599496673624_svetosavski-bal-2018-10.jpg","contentUrl":"https:\/\/serbischeszentrum.at\/wp-content\/uploads\/2022\/06\/1599496673624_svetosavski-bal-2018-10.jpg","width":1000,"height":691},{"@type":"BreadcrumbList","@id":"https:\/\/serbischeszentrum.at\/de\/21-heiliger-sava-ball\/#breadcrumb","itemListElement":[{"@type":"ListItem","position":1,"name":"Home","item":"https:\/\/serbischeszentrum.at\/de\/"},{"@type":"ListItem","position":2,"name":"21. Heiliger Sava Ball"}]},{"@type":"WebSite","@id":"https:\/\/serbischeszentrum.at\/de\/#website","url":"https:\/\/serbischeszentrum.at\/de\/","name":"Srpski centar","description":"Platforma dru\u0161tvenih i kulturnih inicijativa","publisher":{"@id":"https:\/\/serbischeszentrum.at\/de\/#organization"},"potentialAction":[{"@type":"SearchAction","target":{"@type":"EntryPoint","urlTemplate":"https:\/\/serbischeszentrum.at\/de\/?s={search_term_string}"},"query-input":{"@type":"PropertyValueSpecification","valueRequired":true,"valueName":"search_term_string"}}],"inLanguage":"de"},{"@type":"Organization","@id":"https:\/\/serbischeszentrum.at\/de\/#organization","name":"Serbishes Zentrum","alternateName":"Srpski Centar","url":"https:\/\/serbischeszentrum.at\/de\/","logo":{"@type":"ImageObject","inLanguage":"de","@id":"https:\/\/serbischeszentrum.at\/de\/#\/schema\/logo\/image\/","url":"https:\/\/serbischeszentrum.at\/wp-content\/uploads\/2022\/09\/srpski-centar-logo-kruzni.jpg","contentUrl":"https:\/\/serbischeszentrum.at\/wp-content\/uploads\/2022\/09\/srpski-centar-logo-kruzni.jpg","width":1000,"height":1000,"caption":"Serbishes Zentrum"},"image":{"@id":"https:\/\/serbischeszentrum.at\/de\/#\/schema\/logo\/image\/"},"sameAs":["https:\/\/www.facebook.com\/serbischeszentrum","https:\/\/www.instagram.com\/serbischeszentrum\/"]},{"@type":"Person","@id":"https:\/\/serbischeszentrum.at\/de\/#\/schema\/person\/8e729006f685e411cdc165f7963682e4","name":"Jovan","image":{"@type":"ImageObject","inLanguage":"de","@id":"https:\/\/secure.gravatar.com\/avatar\/10370f1dc9d2d41dac697fdb1f91e164fb897f8db027d8028cc267128c7bcb61?s=96&d=mm&r=g","url":"https:\/\/secure.gravatar.com\/avatar\/10370f1dc9d2d41dac697fdb1f91e164fb897f8db027d8028cc267128c7bcb61?s=96&d=mm&r=g","contentUrl":"https:\/\/secure.gravatar.com\/avatar\/10370f1dc9d2d41dac697fdb1f91e164fb897f8db027d8028cc267128c7bcb61?s=96&d=mm&r=g","caption":"Jovan"},"sameAs":["https:\/\/serbischeszentrum.at"],"url":"https:\/\/serbischeszentrum.at\/de\/author\/admin\/"}]}},"_links":{"self":[{"href":"https:\/\/serbischeszentrum.at\/de\/wp-json\/wp\/v2\/posts\/13717","targetHints":{"allow":["GET"]}}],"collection":[{"href":"https:\/\/serbischeszentrum.at\/de\/wp-json\/wp\/v2\/posts"}],"about":[{"href":"https:\/\/serbischeszentrum.at\/de\/wp-json\/wp\/v2\/types\/post"}],"author":[{"embeddable":true,"href":"https:\/\/serbischeszentrum.at\/de\/wp-json\/wp\/v2\/users\/1"}],"replies":[{"embeddable":true,"href":"https:\/\/serbischeszentrum.at\/de\/wp-json\/wp\/v2\/comments?post=13717"}],"version-history":[{"count":0,"href":"https:\/\/serbischeszentrum.at\/de\/wp-json\/wp\/v2\/posts\/13717\/revisions"}],"wp:featuredmedia":[{"embeddable":true,"href":"https:\/\/serbischeszentrum.at\/de\/wp-json\/wp\/v2\/media\/11876"}],"wp:attachment":[{"href":"https:\/\/serbischeszentrum.at\/de\/wp-json\/wp\/v2\/media?parent=13717"}],"wp:term":[{"taxonomy":"category","embeddable":true,"href":"https:\/\/serbischeszentrum.at\/de\/wp-json\/wp\/v2\/categories?post=13717"},{"taxonomy":"post_tag","embeddable":true,"href":"https:\/\/serbischeszentrum.at\/de\/wp-json\/wp\/v2\/tags?post=13717"}],"curies":[{"name":"wp","href":"https:\/\/api.w.org\/{rel}","templated":true}]}}